{"id":1257668,"date":"2019-07-11T00:00:00","date_gmt":"2019-07-10T22:00:00","guid":{"rendered":"https:\/\/www.interiman-group.ch\/interiman-group-gibt-ueberzeugende-halbjahres-resultate-bekannt-eroeffnet-neue-filialen-und-gruendet-tochtergesellschaften\/"},"modified":"2023-01-06T11:13:27","modified_gmt":"2023-01-06T10:13:27","slug":"interiman-group-gibt-ueberzeugende-halbjahres-resultate-bekannt-eroeffnet-neue-filialen-und-gruendet-tochtergesellschaften","status":"publish","type":"post","link":"https:\/\/www.interiman-group.ch\/de\/interiman-group-gibt-ueberzeugende-halbjahres-resultate-bekannt-eroeffnet-neue-filialen-und-gruendet-tochtergesellschaften\/","title":{"rendered":"Interiman Group gibt \u00fcberzeugende Halbjahres-Resultate bekannt, er\u00f6ffnet neue Filialen und gr\u00fcndet Tochtergesellschaften"},"content":{"rendered":"\n<p><strong>Lausanne, 11. Juli 2019 &#8211;<\/strong> Die Interiman Group, die f\u00fchrende Zeitarbeitsfirma in der Westschweiz und Drittplatzierte in der gesamten Schweiz, gibt ausgezeichnete Halbjahres-Ergebnisse f\u00fcr das erste Halbjahr 2019 bekannt. Das Gesch\u00e4ftsvolumen der Gruppe betr\u00e4gt neu CHF 165 Mio. Das entspricht einer Steigerung von 10,4% gegen\u00fcber dem gleichen Zeitraum 2018. &#8222;Wir sind mit dieser Entwicklung umso zufriedener, als der Schweizer Zeitarbeitsmarkt laut Realisator-Index um -3,7% gesunken ist&#8220;, <strong>sagt Robin Gordon, CEO der Interiman Group.<\/strong><\/p>\n\n\n\n<p>Die Interiman Group und alle ihre Tochtergesellschaften sind seit kurzem auch ISO 45001 zertifiziert: &#8222;Diese Zertifizierung best\u00e4tigt unser Engagement, die Sicherheit unserer internen und externen Mitarbeiter kontinuierlich zu verbessern, Risiken am Arbeitsplatz zu reduzieren und bessere und sicherere Arbeitsbedingungen zu schaffen&#8220;, erl\u00e4utert <strong>Raymond Knigge, Pr\u00e4sident und Gr\u00fcnder der Interiman Group.<\/strong><\/p>\n\n\n\n<p>Dieses ISO-Zertifikat erg\u00e4nzt die bereits vorhandenen. Die Gruppe durchlief bereits Evaluationen gem\u00e4ss den Standards ISO 9001 (Qualit\u00e4tsmanagement) und ISO 14001 (Politik der nachhaltigen Entwicklung). &#8222;Unserer Kenntnis nach sind wir die einzige in der Schweiz t\u00e4tige Organisation der Branche, die \u00fcber diese drei ISO-Zertifizierungen verf\u00fcgt, auf die wir sehr stolz sind&#8220;, erg\u00e4nzt <strong>Raymond Knigge.<\/strong><\/p>\n\n\n\n<p><strong>Neue Filialen und Tochtergesellschaften in Planung<\/strong><\/p>\n\n\n\n<p>Neben der Er\u00f6ffnung von zwei neuen Niederlassungen im Fr\u00fchjahr 2019 (Nyon und Montreux) plant die Interiman Group in naher Zukunft die Er\u00f6ffnung eines B\u00fcros in St. Gallen, womit die Zahl der Niederlassungen auf 65 steigt.<\/p>\n\n\n\n<p>Die Gruppe wird in K\u00fcrze zwei neue Tochtergesellschaften gr\u00fcnden: die auf Lohntr\u00e4gerschaft spezialisierte Swiss Payroll Services SA und die Syentec SA, die sich ausschliesslich auf die Rekrutierung und Vermittlung von hochqualifizierten Fachkr\u00e4ften im Life-Science- und Engineering-Bereich konzentrieren wird.<\/p>\n\n\n\n<p>&#8222;Diese beiden neuen Tochtergesellschaften werden unser Angebot an Personaldienstleistungen erg\u00e4nzen. Gleichzeitig st\u00e4rken sie unsere Positionierung als globaler Personaldienstleister. Mit unserem Ansatz \u201eRH360\u201c decken wir alle HR-Bed\u00fcrfnisse von Unternehmen ab und bieten Dienstleistungen \u00fcber den gesamten Lebenszyklus der Mitarbeiter, von der Bindung (Rekrutierung) \u00fcber die Entwicklung (Coaching und Weiterbildung) bis hin zum Karrierewandel (Beratung und Outplacement)&#8220;, <strong>meint Robin Gordon.<\/strong><\/p>\n","protected":false},"excerpt":{"rendered":"<p>Lausanne, 11. Juli 2019 &#8211; Die Interiman Group, die f\u00fchrende Zeitarbeitsfirma in der Westschweiz und Drittplatzierte in der gesamten Schweiz, gibt ausgezeichnete Halbjahres-Ergebnisse f\u00fcr das erste Halbjahr 2019 bekannt. Das Gesch\u00e4ftsvolumen der Gruppe betr\u00e4gt neu CHF 165 Mio. Das entspricht einer Steigerung von 10,4% gegen\u00fcber dem gleichen Zeitraum 2018. &#8222;Wir sind mit dieser Entwicklung umso [&#8230;]<\/p>\n<p><a class=\"btn btn-secondary understrap-read-more-link\" href=\"https:\/\/www.interiman-group.ch\/de\/interiman-group-gibt-ueberzeugende-halbjahres-resultate-bekannt-eroeffnet-neue-filialen-und-gruendet-tochtergesellschaften\/\">Weiterlesen&#8230;<span class=\"screen-reader-text\"> from Interiman Group gibt \u00fcberzeugende Halbjahres-Resultate bekannt, er\u00f6ffnet neue Filialen und gr\u00fcndet Tochtergesellschaften<\/span><\/a><\/p>\n","protected":false},"author":3,"featured_media":1257735,"comment_status":"closed","ping_status":"open","sticky":false,"template":"","format":"standard","meta":{"_monsterinsights_skip_tracking":false,"_monsterinsights_sitenote_active":false,"_monsterinsights_sitenote_note":"","_monsterinsights_sitenote_category":0,"footnotes":""},"categories":[122],"tags":[152],"class_list":["post-1257668","post","type-post","status-publish","format-standard","has-post-thumbnail","hentry","category-communiques-de","tag-igs-de"],"yoast_head":"<!-- This site is optimized with the Yoast SEO plugin v26.9 - https:\/\/yoast.com\/product\/yoast-seo-wordpress\/ -->\n<title>Interiman Group gibt \u00fcberzeugende Halbjahres-Resultate bekannt, er\u00f6ffnet neue Filialen und gr\u00fcndet Tochtergesellschaften - Interiman Group<\/title>\n<meta name=\"robots\" content=\"index, follow, max-snippet:-1, max-image-preview:large, max-video-preview:-1\" \/>\n<link rel=\"canonical\" href=\"https:\/\/www.interiman-group.ch\/de\/interiman-group-gibt-ueberzeugende-halbjahres-resultate-bekannt-eroeffnet-neue-filialen-und-gruendet-tochtergesellschaften\/\" \/>\n<meta property=\"og:locale\" content=\"de_DE\" \/>\n<meta property=\"og:type\" content=\"article\" \/>\n<meta property=\"og:title\" content=\"Interiman Group gibt \u00fcberzeugende Halbjahres-Resultate bekannt, er\u00f6ffnet neue Filialen und gr\u00fcndet Tochtergesellschaften - Interiman Group\" \/>\n<meta property=\"og:description\" content=\"Lausanne, 11. Juli 2019 &#8211; Die Interiman Group, die f\u00fchrende Zeitarbeitsfirma in der Westschweiz und Drittplatzierte in der gesamten Schweiz, gibt ausgezeichnete Halbjahres-Ergebnisse f\u00fcr das erste Halbjahr 2019 bekannt. Das Gesch\u00e4ftsvolumen der Gruppe betr\u00e4gt neu CHF 165 Mio. Das entspricht einer Steigerung von 10,4% gegen\u00fcber dem gleichen Zeitraum 2018. &#8222;Wir sind mit dieser Entwicklung umso [...]Weiterlesen... from Interiman Group gibt \u00fcberzeugende Halbjahres-Resultate bekannt, er\u00f6ffnet neue Filialen und gr\u00fcndet Tochtergesellschaften\" \/>\n<meta property=\"og:url\" content=\"https:\/\/www.interiman-group.ch\/de\/interiman-group-gibt-ueberzeugende-halbjahres-resultate-bekannt-eroeffnet-neue-filialen-und-gruendet-tochtergesellschaften\/\" \/>\n<meta property=\"og:site_name\" content=\"Interiman Group\" \/>\n<meta property=\"article:publisher\" content=\"https:\/\/www.facebook.com\/Medicalis-1737325559702106\/\" \/>\n<meta property=\"article:published_time\" content=\"2019-07-10T22:00:00+00:00\" \/>\n<meta property=\"article:modified_time\" content=\"2023-01-06T10:13:27+00:00\" \/>\n<meta property=\"og:image\" content=\"https:\/\/www.interiman-group.ch\/wp-content\/uploads\/2022\/11\/istock-fond-1.jpg\" \/>\n\t<meta property=\"og:image:width\" content=\"600\" \/>\n\t<meta property=\"og:image:height\" content=\"400\" \/>\n\t<meta property=\"og:image:type\" content=\"image\/jpeg\" \/>\n<meta name=\"author\" content=\"mabbet\" \/>\n<meta name=\"twitter:card\" content=\"summary_large_image\" \/>\n<meta name=\"twitter:label1\" content=\"Verfasst von\" \/>\n\t<meta name=\"twitter:data1\" content=\"mabbet\" \/>\n\t<meta name=\"twitter:label2\" content=\"Gesch\u00e4tzte Lesezeit\" \/>\n\t<meta name=\"twitter:data2\" content=\"2\u00a0Minuten\" \/>\n<script type=\"application\/ld+json\" class=\"yoast-schema-graph\">{\"@context\":\"https:\/\/schema.org\",\"@graph\":[{\"@type\":\"Article\",\"@id\":\"https:\/\/www.interiman-group.ch\/de\/interiman-group-gibt-ueberzeugende-halbjahres-resultate-bekannt-eroeffnet-neue-filialen-und-gruendet-tochtergesellschaften\/#article\",\"isPartOf\":{\"@id\":\"https:\/\/www.interiman-group.ch\/de\/interiman-group-gibt-ueberzeugende-halbjahres-resultate-bekannt-eroeffnet-neue-filialen-und-gruendet-tochtergesellschaften\/\"},\"author\":{\"name\":\"mabbet\",\"@id\":\"https:\/\/www.interiman-group.ch\/de\/#\/schema\/person\/6d4536c0fadd9a53bb7844aa8bc173de\"},\"headline\":\"Interiman Group gibt \u00fcberzeugende Halbjahres-Resultate bekannt, er\u00f6ffnet neue Filialen und gr\u00fcndet Tochtergesellschaften\",\"datePublished\":\"2019-07-10T22:00:00+00:00\",\"dateModified\":\"2023-01-06T10:13:27+00:00\",\"mainEntityOfPage\":{\"@id\":\"https:\/\/www.interiman-group.ch\/de\/interiman-group-gibt-ueberzeugende-halbjahres-resultate-bekannt-eroeffnet-neue-filialen-und-gruendet-tochtergesellschaften\/\"},\"wordCount\":342,\"publisher\":{\"@id\":\"https:\/\/www.interiman-group.ch\/de\/#organization\"},\"image\":{\"@id\":\"https:\/\/www.interiman-group.ch\/de\/interiman-group-gibt-ueberzeugende-halbjahres-resultate-bekannt-eroeffnet-neue-filialen-und-gruendet-tochtergesellschaften\/#primaryimage\"},\"thumbnailUrl\":\"https:\/\/www.interiman-group.ch\/wp-content\/uploads\/2022\/11\/istock-fond-1.jpg\",\"keywords\":[\"Interiman Group\"],\"articleSection\":[\"Pressemitteilungen\"],\"inLanguage\":\"de\"},{\"@type\":\"WebPage\",\"@id\":\"https:\/\/www.interiman-group.ch\/de\/interiman-group-gibt-ueberzeugende-halbjahres-resultate-bekannt-eroeffnet-neue-filialen-und-gruendet-tochtergesellschaften\/\",\"url\":\"https:\/\/www.interiman-group.ch\/de\/interiman-group-gibt-ueberzeugende-halbjahres-resultate-bekannt-eroeffnet-neue-filialen-und-gruendet-tochtergesellschaften\/\",\"name\":\"Interiman Group gibt \u00fcberzeugende Halbjahres-Resultate bekannt, er\u00f6ffnet neue Filialen und gr\u00fcndet Tochtergesellschaften - Interiman Group\",\"isPartOf\":{\"@id\":\"https:\/\/www.interiman-group.ch\/de\/#website\"},\"primaryImageOfPage\":{\"@id\":\"https:\/\/www.interiman-group.ch\/de\/interiman-group-gibt-ueberzeugende-halbjahres-resultate-bekannt-eroeffnet-neue-filialen-und-gruendet-tochtergesellschaften\/#primaryimage\"},\"image\":{\"@id\":\"https:\/\/www.interiman-group.ch\/de\/interiman-group-gibt-ueberzeugende-halbjahres-resultate-bekannt-eroeffnet-neue-filialen-und-gruendet-tochtergesellschaften\/#primaryimage\"},\"thumbnailUrl\":\"https:\/\/www.interiman-group.ch\/wp-content\/uploads\/2022\/11\/istock-fond-1.jpg\",\"datePublished\":\"2019-07-10T22:00:00+00:00\",\"dateModified\":\"2023-01-06T10:13:27+00:00\",\"breadcrumb\":{\"@id\":\"https:\/\/www.interiman-group.ch\/de\/interiman-group-gibt-ueberzeugende-halbjahres-resultate-bekannt-eroeffnet-neue-filialen-und-gruendet-tochtergesellschaften\/#breadcrumb\"},\"inLanguage\":\"de\",\"potentialAction\":[{\"@type\":\"ReadAction\",\"target\":[\"https:\/\/www.interiman-group.ch\/de\/interiman-group-gibt-ueberzeugende-halbjahres-resultate-bekannt-eroeffnet-neue-filialen-und-gruendet-tochtergesellschaften\/\"]}]},{\"@type\":\"ImageObject\",\"inLanguage\":\"de\",\"@id\":\"https:\/\/www.interiman-group.ch\/de\/interiman-group-gibt-ueberzeugende-halbjahres-resultate-bekannt-eroeffnet-neue-filialen-und-gruendet-tochtergesellschaften\/#primaryimage\",\"url\":\"https:\/\/www.interiman-group.ch\/wp-content\/uploads\/2022\/11\/istock-fond-1.jpg\",\"contentUrl\":\"https:\/\/www.interiman-group.ch\/wp-content\/uploads\/2022\/11\/istock-fond-1.jpg\",\"width\":600,\"height\":400},{\"@type\":\"BreadcrumbList\",\"@id\":\"https:\/\/www.interiman-group.ch\/de\/interiman-group-gibt-ueberzeugende-halbjahres-resultate-bekannt-eroeffnet-neue-filialen-und-gruendet-tochtergesellschaften\/#breadcrumb\",\"itemListElement\":[{\"@type\":\"ListItem\",\"position\":1,\"name\":\"Accueil\",\"item\":\"https:\/\/www.interiman-group.ch\/de\/\"},{\"@type\":\"ListItem\",\"position\":2,\"name\":\"Interiman Group gibt \u00fcberzeugende Halbjahres-Resultate bekannt, er\u00f6ffnet neue Filialen und gr\u00fcndet Tochtergesellschaften\"}]},{\"@type\":\"WebSite\",\"@id\":\"https:\/\/www.interiman-group.ch\/de\/#website\",\"url\":\"https:\/\/www.interiman-group.ch\/de\/\",\"name\":\"Interiman Group\",\"description\":\"\",\"publisher\":{\"@id\":\"https:\/\/www.interiman-group.ch\/de\/#organization\"},\"potentialAction\":[{\"@type\":\"SearchAction\",\"target\":{\"@type\":\"EntryPoint\",\"urlTemplate\":\"https:\/\/www.interiman-group.ch\/de\/?s={search_term_string}\"},\"query-input\":{\"@type\":\"PropertyValueSpecification\",\"valueRequired\":true,\"valueName\":\"search_term_string\"}}],\"inLanguage\":\"de\"},{\"@type\":\"Organization\",\"@id\":\"https:\/\/www.interiman-group.ch\/de\/#organization\",\"name\":\"Interiman Group\",\"url\":\"https:\/\/www.interiman-group.ch\/de\/\",\"logo\":{\"@type\":\"ImageObject\",\"inLanguage\":\"de\",\"@id\":\"https:\/\/www.interiman-group.ch\/de\/#\/schema\/logo\/image\/\",\"url\":\"https:\/\/www.interiman-group.ch\/wp-content\/uploads\/2022\/10\/igs-nav.png\",\"contentUrl\":\"https:\/\/www.interiman-group.ch\/wp-content\/uploads\/2022\/10\/igs-nav.png\",\"width\":157,\"height\":62,\"caption\":\"Interiman Group\"},\"image\":{\"@id\":\"https:\/\/www.interiman-group.ch\/de\/#\/schema\/logo\/image\/\"},\"sameAs\":[\"https:\/\/www.facebook.com\/Medicalis-1737325559702106\/\",\"https:\/\/www.linkedin.com\/company\/19057976\/\"]},{\"@type\":\"Person\",\"@id\":\"https:\/\/www.interiman-group.ch\/de\/#\/schema\/person\/6d4536c0fadd9a53bb7844aa8bc173de\",\"name\":\"mabbet\",\"image\":{\"@type\":\"ImageObject\",\"inLanguage\":\"de\",\"@id\":\"https:\/\/www.interiman-group.ch\/de\/#\/schema\/person\/image\/\",\"url\":\"https:\/\/secure.gravatar.com\/avatar\/c9b8558dd936c0aabcc45d180fce99dccde96ff74ab27f8bbd6345c035cac21d?s=96&d=mm&r=g\",\"contentUrl\":\"https:\/\/secure.gravatar.com\/avatar\/c9b8558dd936c0aabcc45d180fce99dccde96ff74ab27f8bbd6345c035cac21d?s=96&d=mm&r=g\",\"caption\":\"mabbet\"},\"url\":\"https:\/\/www.interiman-group.ch\/de\/author\/mabbet\/\"}]}<\/script>\n<!-- \/ Yoast SEO plugin. -->","yoast_head_json":{"title":"Interiman Group gibt \u00fcberzeugende Halbjahres-Resultate bekannt, er\u00f6ffnet neue Filialen und gr\u00fcndet Tochtergesellschaften - Interiman Group","robots":{"index":"index","follow":"follow","max-snippet":"max-snippet:-1","max-image-preview":"max-image-preview:large","max-video-preview":"max-video-preview:-1"},"canonical":"https:\/\/www.interiman-group.ch\/de\/interiman-group-gibt-ueberzeugende-halbjahres-resultate-bekannt-eroeffnet-neue-filialen-und-gruendet-tochtergesellschaften\/","og_locale":"de_DE","og_type":"article","og_title":"Interiman Group gibt \u00fcberzeugende Halbjahres-Resultate bekannt, er\u00f6ffnet neue Filialen und gr\u00fcndet Tochtergesellschaften - Interiman Group","og_description":"Lausanne, 11. Juli 2019 &#8211; Die Interiman Group, die f\u00fchrende Zeitarbeitsfirma in der Westschweiz und Drittplatzierte in der gesamten Schweiz, gibt ausgezeichnete Halbjahres-Ergebnisse f\u00fcr das erste Halbjahr 2019 bekannt. Das Gesch\u00e4ftsvolumen der Gruppe betr\u00e4gt neu CHF 165 Mio. Das entspricht einer Steigerung von 10,4% gegen\u00fcber dem gleichen Zeitraum 2018. &#8222;Wir sind mit dieser Entwicklung umso [...]Weiterlesen... from Interiman Group gibt \u00fcberzeugende Halbjahres-Resultate bekannt, er\u00f6ffnet neue Filialen und gr\u00fcndet Tochtergesellschaften","og_url":"https:\/\/www.interiman-group.ch\/de\/interiman-group-gibt-ueberzeugende-halbjahres-resultate-bekannt-eroeffnet-neue-filialen-und-gruendet-tochtergesellschaften\/","og_site_name":"Interiman Group","article_publisher":"https:\/\/www.facebook.com\/Medicalis-1737325559702106\/","article_published_time":"2019-07-10T22:00:00+00:00","article_modified_time":"2023-01-06T10:13:27+00:00","og_image":[{"width":600,"height":400,"url":"https:\/\/www.interiman-group.ch\/wp-content\/uploads\/2022\/11\/istock-fond-1.jpg","type":"image\/jpeg"}],"author":"mabbet","twitter_card":"summary_large_image","twitter_misc":{"Verfasst von":"mabbet","Gesch\u00e4tzte Lesezeit":"2\u00a0Minuten"},"schema":{"@context":"https:\/\/schema.org","@graph":[{"@type":"Article","@id":"https:\/\/www.interiman-group.ch\/de\/interiman-group-gibt-ueberzeugende-halbjahres-resultate-bekannt-eroeffnet-neue-filialen-und-gruendet-tochtergesellschaften\/#article","isPartOf":{"@id":"https:\/\/www.interiman-group.ch\/de\/interiman-group-gibt-ueberzeugende-halbjahres-resultate-bekannt-eroeffnet-neue-filialen-und-gruendet-tochtergesellschaften\/"},"author":{"name":"mabbet","@id":"https:\/\/www.interiman-group.ch\/de\/#\/schema\/person\/6d4536c0fadd9a53bb7844aa8bc173de"},"headline":"Interiman Group gibt \u00fcberzeugende Halbjahres-Resultate bekannt, er\u00f6ffnet neue Filialen und gr\u00fcndet Tochtergesellschaften","datePublished":"2019-07-10T22:00:00+00:00","dateModified":"2023-01-06T10:13:27+00:00","mainEntityOfPage":{"@id":"https:\/\/www.interiman-group.ch\/de\/interiman-group-gibt-ueberzeugende-halbjahres-resultate-bekannt-eroeffnet-neue-filialen-und-gruendet-tochtergesellschaften\/"},"wordCount":342,"publisher":{"@id":"https:\/\/www.interiman-group.ch\/de\/#organization"},"image":{"@id":"https:\/\/www.interiman-group.ch\/de\/interiman-group-gibt-ueberzeugende-halbjahres-resultate-bekannt-eroeffnet-neue-filialen-und-gruendet-tochtergesellschaften\/#primaryimage"},"thumbnailUrl":"https:\/\/www.interiman-group.ch\/wp-content\/uploads\/2022\/11\/istock-fond-1.jpg","keywords":["Interiman Group"],"articleSection":["Pressemitteilungen"],"inLanguage":"de"},{"@type":"WebPage","@id":"https:\/\/www.interiman-group.ch\/de\/interiman-group-gibt-ueberzeugende-halbjahres-resultate-bekannt-eroeffnet-neue-filialen-und-gruendet-tochtergesellschaften\/","url":"https:\/\/www.interiman-group.ch\/de\/interiman-group-gibt-ueberzeugende-halbjahres-resultate-bekannt-eroeffnet-neue-filialen-und-gruendet-tochtergesellschaften\/","name":"Interiman Group gibt \u00fcberzeugende Halbjahres-Resultate bekannt, er\u00f6ffnet neue Filialen und gr\u00fcndet Tochtergesellschaften - Interiman Group","isPartOf":{"@id":"https:\/\/www.interiman-group.ch\/de\/#website"},"primaryImageOfPage":{"@id":"https:\/\/www.interiman-group.ch\/de\/interiman-group-gibt-ueberzeugende-halbjahres-resultate-bekannt-eroeffnet-neue-filialen-und-gruendet-tochtergesellschaften\/#primaryimage"},"image":{"@id":"https:\/\/www.interiman-group.ch\/de\/interiman-group-gibt-ueberzeugende-halbjahres-resultate-bekannt-eroeffnet-neue-filialen-und-gruendet-tochtergesellschaften\/#primaryimage"},"thumbnailUrl":"https:\/\/www.interiman-group.ch\/wp-content\/uploads\/2022\/11\/istock-fond-1.jpg","datePublished":"2019-07-10T22:00:00+00:00","dateModified":"2023-01-06T10:13:27+00:00","breadcrumb":{"@id":"https:\/\/www.interiman-group.ch\/de\/interiman-group-gibt-ueberzeugende-halbjahres-resultate-bekannt-eroeffnet-neue-filialen-und-gruendet-tochtergesellschaften\/#breadcrumb"},"inLanguage":"de","potentialAction":[{"@type":"ReadAction","target":["https:\/\/www.interiman-group.ch\/de\/interiman-group-gibt-ueberzeugende-halbjahres-resultate-bekannt-eroeffnet-neue-filialen-und-gruendet-tochtergesellschaften\/"]}]},{"@type":"ImageObject","inLanguage":"de","@id":"https:\/\/www.interiman-group.ch\/de\/interiman-group-gibt-ueberzeugende-halbjahres-resultate-bekannt-eroeffnet-neue-filialen-und-gruendet-tochtergesellschaften\/#primaryimage","url":"https:\/\/www.interiman-group.ch\/wp-content\/uploads\/2022\/11\/istock-fond-1.jpg","contentUrl":"https:\/\/www.interiman-group.ch\/wp-content\/uploads\/2022\/11\/istock-fond-1.jpg","width":600,"height":400},{"@type":"BreadcrumbList","@id":"https:\/\/www.interiman-group.ch\/de\/interiman-group-gibt-ueberzeugende-halbjahres-resultate-bekannt-eroeffnet-neue-filialen-und-gruendet-tochtergesellschaften\/#breadcrumb","itemListElement":[{"@type":"ListItem","position":1,"name":"Accueil","item":"https:\/\/www.interiman-group.ch\/de\/"},{"@type":"ListItem","position":2,"name":"Interiman Group gibt \u00fcberzeugende Halbjahres-Resultate bekannt, er\u00f6ffnet neue Filialen und gr\u00fcndet Tochtergesellschaften"}]},{"@type":"WebSite","@id":"https:\/\/www.interiman-group.ch\/de\/#website","url":"https:\/\/www.interiman-group.ch\/de\/","name":"Interiman Group","description":"","publisher":{"@id":"https:\/\/www.interiman-group.ch\/de\/#organization"},"potentialAction":[{"@type":"SearchAction","target":{"@type":"EntryPoint","urlTemplate":"https:\/\/www.interiman-group.ch\/de\/?s={search_term_string}"},"query-input":{"@type":"PropertyValueSpecification","valueRequired":true,"valueName":"search_term_string"}}],"inLanguage":"de"},{"@type":"Organization","@id":"https:\/\/www.interiman-group.ch\/de\/#organization","name":"Interiman Group","url":"https:\/\/www.interiman-group.ch\/de\/","logo":{"@type":"ImageObject","inLanguage":"de","@id":"https:\/\/www.interiman-group.ch\/de\/#\/schema\/logo\/image\/","url":"https:\/\/www.interiman-group.ch\/wp-content\/uploads\/2022\/10\/igs-nav.png","contentUrl":"https:\/\/www.interiman-group.ch\/wp-content\/uploads\/2022\/10\/igs-nav.png","width":157,"height":62,"caption":"Interiman Group"},"image":{"@id":"https:\/\/www.interiman-group.ch\/de\/#\/schema\/logo\/image\/"},"sameAs":["https:\/\/www.facebook.com\/Medicalis-1737325559702106\/","https:\/\/www.linkedin.com\/company\/19057976\/"]},{"@type":"Person","@id":"https:\/\/www.interiman-group.ch\/de\/#\/schema\/person\/6d4536c0fadd9a53bb7844aa8bc173de","name":"mabbet","image":{"@type":"ImageObject","inLanguage":"de","@id":"https:\/\/www.interiman-group.ch\/de\/#\/schema\/person\/image\/","url":"https:\/\/secure.gravatar.com\/avatar\/c9b8558dd936c0aabcc45d180fce99dccde96ff74ab27f8bbd6345c035cac21d?s=96&d=mm&r=g","contentUrl":"https:\/\/secure.gravatar.com\/avatar\/c9b8558dd936c0aabcc45d180fce99dccde96ff74ab27f8bbd6345c035cac21d?s=96&d=mm&r=g","caption":"mabbet"},"url":"https:\/\/www.interiman-group.ch\/de\/author\/mabbet\/"}]}},"_links":{"self":[{"href":"https:\/\/www.interiman-group.ch\/de\/wp-json\/wp\/v2\/posts\/1257668","targetHints":{"allow":["GET"]}}],"collection":[{"href":"https:\/\/www.interiman-group.ch\/de\/wp-json\/wp\/v2\/posts"}],"about":[{"href":"https:\/\/www.interiman-group.ch\/de\/wp-json\/wp\/v2\/types\/post"}],"author":[{"embeddable":true,"href":"https:\/\/www.interiman-group.ch\/de\/wp-json\/wp\/v2\/users\/3"}],"replies":[{"embeddable":true,"href":"https:\/\/www.interiman-group.ch\/de\/wp-json\/wp\/v2\/comments?post=1257668"}],"version-history":[{"count":2,"href":"https:\/\/www.interiman-group.ch\/de\/wp-json\/wp\/v2\/posts\/1257668\/revisions"}],"predecessor-version":[{"id":1258454,"href":"https:\/\/www.interiman-group.ch\/de\/wp-json\/wp\/v2\/posts\/1257668\/revisions\/1258454"}],"wp:featuredmedia":[{"embeddable":true,"href":"https:\/\/www.interiman-group.ch\/de\/wp-json\/wp\/v2\/media\/1257735"}],"wp:attachment":[{"href":"https:\/\/www.interiman-group.ch\/de\/wp-json\/wp\/v2\/media?parent=1257668"}],"wp:term":[{"taxonomy":"category","embeddable":true,"href":"https:\/\/www.interiman-group.ch\/de\/wp-json\/wp\/v2\/categories?post=1257668"},{"taxonomy":"post_tag","embeddable":true,"href":"https:\/\/www.interiman-group.ch\/de\/wp-json\/wp\/v2\/tags?post=1257668"}],"curies":[{"name":"wp","href":"https:\/\/api.w.org\/{rel}","templated":true}]}}