{"id":1257679,"date":"2020-06-19T00:00:00","date_gmt":"2020-06-18T22:00:00","guid":{"rendered":"https:\/\/www.interiman-group.ch\/medicalis-unterstuetzt-pflegekraefte-waehrend-der-krise\/"},"modified":"2023-02-28T12:17:07","modified_gmt":"2023-02-28T11:17:07","slug":"medicalis-unterstuetzt-pflegekraefte-waehrend-der-krise","status":"publish","type":"post","link":"https:\/\/www.interiman-group.ch\/de\/medicalis-unterstuetzt-pflegekraefte-waehrend-der-krise\/","title":{"rendered":"Medicalis unterst\u00fctzt Pflegekr\u00e4fte w\u00e4hrend der Krise"},"content":{"rendered":"\n<p><strong>Im Zuge der Coronavirus-Pandemie musste Medicalis grosse Flexibilit\u00e4t beweisen, um den Anforderungen seiner Partner in einer noch nie dagewesenen Situation, die sowohl eine menschliche als auch eine organisatorische Herausforderung darstellte, gerecht zu werden. Gl\u00fccklicherweise konnte sich David Paulou, neuer Direktor des auf den Gesundheitsbereich spezialisierten Fachunternehmens, auf ein starkes und engagiertes Team verlassen. Gemeinsam begleiteten sie die Pflegekr\u00e4fte w\u00e4hrend der Krise und wurden zu Zeugen ihrer einzigartigen Hingabe.<\/strong><\/p>\n\n\n\n<p>Alltagsleben hinter sich gelassen<\/p>\n\n\n\n<p>Medicalis engagierte sich in dieser noch nie dagewesenen Situation an vorderster Front und befand sich in st\u00e4ndigem Kontakt mit dem Krankenhauspersonal und den verschiedenen Einrichtungen, die im Kampf gegen die Pandemie mobilisiert wurden. \u00ab \u00dcber den regelm\u00e4ssigen Austausch mit den Pflegekr\u00e4ften haben wir miterlebt, wie jeder einzelne mit dieser Situation umging. Einige entschieden sich daf\u00fcr, im Hotel zu \u00fcbernachten und sich zu isolieren. Andere ergriffen alle notwendigen Vorsichtsmassnahmen und gingen abends zu ihren Familien nach Hause, lebten allerdings in der st\u00e4ndigen Angst, diese zu infizieren. Sie alle haben ihren gew\u00f6hnlichen Alltag hinter sich gelassen und einen Mut bewiesen, den man einfach respektieren muss \u00bb, so David Paulou.<\/p>\n\n\n\n<p>Und das Team von Medicalis, das mit zehn Mitarbeitern in Genf und f\u00fcnf Mitarbeitern in Lausanne die gesamte franz\u00f6sische Schweiz betreut? \u00ab Wir mussten unsere gesamte Organisation schnell \u00fcberdenken und uns mit einer aussergew\u00f6hnlichen Situation auseinandersetzen, die niemand wirklich vorausgesehen hatte. Innerhalb weniger Stunden, kurz bevor die Mitarbeiter ins Homeoffice geschickt wurden, mussten wir die Aufgaben entsprechend zuweisen und unsere Kunden auf geeignete Weise aufteilen. Jeder von uns war an sieben Tagen die Woche rund um die Uhr verf\u00fcgbar. Ich habe echte Hochachtung f\u00fcr alle unsere Berater, die trotz der manchmal schwierigen Umst\u00e4nde nicht Aufgaben und Flexibilit\u00e4t bewiesen, was von unseren Kunden besonders gesch\u00e4tzt wurde. \u00bb<\/p>\n\n\n\n<p>Ein starkes und engagiertes Team<\/p>\n\n\n\n<p>Entgegen der Erwartungen haben die vergangenen drei Monate keinen starken Anstieg bei den Vermittlungen mit sich gebracht. Stattdessen kam es zu einer Umverteilung der Pflegekr\u00e4fte innerhalb der Dienststellen und Einrichtungen. \u00ab Bereits ab der zweiten Woche des teilweisen Lockdowns mussten zahlreiche Einrichtungen schliessen, w\u00e4hrend Wahleingriffe und ambulante Behandlungen ausgesetzt waren. Das zwang uns, das Personal in die akute Pflege zu verlegen. Zun\u00e4chst mussten wir jedoch s\u00e4mtliche Profile pr\u00fcfen, um zu sehen, wer f\u00fcr den dortigen Einsatz geeignet war. Gl\u00fccklicherweise vertrauen viele Pflegekr\u00e4fte seit Jahren auf unsere Unterst\u00fctzung, wir kannten sie also gut und konnten sehr schnell reagieren, um sie dorthin zu senden, wo wir wussten, dass sie besonders n\u00fctzlich sein w\u00fcrden \u00bb, erkl\u00e4rt David Paulou weiter.<\/p>\n\n\n\n<p>Dar\u00fcber hinaus mussten die Berater von Medicalis sich auch um eine Reihe von Verwaltungsfragen k\u00fcmmern &#8211; insbesondere im Zusammenhang mit dem weiteren Grenz\u00fcbertritt f\u00fcr Grenzg\u00e4nger, die f\u00fcr zahlreiche Krankenh\u00e4user in der franz\u00f6sischsprachigen Schweiz eine wichtige Rolle spielen. \u00ab Die Situation war besonders vor der Einf\u00fchrung der Pendlerbescheinigung schwierig. Aber wir schafften es, einen k\u00fchlen Kopf zu bewahren, und die Situation wurde relativ schnell gekl\u00e4rt. Was mich betrifft, der gerade die Leitung des Fachunternehmens \u00fcbernommen hat, stellte dieses Fr\u00fchjahr definitiv eine Bew\u00e4hrungsprobe in einer sehr ungew\u00f6hnlichen Situation dar. Ich hatte wirklich grosses Gl\u00fcck, auf ein so starkes und engagiertes Team z\u00e4hlen zu k\u00f6nnen! \u00bb&nbsp;<\/p>\n","protected":false},"excerpt":{"rendered":"<p>Im Zuge der Coronavirus-Pandemie musste Medicalis grosse Flexibilit\u00e4t beweisen, um den Anforderungen seiner Partner in einer noch nie dagewesenen Situation, die sowohl eine menschliche als auch eine organisatorische Herausforderung darstellte, gerecht zu werden. Gl\u00fccklicherweise konnte sich David Paulou, neuer Direktor des auf den Gesundheitsbereich spezialisierten Fachunternehmens, auf ein starkes und engagiertes Team verlassen. Gemeinsam begleiteten [&#8230;]<\/p>\n<p><a class=\"btn btn-secondary understrap-read-more-link\" href=\"https:\/\/www.interiman-group.ch\/de\/medicalis-unterstuetzt-pflegekraefte-waehrend-der-krise\/\">Weiterlesen&#8230;<span class=\"screen-reader-text\"> from Medicalis unterst\u00fctzt Pflegekr\u00e4fte w\u00e4hrend der Krise<\/span><\/a><\/p>\n","protected":false},"author":3,"featured_media":1257680,"comment_status":"closed","ping_status":"open","sticky":false,"template":"","format":"standard","meta":{"_monsterinsights_skip_tracking":false,"_monsterinsights_sitenote_active":false,"_monsterinsights_sitenote_note":"","_monsterinsights_sitenote_category":0,"footnotes":""},"categories":[116],"tags":[154],"class_list":["post-1257679","post","type-post","status-publish","format-standard","has-post-thumbnail","hentry","category-news-de","tag-medicalis-de"],"yoast_head":"<!-- This site is optimized with the Yoast SEO plugin v26.9 - https:\/\/yoast.com\/product\/yoast-seo-wordpress\/ -->\n<title>Medicalis unterst\u00fctzt Pflegekr\u00e4fte w\u00e4hrend der Krise - Interiman Group<\/title>\n<meta name=\"robots\" content=\"index, follow, max-snippet:-1, max-image-preview:large, max-video-preview:-1\" \/>\n<link rel=\"canonical\" href=\"https:\/\/medicalis.ch\/de\/medicalis-unterstuetzt-pflegekraefte-waehrend-der-krise\/\" \/>\n<meta property=\"og:locale\" content=\"de_DE\" \/>\n<meta property=\"og:type\" content=\"article\" \/>\n<meta property=\"og:title\" content=\"Medicalis unterst\u00fctzt Pflegekr\u00e4fte w\u00e4hrend der Krise - Interiman Group\" \/>\n<meta property=\"og:description\" content=\"Im Zuge der Coronavirus-Pandemie musste Medicalis grosse Flexibilit\u00e4t beweisen, um den Anforderungen seiner Partner in einer noch nie dagewesenen Situation, die sowohl eine menschliche als auch eine organisatorische Herausforderung darstellte, gerecht zu werden. Gl\u00fccklicherweise konnte sich David Paulou, neuer Direktor des auf den Gesundheitsbereich spezialisierten Fachunternehmens, auf ein starkes und engagiertes Team verlassen. Gemeinsam begleiteten [...]Weiterlesen... from Medicalis unterst\u00fctzt Pflegekr\u00e4fte w\u00e4hrend der Krise\" \/>\n<meta property=\"og:url\" content=\"https:\/\/medicalis.ch\/de\/medicalis-unterstuetzt-pflegekraefte-waehrend-der-krise\/\" \/>\n<meta property=\"og:site_name\" content=\"Interiman Group\" \/>\n<meta property=\"article:publisher\" content=\"https:\/\/www.facebook.com\/Medicalis-1737325559702106\/\" \/>\n<meta property=\"article:published_time\" content=\"2020-06-18T22:00:00+00:00\" \/>\n<meta property=\"article:modified_time\" content=\"2023-02-28T11:17:07+00:00\" \/>\n<meta property=\"og:image\" content=\"https:\/\/www.interiman-group.ch\/wp-content\/uploads\/2022\/11\/iStock-1173711966_resize-10.jpg\" \/>\n\t<meta property=\"og:image:width\" content=\"600\" \/>\n\t<meta property=\"og:image:height\" content=\"400\" \/>\n\t<meta property=\"og:image:type\" content=\"image\/jpeg\" \/>\n<meta name=\"author\" content=\"mabbet\" \/>\n<meta name=\"twitter:card\" content=\"summary_large_image\" \/>\n<meta name=\"twitter:label1\" content=\"Verfasst von\" \/>\n\t<meta name=\"twitter:data1\" content=\"mabbet\" \/>\n\t<meta name=\"twitter:label2\" content=\"Gesch\u00e4tzte Lesezeit\" \/>\n\t<meta name=\"twitter:data2\" content=\"3\u00a0Minuten\" \/>\n<script type=\"application\/ld+json\" class=\"yoast-schema-graph\">{\"@context\":\"https:\/\/schema.org\",\"@graph\":[{\"@type\":\"Article\",\"@id\":\"https:\/\/medicalis.ch\/de\/medicalis-unterstuetzt-pflegekraefte-waehrend-der-krise\/#article\",\"isPartOf\":{\"@id\":\"https:\/\/www.interiman-group.ch\/de\/medicalis-unterstuetzt-pflegekraefte-waehrend-der-krise\/\"},\"author\":{\"name\":\"mabbet\",\"@id\":\"https:\/\/www.interiman-group.ch\/de\/#\/schema\/person\/6d4536c0fadd9a53bb7844aa8bc173de\"},\"headline\":\"Medicalis unterst\u00fctzt Pflegekr\u00e4fte w\u00e4hrend der Krise\",\"datePublished\":\"2020-06-18T22:00:00+00:00\",\"dateModified\":\"2023-02-28T11:17:07+00:00\",\"mainEntityOfPage\":{\"@id\":\"https:\/\/www.interiman-group.ch\/de\/medicalis-unterstuetzt-pflegekraefte-waehrend-der-krise\/\"},\"wordCount\":558,\"publisher\":{\"@id\":\"https:\/\/www.interiman-group.ch\/de\/#organization\"},\"image\":{\"@id\":\"https:\/\/medicalis.ch\/de\/medicalis-unterstuetzt-pflegekraefte-waehrend-der-krise\/#primaryimage\"},\"thumbnailUrl\":\"https:\/\/www.interiman-group.ch\/wp-content\/uploads\/2022\/11\/iStock-1173711966_resize-10.jpg\",\"keywords\":[\"Medicalis\"],\"articleSection\":[\"Aktuelles\"],\"inLanguage\":\"de\"},{\"@type\":\"WebPage\",\"@id\":\"https:\/\/www.interiman-group.ch\/de\/medicalis-unterstuetzt-pflegekraefte-waehrend-der-krise\/\",\"url\":\"https:\/\/medicalis.ch\/de\/medicalis-unterstuetzt-pflegekraefte-waehrend-der-krise\/\",\"name\":\"Medicalis unterst\u00fctzt Pflegekr\u00e4fte w\u00e4hrend der Krise - Interiman Group\",\"isPartOf\":{\"@id\":\"https:\/\/www.interiman-group.ch\/de\/#website\"},\"primaryImageOfPage\":{\"@id\":\"https:\/\/medicalis.ch\/de\/medicalis-unterstuetzt-pflegekraefte-waehrend-der-krise\/#primaryimage\"},\"image\":{\"@id\":\"https:\/\/medicalis.ch\/de\/medicalis-unterstuetzt-pflegekraefte-waehrend-der-krise\/#primaryimage\"},\"thumbnailUrl\":\"https:\/\/www.interiman-group.ch\/wp-content\/uploads\/2022\/11\/iStock-1173711966_resize-10.jpg\",\"datePublished\":\"2020-06-18T22:00:00+00:00\",\"dateModified\":\"2023-02-28T11:17:07+00:00\",\"breadcrumb\":{\"@id\":\"https:\/\/medicalis.ch\/de\/medicalis-unterstuetzt-pflegekraefte-waehrend-der-krise\/#breadcrumb\"},\"inLanguage\":\"de\",\"potentialAction\":[{\"@type\":\"ReadAction\",\"target\":[\"https:\/\/medicalis.ch\/de\/medicalis-unterstuetzt-pflegekraefte-waehrend-der-krise\/\"]}]},{\"@type\":\"ImageObject\",\"inLanguage\":\"de\",\"@id\":\"https:\/\/medicalis.ch\/de\/medicalis-unterstuetzt-pflegekraefte-waehrend-der-krise\/#primaryimage\",\"url\":\"https:\/\/www.interiman-group.ch\/wp-content\/uploads\/2022\/11\/iStock-1173711966_resize-10.jpg\",\"contentUrl\":\"https:\/\/www.interiman-group.ch\/wp-content\/uploads\/2022\/11\/iStock-1173711966_resize-10.jpg\",\"width\":600,\"height\":400},{\"@type\":\"BreadcrumbList\",\"@id\":\"https:\/\/medicalis.ch\/de\/medicalis-unterstuetzt-pflegekraefte-waehrend-der-krise\/#breadcrumb\",\"itemListElement\":[{\"@type\":\"ListItem\",\"position\":1,\"name\":\"Accueil\",\"item\":\"https:\/\/www.interiman-group.ch\/de\/\"},{\"@type\":\"ListItem\",\"position\":2,\"name\":\"Medicalis unterst\u00fctzt Pflegekr\u00e4fte w\u00e4hrend der Krise\"}]},{\"@type\":\"WebSite\",\"@id\":\"https:\/\/www.interiman-group.ch\/de\/#website\",\"url\":\"https:\/\/www.interiman-group.ch\/de\/\",\"name\":\"Interiman Group\",\"description\":\"\",\"publisher\":{\"@id\":\"https:\/\/www.interiman-group.ch\/de\/#organization\"},\"potentialAction\":[{\"@type\":\"SearchAction\",\"target\":{\"@type\":\"EntryPoint\",\"urlTemplate\":\"https:\/\/www.interiman-group.ch\/de\/?s={search_term_string}\"},\"query-input\":{\"@type\":\"PropertyValueSpecification\",\"valueRequired\":true,\"valueName\":\"search_term_string\"}}],\"inLanguage\":\"de\"},{\"@type\":\"Organization\",\"@id\":\"https:\/\/www.interiman-group.ch\/de\/#organization\",\"name\":\"Interiman Group\",\"url\":\"https:\/\/www.interiman-group.ch\/de\/\",\"logo\":{\"@type\":\"ImageObject\",\"inLanguage\":\"de\",\"@id\":\"https:\/\/www.interiman-group.ch\/de\/#\/schema\/logo\/image\/\",\"url\":\"https:\/\/www.interiman-group.ch\/wp-content\/uploads\/2022\/10\/igs-nav.png\",\"contentUrl\":\"https:\/\/www.interiman-group.ch\/wp-content\/uploads\/2022\/10\/igs-nav.png\",\"width\":157,\"height\":62,\"caption\":\"Interiman Group\"},\"image\":{\"@id\":\"https:\/\/www.interiman-group.ch\/de\/#\/schema\/logo\/image\/\"},\"sameAs\":[\"https:\/\/www.facebook.com\/Medicalis-1737325559702106\/\",\"https:\/\/www.linkedin.com\/company\/19057976\/\"]},{\"@type\":\"Person\",\"@id\":\"https:\/\/www.interiman-group.ch\/de\/#\/schema\/person\/6d4536c0fadd9a53bb7844aa8bc173de\",\"name\":\"mabbet\",\"image\":{\"@type\":\"ImageObject\",\"inLanguage\":\"de\",\"@id\":\"https:\/\/www.interiman-group.ch\/de\/#\/schema\/person\/image\/\",\"url\":\"https:\/\/secure.gravatar.com\/avatar\/c9b8558dd936c0aabcc45d180fce99dccde96ff74ab27f8bbd6345c035cac21d?s=96&d=mm&r=g\",\"contentUrl\":\"https:\/\/secure.gravatar.com\/avatar\/c9b8558dd936c0aabcc45d180fce99dccde96ff74ab27f8bbd6345c035cac21d?s=96&d=mm&r=g\",\"caption\":\"mabbet\"},\"url\":\"https:\/\/www.interiman-group.ch\/de\/author\/mabbet\/\"}]}<\/script>\n<!-- \/ Yoast SEO plugin. -->","yoast_head_json":{"title":"Medicalis unterst\u00fctzt Pflegekr\u00e4fte w\u00e4hrend der Krise - Interiman Group","robots":{"index":"index","follow":"follow","max-snippet":"max-snippet:-1","max-image-preview":"max-image-preview:large","max-video-preview":"max-video-preview:-1"},"canonical":"https:\/\/medicalis.ch\/de\/medicalis-unterstuetzt-pflegekraefte-waehrend-der-krise\/","og_locale":"de_DE","og_type":"article","og_title":"Medicalis unterst\u00fctzt Pflegekr\u00e4fte w\u00e4hrend der Krise - Interiman Group","og_description":"Im Zuge der Coronavirus-Pandemie musste Medicalis grosse Flexibilit\u00e4t beweisen, um den Anforderungen seiner Partner in einer noch nie dagewesenen Situation, die sowohl eine menschliche als auch eine organisatorische Herausforderung darstellte, gerecht zu werden. Gl\u00fccklicherweise konnte sich David Paulou, neuer Direktor des auf den Gesundheitsbereich spezialisierten Fachunternehmens, auf ein starkes und engagiertes Team verlassen. Gemeinsam begleiteten [...]Weiterlesen... from Medicalis unterst\u00fctzt Pflegekr\u00e4fte w\u00e4hrend der Krise","og_url":"https:\/\/medicalis.ch\/de\/medicalis-unterstuetzt-pflegekraefte-waehrend-der-krise\/","og_site_name":"Interiman Group","article_publisher":"https:\/\/www.facebook.com\/Medicalis-1737325559702106\/","article_published_time":"2020-06-18T22:00:00+00:00","article_modified_time":"2023-02-28T11:17:07+00:00","og_image":[{"width":600,"height":400,"url":"https:\/\/www.interiman-group.ch\/wp-content\/uploads\/2022\/11\/iStock-1173711966_resize-10.jpg","type":"image\/jpeg"}],"author":"mabbet","twitter_card":"summary_large_image","twitter_misc":{"Verfasst von":"mabbet","Gesch\u00e4tzte Lesezeit":"3\u00a0Minuten"},"schema":{"@context":"https:\/\/schema.org","@graph":[{"@type":"Article","@id":"https:\/\/medicalis.ch\/de\/medicalis-unterstuetzt-pflegekraefte-waehrend-der-krise\/#article","isPartOf":{"@id":"https:\/\/www.interiman-group.ch\/de\/medicalis-unterstuetzt-pflegekraefte-waehrend-der-krise\/"},"author":{"name":"mabbet","@id":"https:\/\/www.interiman-group.ch\/de\/#\/schema\/person\/6d4536c0fadd9a53bb7844aa8bc173de"},"headline":"Medicalis unterst\u00fctzt Pflegekr\u00e4fte w\u00e4hrend der Krise","datePublished":"2020-06-18T22:00:00+00:00","dateModified":"2023-02-28T11:17:07+00:00","mainEntityOfPage":{"@id":"https:\/\/www.interiman-group.ch\/de\/medicalis-unterstuetzt-pflegekraefte-waehrend-der-krise\/"},"wordCount":558,"publisher":{"@id":"https:\/\/www.interiman-group.ch\/de\/#organization"},"image":{"@id":"https:\/\/medicalis.ch\/de\/medicalis-unterstuetzt-pflegekraefte-waehrend-der-krise\/#primaryimage"},"thumbnailUrl":"https:\/\/www.interiman-group.ch\/wp-content\/uploads\/2022\/11\/iStock-1173711966_resize-10.jpg","keywords":["Medicalis"],"articleSection":["Aktuelles"],"inLanguage":"de"},{"@type":"WebPage","@id":"https:\/\/www.interiman-group.ch\/de\/medicalis-unterstuetzt-pflegekraefte-waehrend-der-krise\/","url":"https:\/\/medicalis.ch\/de\/medicalis-unterstuetzt-pflegekraefte-waehrend-der-krise\/","name":"Medicalis unterst\u00fctzt Pflegekr\u00e4fte w\u00e4hrend der Krise - Interiman Group","isPartOf":{"@id":"https:\/\/www.interiman-group.ch\/de\/#website"},"primaryImageOfPage":{"@id":"https:\/\/medicalis.ch\/de\/medicalis-unterstuetzt-pflegekraefte-waehrend-der-krise\/#primaryimage"},"image":{"@id":"https:\/\/medicalis.ch\/de\/medicalis-unterstuetzt-pflegekraefte-waehrend-der-krise\/#primaryimage"},"thumbnailUrl":"https:\/\/www.interiman-group.ch\/wp-content\/uploads\/2022\/11\/iStock-1173711966_resize-10.jpg","datePublished":"2020-06-18T22:00:00+00:00","dateModified":"2023-02-28T11:17:07+00:00","breadcrumb":{"@id":"https:\/\/medicalis.ch\/de\/medicalis-unterstuetzt-pflegekraefte-waehrend-der-krise\/#breadcrumb"},"inLanguage":"de","potentialAction":[{"@type":"ReadAction","target":["https:\/\/medicalis.ch\/de\/medicalis-unterstuetzt-pflegekraefte-waehrend-der-krise\/"]}]},{"@type":"ImageObject","inLanguage":"de","@id":"https:\/\/medicalis.ch\/de\/medicalis-unterstuetzt-pflegekraefte-waehrend-der-krise\/#primaryimage","url":"https:\/\/www.interiman-group.ch\/wp-content\/uploads\/2022\/11\/iStock-1173711966_resize-10.jpg","contentUrl":"https:\/\/www.interiman-group.ch\/wp-content\/uploads\/2022\/11\/iStock-1173711966_resize-10.jpg","width":600,"height":400},{"@type":"BreadcrumbList","@id":"https:\/\/medicalis.ch\/de\/medicalis-unterstuetzt-pflegekraefte-waehrend-der-krise\/#breadcrumb","itemListElement":[{"@type":"ListItem","position":1,"name":"Accueil","item":"https:\/\/www.interiman-group.ch\/de\/"},{"@type":"ListItem","position":2,"name":"Medicalis unterst\u00fctzt Pflegekr\u00e4fte w\u00e4hrend der Krise"}]},{"@type":"WebSite","@id":"https:\/\/www.interiman-group.ch\/de\/#website","url":"https:\/\/www.interiman-group.ch\/de\/","name":"Interiman Group","description":"","publisher":{"@id":"https:\/\/www.interiman-group.ch\/de\/#organization"},"potentialAction":[{"@type":"SearchAction","target":{"@type":"EntryPoint","urlTemplate":"https:\/\/www.interiman-group.ch\/de\/?s={search_term_string}"},"query-input":{"@type":"PropertyValueSpecification","valueRequired":true,"valueName":"search_term_string"}}],"inLanguage":"de"},{"@type":"Organization","@id":"https:\/\/www.interiman-group.ch\/de\/#organization","name":"Interiman Group","url":"https:\/\/www.interiman-group.ch\/de\/","logo":{"@type":"ImageObject","inLanguage":"de","@id":"https:\/\/www.interiman-group.ch\/de\/#\/schema\/logo\/image\/","url":"https:\/\/www.interiman-group.ch\/wp-content\/uploads\/2022\/10\/igs-nav.png","contentUrl":"https:\/\/www.interiman-group.ch\/wp-content\/uploads\/2022\/10\/igs-nav.png","width":157,"height":62,"caption":"Interiman Group"},"image":{"@id":"https:\/\/www.interiman-group.ch\/de\/#\/schema\/logo\/image\/"},"sameAs":["https:\/\/www.facebook.com\/Medicalis-1737325559702106\/","https:\/\/www.linkedin.com\/company\/19057976\/"]},{"@type":"Person","@id":"https:\/\/www.interiman-group.ch\/de\/#\/schema\/person\/6d4536c0fadd9a53bb7844aa8bc173de","name":"mabbet","image":{"@type":"ImageObject","inLanguage":"de","@id":"https:\/\/www.interiman-group.ch\/de\/#\/schema\/person\/image\/","url":"https:\/\/secure.gravatar.com\/avatar\/c9b8558dd936c0aabcc45d180fce99dccde96ff74ab27f8bbd6345c035cac21d?s=96&d=mm&r=g","contentUrl":"https:\/\/secure.gravatar.com\/avatar\/c9b8558dd936c0aabcc45d180fce99dccde96ff74ab27f8bbd6345c035cac21d?s=96&d=mm&r=g","caption":"mabbet"},"url":"https:\/\/www.interiman-group.ch\/de\/author\/mabbet\/"}]}},"_links":{"self":[{"href":"https:\/\/www.interiman-group.ch\/de\/wp-json\/wp\/v2\/posts\/1257679","targetHints":{"allow":["GET"]}}],"collection":[{"href":"https:\/\/www.interiman-group.ch\/de\/wp-json\/wp\/v2\/posts"}],"about":[{"href":"https:\/\/www.interiman-group.ch\/de\/wp-json\/wp\/v2\/types\/post"}],"author":[{"embeddable":true,"href":"https:\/\/www.interiman-group.ch\/de\/wp-json\/wp\/v2\/users\/3"}],"replies":[{"embeddable":true,"href":"https:\/\/www.interiman-group.ch\/de\/wp-json\/wp\/v2\/comments?post=1257679"}],"version-history":[{"count":2,"href":"https:\/\/www.interiman-group.ch\/de\/wp-json\/wp\/v2\/posts\/1257679\/revisions"}],"predecessor-version":[{"id":1258427,"href":"https:\/\/www.interiman-group.ch\/de\/wp-json\/wp\/v2\/posts\/1257679\/revisions\/1258427"}],"wp:featuredmedia":[{"embeddable":true,"href":"https:\/\/www.interiman-group.ch\/de\/wp-json\/wp\/v2\/media\/1257680"}],"wp:attachment":[{"href":"https:\/\/www.interiman-group.ch\/de\/wp-json\/wp\/v2\/media?parent=1257679"}],"wp:term":[{"taxonomy":"category","embeddable":true,"href":"https:\/\/www.interiman-group.ch\/de\/wp-json\/wp\/v2\/categories?post=1257679"},{"taxonomy":"post_tag","embeddable":true,"href":"https:\/\/www.interiman-group.ch\/de\/wp-json\/wp\/v2\/tags?post=1257679"}],"curies":[{"name":"wp","href":"https:\/\/api.w.org\/{rel}","templated":true}]}}