{"id":1257693,"date":"2021-02-08T00:00:00","date_gmt":"2021-02-07T23:00:00","guid":{"rendered":"https:\/\/www.interiman-group.ch\/thomas-deburggraeve-zum-business-units-director-ernannt\/"},"modified":"2023-01-05T16:42:31","modified_gmt":"2023-01-05T15:42:31","slug":"thomas-deburggraeve-zum-business-units-director-ernannt","status":"publish","type":"post","link":"https:\/\/www.interiman-group.ch\/de\/thomas-deburggraeve-zum-business-units-director-ernannt\/","title":{"rendered":"Thomas Deburggraeve zum Business Units Director ernannt"},"content":{"rendered":"<p class=\"ql-align-justify\"><em>Nach der Einf\u00fchrung von TACK TMI International (Switzerland) im Jahr 2017 gibt Thomas Deburggraeve seine Rolle als Gesch\u00e4ftsf\u00fchrer ab und fungiert k\u00fcnftig als Business Units Director f\u00fcr die Gruppe. Im Rahmen seiner neuen Funktion leitet er nun s\u00e4mtliche Aktivit\u00e4ten der Interiman Group im Dienstleistungssektor. Seine Hauptziele? Den Teams die n\u00f6tige Unterst\u00fctzung liefern und Synergien zwischen den verschiedenen Unternehmen der Gruppe nutzen. Gleichzeitig steht f\u00fcr ihn auch die Entwicklung neuer innovativer Services im Mittelpunkt.<\/em><\/p>\n<p class=\"ql-align-justify\">&nbsp;<\/p>\n<p class=\"ql-align-justify\"><strong>Thomas Deburggraeve, Sie \u00fcbernehmen seit dem 1. Oktober 2020 die neu geschaffene Rolle des Business Units Director f\u00fcr die Interiman Group. Worin genau besteht Ihre Aufgabe? <\/strong><\/p>\n<p class=\"ql-align-justify\">Meine Aufgabe ist es, die Aktivit\u00e4ten der Gruppe im terti\u00e4ren Sektor zu leiten. Bisher waren die Verantwortlichen der verschiedenen Spezialunternehmen unserem CEO Robin Gordon direkt unterstellt. Der rasche Ausbau unserer Aktivit\u00e4ten hat es jedoch erforderlich gemacht, unsere Organisation neu zu \u00fcberdenken. Als Ergebnis haben wir einen neuen Dienstleistungsbereich geschaffen, dessen Leitung ich \u00fcbernehmen darf und der sechs Einheiten umfasst: Interiman, Albedis, Arobase, Finansys, TACK TMI International (Switzerland) und SPS-Switzerland Payroll Services.<\/p>\n<p class=\"ql-align-justify\">&nbsp;<\/p>\n<p class=\"ql-align-justify\"><strong>Welche Ziele haben Sie sich gesetzt?<\/strong><\/p>\n<p class=\"ql-align-justify\">Ich m\u00f6chte die Teams bei der Umsetzung ihrer Gesch\u00e4ftsstrategie und bei der Erreichung ihrer Ziele unterst\u00fctzen und gleichzeitig interessante Synergien zwischen den betreffenden Unternehmen schaffen. Obwohl diese schon seit langem eng zusammenarbeiten, sind wir davon \u00fcberzeugt, dass wir uns hier noch weiter verbessern k\u00f6nnen. Seit ihrer Gr\u00fcndung setzt die Interiman Group auf die Spezialisierung und hat f\u00fcr jeden Sektor eine eigene Unternehmenssparte aufgebaut. Dieser dedizierte Ansatz wird von unseren Kunden anerkannt und gesch\u00e4tzt. Uns ist jedoch wichtig, sie erneut daran zu erinnern, dass wir einen ganzheitlichen Ansatz bieten. Fakt ist: Angesichts unseres sehr breiten T\u00e4tigkeitsfelds und der Vielfalt unserer Dienstleistungen k\u00f6nnen wir durch die B\u00fcndelung unserer Ressourcen s\u00e4mtliche Anforderungen von Unternehmen abdecken.<\/p>\n<p class=\"ql-align-justify\">&nbsp;<\/p>\n<p class=\"ql-align-justify\"><strong>Werden Sie auch neue Leistungen anbieten?<\/strong><\/p>\n<p class=\"ql-align-justify\">Wir werden unser Angebot im RPO-Bereich (Recruitment Process Outsourcing) ausbauen, also wenn Unternehmen uns die Verantwortung f\u00fcr die Rekrutierung bestimmter komplexer Profile oder grosser Volumen \u00fcbertragen. Die Vorteile: Sie k\u00f6nnen sich jederzeit auf qualifizierte Berater und Experten in ihrem T\u00e4tigkeitsbereich verlassen und profitieren von einer Sourcing-Strategie, mit der sie Bewerber mit einem auf ihre Anforderungen zugeschnittenen Profil erreichen k\u00f6nnen. So l\u00e4sst sich ein Mangel an qualifizierten Arbeitskr\u00e4ften vermeiden. Dieses Modell ist in Asien sehr verbreitet. In Europa ist es bisher eher Grosskonzernen vorbehalten. Unser Ziel ist es, das Modell unseren Kundenunternehmen nahe zu bringen, im Zusammenspiel mit dem sogenannten MSP-Ansatz (Master Supplier Provider).<\/p>\n<p class=\"ql-align-justify\">&nbsp;<\/p>\n<p class=\"ql-align-justify\"><strong>Um was genau handelt es sich?<\/strong><\/p>\n<p class=\"ql-align-justify\">Dieses Modell ist interessant, wenn ein Unternehmen mit mehreren Dienstleistern zusammenarbeitet und einen Partner ben\u00f6tigt, um die T\u00e4tigkeiten entsprechend zu koordinieren. Mehrere Unternehmen der Interiman Group bieten bereits RPO und MSP an, unter anderem f\u00fcr Procter &amp; Gamble, Palexpo und mehrere andere Genfer Unternehmen. F\u00fcr diese \u00fcbernehmen wir nicht nur die Rekrutierung spezieller Profile (RPO), sondern auch die Koordination von Dienstleistungen Dritter (MSP). Diese Leistungen haben sich in unserem Netzwerk bereits bew\u00e4hrt und werden in Zukunft noch aktiver angeboten. Schliesslich werden sie den Anforderungen unserer Kunden im Hinblick auf Flexibilit\u00e4t, Qualit\u00e4t und Schnelligkeit gerecht.<\/p>\n<p class=\"ql-align-justify\">&nbsp;<\/p>\n<p class=\"ql-align-justify\"><strong>Abschliessend noch ein Wort zu TACK TMI International (Switzerland), an dessen Markteinf\u00fchrung Sie 2017 mitwirkten. Befindet sich das damals von Ihnen geleitete Unternehmen auf Kurs? <\/strong><\/p>\n<p class=\"ql-align-justify\">Tats\u00e4chlich haben wir die Ziele erreicht, die wir uns vor etwas mehr als drei Jahren gesetzt haben. F\u00fcr mich, der vor meinem Wechsel in den Bereich der Personalvermittlung Leistungssport betrieb, war es vor allem ein grossartiges gemeinsames Abenteuer. Ich hatte das Gl\u00fcck, von einem Team von Mitarbeitern umgeben zu sein, das sich jedes Jahr weiter entwickelt hat. Darunter auch Arnaud Kahn, der am 1. Januar 2021 die Leitung \u00fcbernommen hat und der wie ich sehr zufrieden sein kann, denn schliesslich konnten wir das Weiterbildungsangebot von TACK TMI International (Switzerland) auf Werten aufbauen, die uns sehr am Herzen liegen: Leistung, Exzellenz und Empathie.&nbsp;&nbsp;<\/p>\n","protected":false},"excerpt":{"rendered":"<p>Nach der Einf\u00fchrung von TACK TMI International (Switzerland) im Jahr 2017 gibt Thomas Deburggraeve seine Rolle als Gesch\u00e4ftsf\u00fchrer ab und fungiert k\u00fcnftig als Business Units Director f\u00fcr die Gruppe. Im Rahmen seiner neuen Funktion leitet er nun s\u00e4mtliche Aktivit\u00e4ten der Interiman Group im Dienstleistungssektor. Seine Hauptziele? Den Teams die n\u00f6tige Unterst\u00fctzung liefern und Synergien zwischen [&#8230;]<\/p>\n<p><a class=\"btn btn-secondary understrap-read-more-link\" href=\"https:\/\/www.interiman-group.ch\/de\/thomas-deburggraeve-zum-business-units-director-ernannt\/\">Weiterlesen&#8230;<span class=\"screen-reader-text\"> from Thomas Deburggraeve zum Business Units Director ernannt<\/span><\/a><\/p>\n","protected":false},"author":3,"featured_media":1258371,"comment_status":"closed","ping_status":"open","sticky":false,"template":"","format":"standard","meta":{"_monsterinsights_skip_tracking":false,"_monsterinsights_sitenote_active":false,"_monsterinsights_sitenote_note":"","_monsterinsights_sitenote_category":0,"footnotes":""},"categories":[116],"tags":[152],"class_list":["post-1257693","post","type-post","status-publish","format-standard","has-post-thumbnail","hentry","category-news-de","tag-igs-de"],"yoast_head":"<!-- This site is optimized with the Yoast SEO plugin v26.9 - https:\/\/yoast.com\/product\/yoast-seo-wordpress\/ -->\n<title>Thomas Deburggraeve zum Business Units Director ernannt - Interiman Group<\/title>\n<meta name=\"robots\" content=\"index, follow, max-snippet:-1, max-image-preview:large, max-video-preview:-1\" \/>\n<link rel=\"canonical\" href=\"https:\/\/www.interiman-group.ch\/de\/thomas-deburggraeve-zum-business-units-director-ernannt\/\" \/>\n<meta property=\"og:locale\" content=\"de_DE\" \/>\n<meta property=\"og:type\" content=\"article\" \/>\n<meta property=\"og:title\" content=\"Thomas Deburggraeve zum Business Units Director ernannt - Interiman Group\" \/>\n<meta property=\"og:description\" content=\"Nach der Einf\u00fchrung von TACK TMI International (Switzerland) im Jahr 2017 gibt Thomas Deburggraeve seine Rolle als Gesch\u00e4ftsf\u00fchrer ab und fungiert k\u00fcnftig als Business Units Director f\u00fcr die Gruppe. Im Rahmen seiner neuen Funktion leitet er nun s\u00e4mtliche Aktivit\u00e4ten der Interiman Group im Dienstleistungssektor. Seine Hauptziele? Den Teams die n\u00f6tige Unterst\u00fctzung liefern und Synergien zwischen [...]Weiterlesen... from Thomas Deburggraeve zum Business Units Director ernannt\" \/>\n<meta property=\"og:url\" content=\"https:\/\/www.interiman-group.ch\/de\/thomas-deburggraeve-zum-business-units-director-ernannt\/\" \/>\n<meta property=\"og:site_name\" content=\"Interiman Group\" \/>\n<meta property=\"article:publisher\" content=\"https:\/\/www.facebook.com\/Medicalis-1737325559702106\/\" \/>\n<meta property=\"article:published_time\" content=\"2021-02-07T23:00:00+00:00\" \/>\n<meta property=\"article:modified_time\" content=\"2023-01-05T15:42:31+00:00\" \/>\n<meta property=\"og:image\" content=\"https:\/\/www.interiman-group.ch\/wp-content\/uploads\/2021\/12\/Thomas-Deburggraeve-040.jpg\" \/>\n\t<meta property=\"og:image:width\" content=\"1000\" \/>\n\t<meta property=\"og:image:height\" content=\"667\" \/>\n\t<meta property=\"og:image:type\" content=\"image\/jpeg\" \/>\n<meta name=\"author\" content=\"mabbet\" \/>\n<meta name=\"twitter:card\" content=\"summary_large_image\" \/>\n<meta name=\"twitter:label1\" content=\"Verfasst von\" \/>\n\t<meta name=\"twitter:data1\" content=\"mabbet\" \/>\n\t<meta name=\"twitter:label2\" content=\"Gesch\u00e4tzte Lesezeit\" \/>\n\t<meta name=\"twitter:data2\" content=\"4\u00a0Minuten\" \/>\n<script type=\"application\/ld+json\" class=\"yoast-schema-graph\">{\"@context\":\"https:\/\/schema.org\",\"@graph\":[{\"@type\":\"Article\",\"@id\":\"https:\/\/www.interiman-group.ch\/de\/thomas-deburggraeve-zum-business-units-director-ernannt\/#article\",\"isPartOf\":{\"@id\":\"https:\/\/www.interiman-group.ch\/de\/thomas-deburggraeve-zum-business-units-director-ernannt\/\"},\"author\":{\"name\":\"mabbet\",\"@id\":\"https:\/\/www.interiman-group.ch\/de\/#\/schema\/person\/6d4536c0fadd9a53bb7844aa8bc173de\"},\"headline\":\"Thomas Deburggraeve zum Business Units Director ernannt\",\"datePublished\":\"2021-02-07T23:00:00+00:00\",\"dateModified\":\"2023-01-05T15:42:31+00:00\",\"mainEntityOfPage\":{\"@id\":\"https:\/\/www.interiman-group.ch\/de\/thomas-deburggraeve-zum-business-units-director-ernannt\/\"},\"wordCount\":674,\"publisher\":{\"@id\":\"https:\/\/www.interiman-group.ch\/de\/#organization\"},\"image\":{\"@id\":\"https:\/\/www.interiman-group.ch\/de\/thomas-deburggraeve-zum-business-units-director-ernannt\/#primaryimage\"},\"thumbnailUrl\":\"https:\/\/www.interiman-group.ch\/wp-content\/uploads\/2021\/12\/Thomas-Deburggraeve-040.jpg\",\"keywords\":[\"Interiman Group\"],\"articleSection\":[\"Aktuelles\"],\"inLanguage\":\"de\"},{\"@type\":\"WebPage\",\"@id\":\"https:\/\/www.interiman-group.ch\/de\/thomas-deburggraeve-zum-business-units-director-ernannt\/\",\"url\":\"https:\/\/www.interiman-group.ch\/de\/thomas-deburggraeve-zum-business-units-director-ernannt\/\",\"name\":\"Thomas Deburggraeve zum Business Units Director ernannt - Interiman Group\",\"isPartOf\":{\"@id\":\"https:\/\/www.interiman-group.ch\/de\/#website\"},\"primaryImageOfPage\":{\"@id\":\"https:\/\/www.interiman-group.ch\/de\/thomas-deburggraeve-zum-business-units-director-ernannt\/#primaryimage\"},\"image\":{\"@id\":\"https:\/\/www.interiman-group.ch\/de\/thomas-deburggraeve-zum-business-units-director-ernannt\/#primaryimage\"},\"thumbnailUrl\":\"https:\/\/www.interiman-group.ch\/wp-content\/uploads\/2021\/12\/Thomas-Deburggraeve-040.jpg\",\"datePublished\":\"2021-02-07T23:00:00+00:00\",\"dateModified\":\"2023-01-05T15:42:31+00:00\",\"breadcrumb\":{\"@id\":\"https:\/\/www.interiman-group.ch\/de\/thomas-deburggraeve-zum-business-units-director-ernannt\/#breadcrumb\"},\"inLanguage\":\"de\",\"potentialAction\":[{\"@type\":\"ReadAction\",\"target\":[\"https:\/\/www.interiman-group.ch\/de\/thomas-deburggraeve-zum-business-units-director-ernannt\/\"]}]},{\"@type\":\"ImageObject\",\"inLanguage\":\"de\",\"@id\":\"https:\/\/www.interiman-group.ch\/de\/thomas-deburggraeve-zum-business-units-director-ernannt\/#primaryimage\",\"url\":\"https:\/\/www.interiman-group.ch\/wp-content\/uploads\/2021\/12\/Thomas-Deburggraeve-040.jpg\",\"contentUrl\":\"https:\/\/www.interiman-group.ch\/wp-content\/uploads\/2021\/12\/Thomas-Deburggraeve-040.jpg\",\"width\":1000,\"height\":667},{\"@type\":\"BreadcrumbList\",\"@id\":\"https:\/\/www.interiman-group.ch\/de\/thomas-deburggraeve-zum-business-units-director-ernannt\/#breadcrumb\",\"itemListElement\":[{\"@type\":\"ListItem\",\"position\":1,\"name\":\"Accueil\",\"item\":\"https:\/\/www.interiman-group.ch\/de\/\"},{\"@type\":\"ListItem\",\"position\":2,\"name\":\"Thomas Deburggraeve zum Business Units Director ernannt\"}]},{\"@type\":\"WebSite\",\"@id\":\"https:\/\/www.interiman-group.ch\/de\/#website\",\"url\":\"https:\/\/www.interiman-group.ch\/de\/\",\"name\":\"Interiman Group\",\"description\":\"\",\"publisher\":{\"@id\":\"https:\/\/www.interiman-group.ch\/de\/#organization\"},\"potentialAction\":[{\"@type\":\"SearchAction\",\"target\":{\"@type\":\"EntryPoint\",\"urlTemplate\":\"https:\/\/www.interiman-group.ch\/de\/?s={search_term_string}\"},\"query-input\":{\"@type\":\"PropertyValueSpecification\",\"valueRequired\":true,\"valueName\":\"search_term_string\"}}],\"inLanguage\":\"de\"},{\"@type\":\"Organization\",\"@id\":\"https:\/\/www.interiman-group.ch\/de\/#organization\",\"name\":\"Interiman Group\",\"url\":\"https:\/\/www.interiman-group.ch\/de\/\",\"logo\":{\"@type\":\"ImageObject\",\"inLanguage\":\"de\",\"@id\":\"https:\/\/www.interiman-group.ch\/de\/#\/schema\/logo\/image\/\",\"url\":\"https:\/\/www.interiman-group.ch\/wp-content\/uploads\/2022\/10\/igs-nav.png\",\"contentUrl\":\"https:\/\/www.interiman-group.ch\/wp-content\/uploads\/2022\/10\/igs-nav.png\",\"width\":157,\"height\":62,\"caption\":\"Interiman Group\"},\"image\":{\"@id\":\"https:\/\/www.interiman-group.ch\/de\/#\/schema\/logo\/image\/\"},\"sameAs\":[\"https:\/\/www.facebook.com\/Medicalis-1737325559702106\/\",\"https:\/\/www.linkedin.com\/company\/19057976\/\"]},{\"@type\":\"Person\",\"@id\":\"https:\/\/www.interiman-group.ch\/de\/#\/schema\/person\/6d4536c0fadd9a53bb7844aa8bc173de\",\"name\":\"mabbet\",\"image\":{\"@type\":\"ImageObject\",\"inLanguage\":\"de\",\"@id\":\"https:\/\/www.interiman-group.ch\/de\/#\/schema\/person\/image\/\",\"url\":\"https:\/\/secure.gravatar.com\/avatar\/c9b8558dd936c0aabcc45d180fce99dccde96ff74ab27f8bbd6345c035cac21d?s=96&d=mm&r=g\",\"contentUrl\":\"https:\/\/secure.gravatar.com\/avatar\/c9b8558dd936c0aabcc45d180fce99dccde96ff74ab27f8bbd6345c035cac21d?s=96&d=mm&r=g\",\"caption\":\"mabbet\"},\"url\":\"https:\/\/www.interiman-group.ch\/de\/author\/mabbet\/\"}]}<\/script>\n<!-- \/ Yoast SEO plugin. -->","yoast_head_json":{"title":"Thomas Deburggraeve zum Business Units Director ernannt - Interiman Group","robots":{"index":"index","follow":"follow","max-snippet":"max-snippet:-1","max-image-preview":"max-image-preview:large","max-video-preview":"max-video-preview:-1"},"canonical":"https:\/\/www.interiman-group.ch\/de\/thomas-deburggraeve-zum-business-units-director-ernannt\/","og_locale":"de_DE","og_type":"article","og_title":"Thomas Deburggraeve zum Business Units Director ernannt - Interiman Group","og_description":"Nach der Einf\u00fchrung von TACK TMI International (Switzerland) im Jahr 2017 gibt Thomas Deburggraeve seine Rolle als Gesch\u00e4ftsf\u00fchrer ab und fungiert k\u00fcnftig als Business Units Director f\u00fcr die Gruppe. Im Rahmen seiner neuen Funktion leitet er nun s\u00e4mtliche Aktivit\u00e4ten der Interiman Group im Dienstleistungssektor. Seine Hauptziele? Den Teams die n\u00f6tige Unterst\u00fctzung liefern und Synergien zwischen [...]Weiterlesen... from Thomas Deburggraeve zum Business Units Director ernannt","og_url":"https:\/\/www.interiman-group.ch\/de\/thomas-deburggraeve-zum-business-units-director-ernannt\/","og_site_name":"Interiman Group","article_publisher":"https:\/\/www.facebook.com\/Medicalis-1737325559702106\/","article_published_time":"2021-02-07T23:00:00+00:00","article_modified_time":"2023-01-05T15:42:31+00:00","og_image":[{"width":1000,"height":667,"url":"https:\/\/www.interiman-group.ch\/wp-content\/uploads\/2021\/12\/Thomas-Deburggraeve-040.jpg","type":"image\/jpeg"}],"author":"mabbet","twitter_card":"summary_large_image","twitter_misc":{"Verfasst von":"mabbet","Gesch\u00e4tzte Lesezeit":"4\u00a0Minuten"},"schema":{"@context":"https:\/\/schema.org","@graph":[{"@type":"Article","@id":"https:\/\/www.interiman-group.ch\/de\/thomas-deburggraeve-zum-business-units-director-ernannt\/#article","isPartOf":{"@id":"https:\/\/www.interiman-group.ch\/de\/thomas-deburggraeve-zum-business-units-director-ernannt\/"},"author":{"name":"mabbet","@id":"https:\/\/www.interiman-group.ch\/de\/#\/schema\/person\/6d4536c0fadd9a53bb7844aa8bc173de"},"headline":"Thomas Deburggraeve zum Business Units Director ernannt","datePublished":"2021-02-07T23:00:00+00:00","dateModified":"2023-01-05T15:42:31+00:00","mainEntityOfPage":{"@id":"https:\/\/www.interiman-group.ch\/de\/thomas-deburggraeve-zum-business-units-director-ernannt\/"},"wordCount":674,"publisher":{"@id":"https:\/\/www.interiman-group.ch\/de\/#organization"},"image":{"@id":"https:\/\/www.interiman-group.ch\/de\/thomas-deburggraeve-zum-business-units-director-ernannt\/#primaryimage"},"thumbnailUrl":"https:\/\/www.interiman-group.ch\/wp-content\/uploads\/2021\/12\/Thomas-Deburggraeve-040.jpg","keywords":["Interiman Group"],"articleSection":["Aktuelles"],"inLanguage":"de"},{"@type":"WebPage","@id":"https:\/\/www.interiman-group.ch\/de\/thomas-deburggraeve-zum-business-units-director-ernannt\/","url":"https:\/\/www.interiman-group.ch\/de\/thomas-deburggraeve-zum-business-units-director-ernannt\/","name":"Thomas Deburggraeve zum Business Units Director ernannt - Interiman Group","isPartOf":{"@id":"https:\/\/www.interiman-group.ch\/de\/#website"},"primaryImageOfPage":{"@id":"https:\/\/www.interiman-group.ch\/de\/thomas-deburggraeve-zum-business-units-director-ernannt\/#primaryimage"},"image":{"@id":"https:\/\/www.interiman-group.ch\/de\/thomas-deburggraeve-zum-business-units-director-ernannt\/#primaryimage"},"thumbnailUrl":"https:\/\/www.interiman-group.ch\/wp-content\/uploads\/2021\/12\/Thomas-Deburggraeve-040.jpg","datePublished":"2021-02-07T23:00:00+00:00","dateModified":"2023-01-05T15:42:31+00:00","breadcrumb":{"@id":"https:\/\/www.interiman-group.ch\/de\/thomas-deburggraeve-zum-business-units-director-ernannt\/#breadcrumb"},"inLanguage":"de","potentialAction":[{"@type":"ReadAction","target":["https:\/\/www.interiman-group.ch\/de\/thomas-deburggraeve-zum-business-units-director-ernannt\/"]}]},{"@type":"ImageObject","inLanguage":"de","@id":"https:\/\/www.interiman-group.ch\/de\/thomas-deburggraeve-zum-business-units-director-ernannt\/#primaryimage","url":"https:\/\/www.interiman-group.ch\/wp-content\/uploads\/2021\/12\/Thomas-Deburggraeve-040.jpg","contentUrl":"https:\/\/www.interiman-group.ch\/wp-content\/uploads\/2021\/12\/Thomas-Deburggraeve-040.jpg","width":1000,"height":667},{"@type":"BreadcrumbList","@id":"https:\/\/www.interiman-group.ch\/de\/thomas-deburggraeve-zum-business-units-director-ernannt\/#breadcrumb","itemListElement":[{"@type":"ListItem","position":1,"name":"Accueil","item":"https:\/\/www.interiman-group.ch\/de\/"},{"@type":"ListItem","position":2,"name":"Thomas Deburggraeve zum Business Units Director ernannt"}]},{"@type":"WebSite","@id":"https:\/\/www.interiman-group.ch\/de\/#website","url":"https:\/\/www.interiman-group.ch\/de\/","name":"Interiman Group","description":"","publisher":{"@id":"https:\/\/www.interiman-group.ch\/de\/#organization"},"potentialAction":[{"@type":"SearchAction","target":{"@type":"EntryPoint","urlTemplate":"https:\/\/www.interiman-group.ch\/de\/?s={search_term_string}"},"query-input":{"@type":"PropertyValueSpecification","valueRequired":true,"valueName":"search_term_string"}}],"inLanguage":"de"},{"@type":"Organization","@id":"https:\/\/www.interiman-group.ch\/de\/#organization","name":"Interiman Group","url":"https:\/\/www.interiman-group.ch\/de\/","logo":{"@type":"ImageObject","inLanguage":"de","@id":"https:\/\/www.interiman-group.ch\/de\/#\/schema\/logo\/image\/","url":"https:\/\/www.interiman-group.ch\/wp-content\/uploads\/2022\/10\/igs-nav.png","contentUrl":"https:\/\/www.interiman-group.ch\/wp-content\/uploads\/2022\/10\/igs-nav.png","width":157,"height":62,"caption":"Interiman Group"},"image":{"@id":"https:\/\/www.interiman-group.ch\/de\/#\/schema\/logo\/image\/"},"sameAs":["https:\/\/www.facebook.com\/Medicalis-1737325559702106\/","https:\/\/www.linkedin.com\/company\/19057976\/"]},{"@type":"Person","@id":"https:\/\/www.interiman-group.ch\/de\/#\/schema\/person\/6d4536c0fadd9a53bb7844aa8bc173de","name":"mabbet","image":{"@type":"ImageObject","inLanguage":"de","@id":"https:\/\/www.interiman-group.ch\/de\/#\/schema\/person\/image\/","url":"https:\/\/secure.gravatar.com\/avatar\/c9b8558dd936c0aabcc45d180fce99dccde96ff74ab27f8bbd6345c035cac21d?s=96&d=mm&r=g","contentUrl":"https:\/\/secure.gravatar.com\/avatar\/c9b8558dd936c0aabcc45d180fce99dccde96ff74ab27f8bbd6345c035cac21d?s=96&d=mm&r=g","caption":"mabbet"},"url":"https:\/\/www.interiman-group.ch\/de\/author\/mabbet\/"}]}},"_links":{"self":[{"href":"https:\/\/www.interiman-group.ch\/de\/wp-json\/wp\/v2\/posts\/1257693","targetHints":{"allow":["GET"]}}],"collection":[{"href":"https:\/\/www.interiman-group.ch\/de\/wp-json\/wp\/v2\/posts"}],"about":[{"href":"https:\/\/www.interiman-group.ch\/de\/wp-json\/wp\/v2\/types\/post"}],"author":[{"embeddable":true,"href":"https:\/\/www.interiman-group.ch\/de\/wp-json\/wp\/v2\/users\/3"}],"replies":[{"embeddable":true,"href":"https:\/\/www.interiman-group.ch\/de\/wp-json\/wp\/v2\/comments?post=1257693"}],"version-history":[{"count":1,"href":"https:\/\/www.interiman-group.ch\/de\/wp-json\/wp\/v2\/posts\/1257693\/revisions"}],"predecessor-version":[{"id":1258398,"href":"https:\/\/www.interiman-group.ch\/de\/wp-json\/wp\/v2\/posts\/1257693\/revisions\/1258398"}],"wp:featuredmedia":[{"embeddable":true,"href":"https:\/\/www.interiman-group.ch\/de\/wp-json\/wp\/v2\/media\/1258371"}],"wp:attachment":[{"href":"https:\/\/www.interiman-group.ch\/de\/wp-json\/wp\/v2\/media?parent=1257693"}],"wp:term":[{"taxonomy":"category","embeddable":true,"href":"https:\/\/www.interiman-group.ch\/de\/wp-json\/wp\/v2\/categories?post=1257693"},{"taxonomy":"post_tag","embeddable":true,"href":"https:\/\/www.interiman-group.ch\/de\/wp-json\/wp\/v2\/tags?post=1257693"}],"curies":[{"name":"wp","href":"https:\/\/api.w.org\/{rel}","templated":true}]}}