{"id":1257704,"date":"2021-02-26T00:00:00","date_gmt":"2021-02-25T23:00:00","guid":{"rendered":"https:\/\/www.interiman-group.ch\/interiman-group-haelt-den-kurs\/"},"modified":"2023-01-06T11:03:08","modified_gmt":"2023-01-06T10:03:08","slug":"interiman-group-haelt-den-kurs","status":"publish","type":"post","link":"https:\/\/www.interiman-group.ch\/de\/interiman-group-haelt-den-kurs\/","title":{"rendered":"Interiman Group h\u00e4lt den Kurs"},"content":{"rendered":"\n<p><strong>Z\u00fcrich, 3. Februar 2021 \u2013 Die Interiman Group, f\u00fchrender Anbieter von Personal- und Rekrutierungsdienstleistungen in der Schweiz, k\u00fcndigt f\u00fcr das Jahr 2020 trotz der Coronavirus-Pandemie einen Umsatz von CHF 362 Millionen an.<\/strong><\/p>\n\n\n\n<p>Mit einem im Vergleich zu 2019 stabilen Umsatz (365 Mio.) verzeichnet die Interiman Group eine hervorragende Entwicklung in einem Schweizer Markt, der laut Realisator-Index einen starken R\u00fcckgang von rund 18,6 % erleidet.<\/p>\n\n\n\n<p>Dieser Erfolg beruht teilweise auf dem Gesch\u00e4ftsmodell der Interiman Group, das sich auf das Wohlbefinden und die Entfaltung der Mitarbeitenden konzentriert. Ein Engagement, das bereits im April 2020 mit der Entscheidung des Vorstands, auf alle Dividendenzahlungen zu verzichten, bewiesen werden konnte &#8211; eine Dividende, die zum ersten Mal seit der Gr\u00fcndung des Unternehmens im Jahr 1998 gezahlt worden w\u00e4re. Die Massnahme erm\u00f6glichte es, die gesamte Mitarbeiterzahl der Gruppe zu halten und allen von einer Kurzarbeit (KAE) betroffenen Mitarbeitenden weiterhin das volle Gehalt zu zahlen.<\/p>\n\n\n\n<p>Die Interiman Group hat zudem beschlossen, ihre Investitionspl\u00e4ne aufrechtzuerhalten. Dazu geh\u00f6ren die Er\u00f6ffnung neuer Niederlassungen in Biel, Martigny, Renens, Thun und Zofingen, die Einweihung neuer Marken (Securiman, SPS-Switzerland Payroll Services) und die Einf\u00fchrung einer neuen Plattform zur Erleichterung der Kontakte zwischen selbstst\u00e4ndig Erwerbenden und Unternehmen (SFM-Switzerland Freelance Marketplace). Andere wichtige Projekte wurden ebenfalls erfolgreich umgesetzt. So wurden zwei neue Abteilungen geschaffen, die f\u00fcr digitales Marketing und die Implementierung von IT-L\u00f6sungen zust\u00e4ndig sind, sowie die Einf\u00fchrung der mobilen Plattform von Eolia, die die Beziehung zwischen Kunden, Kandidaten und Mitarbeitenden erleichtert.<\/p>\n\n\n\n<p>&#8222;W\u00e4hrend des Teil-Lockdowns im M\u00e4rz 2020 haben wir schnell eine Krisenzelle eingerichtet, um unsere verschiedenen Optionen zu evaluieren. Obwohl wir anfangs auf KAE setzten, \u00e4nderten wir schnell unsere Strategie und entschieden uns, trotz der Krise an vorderster Front zu bleiben. Es war ein gewagtes Unterfangen, aber am Ende hat es wesentlich zu unserem Erfolg beigetragen&#8220;, sagt Robin Gordon, CEO der Interiman Group.<\/p>\n\n\n\n<p>Dieser Erfolg best\u00e4rkt das Management des Konzerns auch in seinen digitalen Ausrichtungen, die der Pandemie weit vorausgehen. &#8222;Unsere Investitionen in die Digitalisierung haben sich als relevant erwiesen, vor allem wenn wir \u00fcber Nacht per Fernzugriff operieren mussten. Sie spiegeln unseren Wunsch wider, unseren Mitarbeitenden leistungsf\u00e4hige Werkzeuge anzubieten, damit sie sich auf die menschliche Komponente ihrer Arbeit konzentrieren k\u00f6nnen. Dies ist einer der Faktoren, die uns Ende letzten Jahres die Great Place to Work-Zertifizierung eingebracht haben&#8220;, sagt Raymond Knigge, Pr\u00e4sident und Gr\u00fcnder der Interiman Group.<\/p>\n","protected":false},"excerpt":{"rendered":"<p>Z\u00fcrich, 3. Februar 2021 \u2013 Die Interiman Group, f\u00fchrender Anbieter von Personal- und Rekrutierungsdienstleistungen in der Schweiz, k\u00fcndigt f\u00fcr das Jahr 2020 trotz der Coronavirus-Pandemie einen Umsatz von CHF 362 Millionen an. Mit einem im Vergleich zu 2019 stabilen Umsatz (365 Mio.) verzeichnet die Interiman Group eine hervorragende Entwicklung in einem Schweizer Markt, der laut [&#8230;]<\/p>\n<p><a class=\"btn btn-secondary understrap-read-more-link\" href=\"https:\/\/www.interiman-group.ch\/de\/interiman-group-haelt-den-kurs\/\">Weiterlesen&#8230;<span class=\"screen-reader-text\"> from Interiman Group h\u00e4lt den Kurs<\/span><\/a><\/p>\n","protected":false},"author":3,"featured_media":1257573,"comment_status":"closed","ping_status":"open","sticky":false,"template":"","format":"standard","meta":{"_monsterinsights_skip_tracking":false,"_monsterinsights_sitenote_active":false,"_monsterinsights_sitenote_note":"","_monsterinsights_sitenote_category":0,"footnotes":""},"categories":[122],"tags":[152],"class_list":["post-1257704","post","type-post","status-publish","format-standard","has-post-thumbnail","hentry","category-communiques-de","tag-igs-de"],"yoast_head":"<!-- This site is optimized with the Yoast SEO plugin v26.9 - https:\/\/yoast.com\/product\/yoast-seo-wordpress\/ -->\n<title>Interiman Group h\u00e4lt den Kurs - Interiman Group<\/title>\n<meta name=\"robots\" content=\"index, follow, max-snippet:-1, max-image-preview:large, max-video-preview:-1\" \/>\n<link rel=\"canonical\" href=\"https:\/\/www.interiman-group.ch\/de\/interiman-group-haelt-den-kurs\/\" \/>\n<meta property=\"og:locale\" content=\"de_DE\" \/>\n<meta property=\"og:type\" content=\"article\" \/>\n<meta property=\"og:title\" content=\"Interiman Group h\u00e4lt den Kurs - Interiman Group\" \/>\n<meta property=\"og:description\" content=\"Z\u00fcrich, 3. Februar 2021 \u2013 Die Interiman Group, f\u00fchrender Anbieter von Personal- und Rekrutierungsdienstleistungen in der Schweiz, k\u00fcndigt f\u00fcr das Jahr 2020 trotz der Coronavirus-Pandemie einen Umsatz von CHF 362 Millionen an. Mit einem im Vergleich zu 2019 stabilen Umsatz (365 Mio.) verzeichnet die Interiman Group eine hervorragende Entwicklung in einem Schweizer Markt, der laut [...]Weiterlesen... from Interiman Group h\u00e4lt den Kurs\" \/>\n<meta property=\"og:url\" content=\"https:\/\/www.interiman-group.ch\/de\/interiman-group-haelt-den-kurs\/\" \/>\n<meta property=\"og:site_name\" content=\"Interiman Group\" \/>\n<meta property=\"article:publisher\" content=\"https:\/\/www.facebook.com\/Medicalis-1737325559702106\/\" \/>\n<meta property=\"article:published_time\" content=\"2021-02-25T23:00:00+00:00\" \/>\n<meta property=\"article:modified_time\" content=\"2023-01-06T10:03:08+00:00\" \/>\n<meta property=\"og:image\" content=\"https:\/\/www.interiman-group.ch\/wp-content\/uploads\/2022\/11\/interimangroup_maintient_cap.jpg\" \/>\n\t<meta property=\"og:image:width\" content=\"1080\" \/>\n\t<meta property=\"og:image:height\" content=\"720\" \/>\n\t<meta property=\"og:image:type\" content=\"image\/jpeg\" \/>\n<meta name=\"author\" content=\"mabbet\" \/>\n<meta name=\"twitter:card\" content=\"summary_large_image\" \/>\n<meta name=\"twitter:label1\" content=\"Verfasst von\" \/>\n\t<meta name=\"twitter:data1\" content=\"mabbet\" \/>\n\t<meta name=\"twitter:label2\" content=\"Gesch\u00e4tzte Lesezeit\" \/>\n\t<meta name=\"twitter:data2\" content=\"2\u00a0Minuten\" \/>\n<script type=\"application\/ld+json\" class=\"yoast-schema-graph\">{\"@context\":\"https:\/\/schema.org\",\"@graph\":[{\"@type\":\"Article\",\"@id\":\"https:\/\/www.interiman-group.ch\/de\/interiman-group-haelt-den-kurs\/#article\",\"isPartOf\":{\"@id\":\"https:\/\/www.interiman-group.ch\/de\/interiman-group-haelt-den-kurs\/\"},\"author\":{\"name\":\"mabbet\",\"@id\":\"https:\/\/www.interiman-group.ch\/de\/#\/schema\/person\/6d4536c0fadd9a53bb7844aa8bc173de\"},\"headline\":\"Interiman Group h\u00e4lt den Kurs\",\"datePublished\":\"2021-02-25T23:00:00+00:00\",\"dateModified\":\"2023-01-06T10:03:08+00:00\",\"mainEntityOfPage\":{\"@id\":\"https:\/\/www.interiman-group.ch\/de\/interiman-group-haelt-den-kurs\/\"},\"wordCount\":402,\"publisher\":{\"@id\":\"https:\/\/www.interiman-group.ch\/de\/#organization\"},\"image\":{\"@id\":\"https:\/\/www.interiman-group.ch\/de\/interiman-group-haelt-den-kurs\/#primaryimage\"},\"thumbnailUrl\":\"https:\/\/www.interiman-group.ch\/wp-content\/uploads\/2022\/11\/interimangroup_maintient_cap.jpg\",\"keywords\":[\"Interiman Group\"],\"articleSection\":[\"Pressemitteilungen\"],\"inLanguage\":\"de\"},{\"@type\":\"WebPage\",\"@id\":\"https:\/\/www.interiman-group.ch\/de\/interiman-group-haelt-den-kurs\/\",\"url\":\"https:\/\/www.interiman-group.ch\/de\/interiman-group-haelt-den-kurs\/\",\"name\":\"Interiman Group h\u00e4lt den Kurs - Interiman Group\",\"isPartOf\":{\"@id\":\"https:\/\/www.interiman-group.ch\/de\/#website\"},\"primaryImageOfPage\":{\"@id\":\"https:\/\/www.interiman-group.ch\/de\/interiman-group-haelt-den-kurs\/#primaryimage\"},\"image\":{\"@id\":\"https:\/\/www.interiman-group.ch\/de\/interiman-group-haelt-den-kurs\/#primaryimage\"},\"thumbnailUrl\":\"https:\/\/www.interiman-group.ch\/wp-content\/uploads\/2022\/11\/interimangroup_maintient_cap.jpg\",\"datePublished\":\"2021-02-25T23:00:00+00:00\",\"dateModified\":\"2023-01-06T10:03:08+00:00\",\"breadcrumb\":{\"@id\":\"https:\/\/www.interiman-group.ch\/de\/interiman-group-haelt-den-kurs\/#breadcrumb\"},\"inLanguage\":\"de\",\"potentialAction\":[{\"@type\":\"ReadAction\",\"target\":[\"https:\/\/www.interiman-group.ch\/de\/interiman-group-haelt-den-kurs\/\"]}]},{\"@type\":\"ImageObject\",\"inLanguage\":\"de\",\"@id\":\"https:\/\/www.interiman-group.ch\/de\/interiman-group-haelt-den-kurs\/#primaryimage\",\"url\":\"https:\/\/www.interiman-group.ch\/wp-content\/uploads\/2022\/11\/interimangroup_maintient_cap.jpg\",\"contentUrl\":\"https:\/\/www.interiman-group.ch\/wp-content\/uploads\/2022\/11\/interimangroup_maintient_cap.jpg\",\"width\":1080,\"height\":720},{\"@type\":\"BreadcrumbList\",\"@id\":\"https:\/\/www.interiman-group.ch\/de\/interiman-group-haelt-den-kurs\/#breadcrumb\",\"itemListElement\":[{\"@type\":\"ListItem\",\"position\":1,\"name\":\"Accueil\",\"item\":\"https:\/\/www.interiman-group.ch\/de\/\"},{\"@type\":\"ListItem\",\"position\":2,\"name\":\"Interiman Group h\u00e4lt den Kurs\"}]},{\"@type\":\"WebSite\",\"@id\":\"https:\/\/www.interiman-group.ch\/de\/#website\",\"url\":\"https:\/\/www.interiman-group.ch\/de\/\",\"name\":\"Interiman Group\",\"description\":\"\",\"publisher\":{\"@id\":\"https:\/\/www.interiman-group.ch\/de\/#organization\"},\"potentialAction\":[{\"@type\":\"SearchAction\",\"target\":{\"@type\":\"EntryPoint\",\"urlTemplate\":\"https:\/\/www.interiman-group.ch\/de\/?s={search_term_string}\"},\"query-input\":{\"@type\":\"PropertyValueSpecification\",\"valueRequired\":true,\"valueName\":\"search_term_string\"}}],\"inLanguage\":\"de\"},{\"@type\":\"Organization\",\"@id\":\"https:\/\/www.interiman-group.ch\/de\/#organization\",\"name\":\"Interiman Group\",\"url\":\"https:\/\/www.interiman-group.ch\/de\/\",\"logo\":{\"@type\":\"ImageObject\",\"inLanguage\":\"de\",\"@id\":\"https:\/\/www.interiman-group.ch\/de\/#\/schema\/logo\/image\/\",\"url\":\"https:\/\/www.interiman-group.ch\/wp-content\/uploads\/2022\/10\/igs-nav.png\",\"contentUrl\":\"https:\/\/www.interiman-group.ch\/wp-content\/uploads\/2022\/10\/igs-nav.png\",\"width\":157,\"height\":62,\"caption\":\"Interiman Group\"},\"image\":{\"@id\":\"https:\/\/www.interiman-group.ch\/de\/#\/schema\/logo\/image\/\"},\"sameAs\":[\"https:\/\/www.facebook.com\/Medicalis-1737325559702106\/\",\"https:\/\/www.linkedin.com\/company\/19057976\/\"]},{\"@type\":\"Person\",\"@id\":\"https:\/\/www.interiman-group.ch\/de\/#\/schema\/person\/6d4536c0fadd9a53bb7844aa8bc173de\",\"name\":\"mabbet\",\"image\":{\"@type\":\"ImageObject\",\"inLanguage\":\"de\",\"@id\":\"https:\/\/www.interiman-group.ch\/de\/#\/schema\/person\/image\/\",\"url\":\"https:\/\/secure.gravatar.com\/avatar\/c9b8558dd936c0aabcc45d180fce99dccde96ff74ab27f8bbd6345c035cac21d?s=96&d=mm&r=g\",\"contentUrl\":\"https:\/\/secure.gravatar.com\/avatar\/c9b8558dd936c0aabcc45d180fce99dccde96ff74ab27f8bbd6345c035cac21d?s=96&d=mm&r=g\",\"caption\":\"mabbet\"},\"url\":\"https:\/\/www.interiman-group.ch\/de\/author\/mabbet\/\"}]}<\/script>\n<!-- \/ Yoast SEO plugin. -->","yoast_head_json":{"title":"Interiman Group h\u00e4lt den Kurs - Interiman Group","robots":{"index":"index","follow":"follow","max-snippet":"max-snippet:-1","max-image-preview":"max-image-preview:large","max-video-preview":"max-video-preview:-1"},"canonical":"https:\/\/www.interiman-group.ch\/de\/interiman-group-haelt-den-kurs\/","og_locale":"de_DE","og_type":"article","og_title":"Interiman Group h\u00e4lt den Kurs - Interiman Group","og_description":"Z\u00fcrich, 3. Februar 2021 \u2013 Die Interiman Group, f\u00fchrender Anbieter von Personal- und Rekrutierungsdienstleistungen in der Schweiz, k\u00fcndigt f\u00fcr das Jahr 2020 trotz der Coronavirus-Pandemie einen Umsatz von CHF 362 Millionen an. Mit einem im Vergleich zu 2019 stabilen Umsatz (365 Mio.) verzeichnet die Interiman Group eine hervorragende Entwicklung in einem Schweizer Markt, der laut [...]Weiterlesen... from Interiman Group h\u00e4lt den Kurs","og_url":"https:\/\/www.interiman-group.ch\/de\/interiman-group-haelt-den-kurs\/","og_site_name":"Interiman Group","article_publisher":"https:\/\/www.facebook.com\/Medicalis-1737325559702106\/","article_published_time":"2021-02-25T23:00:00+00:00","article_modified_time":"2023-01-06T10:03:08+00:00","og_image":[{"width":1080,"height":720,"url":"https:\/\/www.interiman-group.ch\/wp-content\/uploads\/2022\/11\/interimangroup_maintient_cap.jpg","type":"image\/jpeg"}],"author":"mabbet","twitter_card":"summary_large_image","twitter_misc":{"Verfasst von":"mabbet","Gesch\u00e4tzte Lesezeit":"2\u00a0Minuten"},"schema":{"@context":"https:\/\/schema.org","@graph":[{"@type":"Article","@id":"https:\/\/www.interiman-group.ch\/de\/interiman-group-haelt-den-kurs\/#article","isPartOf":{"@id":"https:\/\/www.interiman-group.ch\/de\/interiman-group-haelt-den-kurs\/"},"author":{"name":"mabbet","@id":"https:\/\/www.interiman-group.ch\/de\/#\/schema\/person\/6d4536c0fadd9a53bb7844aa8bc173de"},"headline":"Interiman Group h\u00e4lt den Kurs","datePublished":"2021-02-25T23:00:00+00:00","dateModified":"2023-01-06T10:03:08+00:00","mainEntityOfPage":{"@id":"https:\/\/www.interiman-group.ch\/de\/interiman-group-haelt-den-kurs\/"},"wordCount":402,"publisher":{"@id":"https:\/\/www.interiman-group.ch\/de\/#organization"},"image":{"@id":"https:\/\/www.interiman-group.ch\/de\/interiman-group-haelt-den-kurs\/#primaryimage"},"thumbnailUrl":"https:\/\/www.interiman-group.ch\/wp-content\/uploads\/2022\/11\/interimangroup_maintient_cap.jpg","keywords":["Interiman Group"],"articleSection":["Pressemitteilungen"],"inLanguage":"de"},{"@type":"WebPage","@id":"https:\/\/www.interiman-group.ch\/de\/interiman-group-haelt-den-kurs\/","url":"https:\/\/www.interiman-group.ch\/de\/interiman-group-haelt-den-kurs\/","name":"Interiman Group h\u00e4lt den Kurs - Interiman Group","isPartOf":{"@id":"https:\/\/www.interiman-group.ch\/de\/#website"},"primaryImageOfPage":{"@id":"https:\/\/www.interiman-group.ch\/de\/interiman-group-haelt-den-kurs\/#primaryimage"},"image":{"@id":"https:\/\/www.interiman-group.ch\/de\/interiman-group-haelt-den-kurs\/#primaryimage"},"thumbnailUrl":"https:\/\/www.interiman-group.ch\/wp-content\/uploads\/2022\/11\/interimangroup_maintient_cap.jpg","datePublished":"2021-02-25T23:00:00+00:00","dateModified":"2023-01-06T10:03:08+00:00","breadcrumb":{"@id":"https:\/\/www.interiman-group.ch\/de\/interiman-group-haelt-den-kurs\/#breadcrumb"},"inLanguage":"de","potentialAction":[{"@type":"ReadAction","target":["https:\/\/www.interiman-group.ch\/de\/interiman-group-haelt-den-kurs\/"]}]},{"@type":"ImageObject","inLanguage":"de","@id":"https:\/\/www.interiman-group.ch\/de\/interiman-group-haelt-den-kurs\/#primaryimage","url":"https:\/\/www.interiman-group.ch\/wp-content\/uploads\/2022\/11\/interimangroup_maintient_cap.jpg","contentUrl":"https:\/\/www.interiman-group.ch\/wp-content\/uploads\/2022\/11\/interimangroup_maintient_cap.jpg","width":1080,"height":720},{"@type":"BreadcrumbList","@id":"https:\/\/www.interiman-group.ch\/de\/interiman-group-haelt-den-kurs\/#breadcrumb","itemListElement":[{"@type":"ListItem","position":1,"name":"Accueil","item":"https:\/\/www.interiman-group.ch\/de\/"},{"@type":"ListItem","position":2,"name":"Interiman Group h\u00e4lt den Kurs"}]},{"@type":"WebSite","@id":"https:\/\/www.interiman-group.ch\/de\/#website","url":"https:\/\/www.interiman-group.ch\/de\/","name":"Interiman Group","description":"","publisher":{"@id":"https:\/\/www.interiman-group.ch\/de\/#organization"},"potentialAction":[{"@type":"SearchAction","target":{"@type":"EntryPoint","urlTemplate":"https:\/\/www.interiman-group.ch\/de\/?s={search_term_string}"},"query-input":{"@type":"PropertyValueSpecification","valueRequired":true,"valueName":"search_term_string"}}],"inLanguage":"de"},{"@type":"Organization","@id":"https:\/\/www.interiman-group.ch\/de\/#organization","name":"Interiman Group","url":"https:\/\/www.interiman-group.ch\/de\/","logo":{"@type":"ImageObject","inLanguage":"de","@id":"https:\/\/www.interiman-group.ch\/de\/#\/schema\/logo\/image\/","url":"https:\/\/www.interiman-group.ch\/wp-content\/uploads\/2022\/10\/igs-nav.png","contentUrl":"https:\/\/www.interiman-group.ch\/wp-content\/uploads\/2022\/10\/igs-nav.png","width":157,"height":62,"caption":"Interiman Group"},"image":{"@id":"https:\/\/www.interiman-group.ch\/de\/#\/schema\/logo\/image\/"},"sameAs":["https:\/\/www.facebook.com\/Medicalis-1737325559702106\/","https:\/\/www.linkedin.com\/company\/19057976\/"]},{"@type":"Person","@id":"https:\/\/www.interiman-group.ch\/de\/#\/schema\/person\/6d4536c0fadd9a53bb7844aa8bc173de","name":"mabbet","image":{"@type":"ImageObject","inLanguage":"de","@id":"https:\/\/www.interiman-group.ch\/de\/#\/schema\/person\/image\/","url":"https:\/\/secure.gravatar.com\/avatar\/c9b8558dd936c0aabcc45d180fce99dccde96ff74ab27f8bbd6345c035cac21d?s=96&d=mm&r=g","contentUrl":"https:\/\/secure.gravatar.com\/avatar\/c9b8558dd936c0aabcc45d180fce99dccde96ff74ab27f8bbd6345c035cac21d?s=96&d=mm&r=g","caption":"mabbet"},"url":"https:\/\/www.interiman-group.ch\/de\/author\/mabbet\/"}]}},"_links":{"self":[{"href":"https:\/\/www.interiman-group.ch\/de\/wp-json\/wp\/v2\/posts\/1257704","targetHints":{"allow":["GET"]}}],"collection":[{"href":"https:\/\/www.interiman-group.ch\/de\/wp-json\/wp\/v2\/posts"}],"about":[{"href":"https:\/\/www.interiman-group.ch\/de\/wp-json\/wp\/v2\/types\/post"}],"author":[{"embeddable":true,"href":"https:\/\/www.interiman-group.ch\/de\/wp-json\/wp\/v2\/users\/3"}],"replies":[{"embeddable":true,"href":"https:\/\/www.interiman-group.ch\/de\/wp-json\/wp\/v2\/comments?post=1257704"}],"version-history":[{"count":1,"href":"https:\/\/www.interiman-group.ch\/de\/wp-json\/wp\/v2\/posts\/1257704\/revisions"}],"predecessor-version":[{"id":1258395,"href":"https:\/\/www.interiman-group.ch\/de\/wp-json\/wp\/v2\/posts\/1257704\/revisions\/1258395"}],"wp:featuredmedia":[{"embeddable":true,"href":"https:\/\/www.interiman-group.ch\/de\/wp-json\/wp\/v2\/media\/1257573"}],"wp:attachment":[{"href":"https:\/\/www.interiman-group.ch\/de\/wp-json\/wp\/v2\/media?parent=1257704"}],"wp:term":[{"taxonomy":"category","embeddable":true,"href":"https:\/\/www.interiman-group.ch\/de\/wp-json\/wp\/v2\/categories?post=1257704"},{"taxonomy":"post_tag","embeddable":true,"href":"https:\/\/www.interiman-group.ch\/de\/wp-json\/wp\/v2\/tags?post=1257704"}],"curies":[{"name":"wp","href":"https:\/\/api.w.org\/{rel}","templated":true}]}}