{"id":1257712,"date":"2021-12-21T00:00:00","date_gmt":"2021-12-20T23:00:00","guid":{"rendered":"https:\/\/www.interiman-group.ch\/albedis-verbessert-ihre-aufstellung\/"},"modified":"2023-01-05T15:44:12","modified_gmt":"2023-01-05T14:44:12","slug":"albedis-verbessert-ihre-aufstellung","status":"publish","type":"post","link":"https:\/\/www.interiman-group.ch\/de\/albedis-verbessert-ihre-aufstellung\/","title":{"rendered":"Albedis verbessert ihre Aufstellung"},"content":{"rendered":"\n<p><em>Seit seiner Gr\u00fcndung steht das Unternehmen Albedis f\u00fcr die Rekrutierung von F\u00fchrungskr\u00e4ften und spielt innerhalb der Interiman Group eine zentrale Rolle. Nun l\u00e4utet sie eine neue \u00c4ra ein, mit einer mehrachsig strukturierten Spezialisierungsstrategie, die unter anderem die Bereiche Marketing, Rechtswesen, Banken &amp; Finanzdienstleistungen, Rechnungswesen &amp; HR, Bauwesen &amp; Immobilien und Einzelhandel sowie Luxus &amp; Mode umfasst. Thomas Deburggraeve, Business Units Director, erl\u00e4utert, welche Herausforderungen diese Neuerung mit sich bringt, deren Umsetzung im Sinne einer zweifachen Expertise der Leitung von vier Verantwortlichen unterliegt.<\/em><\/p>\n\n\n\n<p>Innerhalb der Konstellation der spezialisierten Marken der Interiman Group besetzt die Albedis seit ihrer Gr\u00fcndung im Jahr 2006 eine ganz spezielle Nische. Das Unternehmen hat sich von Anfang an auf die Rekrutierung von F\u00fchrungskr\u00e4ften fokussiert, um die Weiterentwicklung und den Erfolg der KMU sowie multinationaler Unternehmen zu f\u00f6rdern. Die Entwicklungen im Bereich der Bed\u00fcrfnisse sowohl der Unternehmen als auch ihrer F\u00fchrungskr\u00e4fte hat die Business Units Director Thomas Deburggraeve unterstellte Instanz angeregt, einen neuen Ansatz zu entwickeln.<\/p>\n\n\n\n<p><span style=\"text-decoration: underline;\">Enge Verbindungen und proaktives Vorgehen<\/span><\/p>\n\n\n\n<p>\u00ab Wir haben uns daf\u00fcr entschieden, unsere Aktivit\u00e4ten anhand mehrerer thematischer Achsen zu gliedern, um die Personalisierung unserer Dienstleistungen noch genauer auf die individuelle Bed\u00fcrfnisse unserer Kunden zuschneiden zu k\u00f6nnen. Diese Aufteilung nach T\u00e4tigkeits-Schwerpunkten ist insofern von Vorteil, als sie uns in unserem starken Engagement f\u00fcr die von uns rekrutierten Fachkr\u00e4fte und die Unternehmen, an die wir sie vermitteln, zus\u00e4tzlich unterst\u00fctzt. Damit positionieren wir uns mehr denn je als Ansprechpartner, der sich durch seine zweifache Expertise \u2013 Rekrutierung und Fachkenntnis \u2013 auszeichnet, verk\u00f6rpert durch unsere vier neuen Verantwortlichen, die mit der Umsetzung unserer neuen Philosophie vor Ort betraut sind \u00bb, erkl\u00e4rt Thomas Deburggraeve.<\/p>\n\n\n\n<p>Aktuell umfasst unser Angebot die Sektoren Marketing, Banken &amp; Finanzdienstleistungen, Rechnungswesen &amp; HR, Bauwesen &amp; Immobilien und Einzelhandel sowie Luxus &amp; Mode, in denen die Nachfrage nach F\u00fchrungskr\u00e4ften besonders hoch ist. Bei ihren Recherchen kann sich die Albedis zum Einen auf die Synergien st\u00fctzen, die aus dem Filialnetz der Interiman Group hervorgehen, das das ganze Land \u00fcberzieht und gem\u00e4\u00df dem verfolgten 360-Grad-Ansatz das gesamte Spektrum der HR umfasst. \u00ab Zum anderen mobilisieren wir unser Netzwerk, um die Bed\u00fcrfnisse der Unternehmen bereits vorab zu kennen. Dies ist umso wichtiger, als viele F\u00fchrungskr\u00e4fte und Fachkr\u00e4fte, die eine neue berufliche Herausforderung reizvoll finden k\u00f6nnten, nicht aktiv danach suchen. Entsprechend bedeutend sind unser proaktives Vorgehen und die engen Verbindungen, die wir im Laufe der Jahre zu ihnen aufgebaut haben. \u00bb<\/p>\n\n\n\n<p><span style=\"text-decoration: underline;\">Ein Expertenteam<\/span><\/p>\n\n\n\n<p>Was ist dies f\u00fcr ein Team? Es setzt sich aus Experten zusammen, die ausnahmslos \u00fcber fundierte Kenntnisse in Bezug auf ihren jeweiligen Sektor verf\u00fcgen. Einige von ihnen sind bereits seit Jahren f\u00fcr die Gruppe t\u00e4tig. So auch Sabrina Incardona (Bauwesen &amp; Immobilien), die sich auf Arbeitskr\u00e4fte mit Profilen spezialisiert hat, an denen Mangel herrscht, wie etwa Ingenieure, Architekten, Zeichner und Bauleiter, um nur einige zu nennen. Auch Cl\u00e9mence Knigge (Einzelhandel, Luxus &amp; Mode) geh\u00f6rt zu den S\u00e4ulen der Interiman Group, in der sie ihre Ausbildung absolviert hat und seit nunmehr 20 Jahren t\u00e4tig ist. Dabei kommt ihr ihre Expertise im Bereich des Luxussektors zu Gute, dessen Werte Disziplin, Strenge und Exzellenz sie verinnerlicht hat. Bogdan Dinu (Marketing und Rechnungswesen &amp; HR) wiederum kommt aus der Unternehmensfinanzierung, einem Bereich, in dem er f\u00fcr internationale Konzerne t\u00e4tig war und der seit mehreren Jahren sein Spezialgebiet darstellt, w\u00e4hrend Julian Tavares (Banken &amp; Finanzdienstleistungen) auf die Erfahrungen setzt, die er auf den Finanzpl\u00e4tzen Genf und Z\u00fcrich erworben hat, wenn er F\u00fchrungskr\u00e4fte und Unternehmen begleitet, die er an seinem Know-how und seiner zweifachen Expertise teilhaben l\u00e4sst, genau, wie dies auch seine Kollegen tun.<\/p>\n","protected":false},"excerpt":{"rendered":"<p>Seit seiner Gr\u00fcndung steht das Unternehmen Albedis f\u00fcr die Rekrutierung von F\u00fchrungskr\u00e4ften und spielt innerhalb der Interiman Group eine zentrale Rolle. Nun l\u00e4utet sie eine neue \u00c4ra ein, mit einer mehrachsig strukturierten Spezialisierungsstrategie, die unter anderem die Bereiche Marketing, Rechtswesen, Banken &amp; Finanzdienstleistungen, Rechnungswesen &amp; HR, Bauwesen &amp; Immobilien und Einzelhandel sowie Luxus &amp; Mode [&#8230;]<\/p>\n<p><a class=\"btn btn-secondary understrap-read-more-link\" href=\"https:\/\/www.interiman-group.ch\/de\/albedis-verbessert-ihre-aufstellung\/\">Weiterlesen&#8230;<span class=\"screen-reader-text\"> from Albedis verbessert ihre Aufstellung<\/span><\/a><\/p>\n","protected":false},"author":3,"featured_media":1258371,"comment_status":"closed","ping_status":"open","sticky":false,"template":"","format":"standard","meta":{"_monsterinsights_skip_tracking":false,"_monsterinsights_sitenote_active":false,"_monsterinsights_sitenote_note":"","_monsterinsights_sitenote_category":0,"footnotes":""},"categories":[116],"tags":[131],"class_list":["post-1257712","post","type-post","status-publish","format-standard","has-post-thumbnail","hentry","category-news-de","tag-albedis-de"],"yoast_head":"<!-- This site is optimized with the Yoast SEO plugin v26.9 - https:\/\/yoast.com\/product\/yoast-seo-wordpress\/ -->\n<title>Albedis verbessert ihre Aufstellung - Interiman Group<\/title>\n<meta name=\"robots\" content=\"index, follow, max-snippet:-1, max-image-preview:large, max-video-preview:-1\" \/>\n<link rel=\"canonical\" href=\"https:\/\/www.interiman-group.ch\/de\/albedis-verbessert-ihre-aufstellung\/\" \/>\n<meta property=\"og:locale\" content=\"de_DE\" \/>\n<meta property=\"og:type\" content=\"article\" \/>\n<meta property=\"og:title\" content=\"Albedis verbessert ihre Aufstellung - Interiman Group\" \/>\n<meta property=\"og:description\" content=\"Seit seiner Gr\u00fcndung steht das Unternehmen Albedis f\u00fcr die Rekrutierung von F\u00fchrungskr\u00e4ften und spielt innerhalb der Interiman Group eine zentrale Rolle. Nun l\u00e4utet sie eine neue \u00c4ra ein, mit einer mehrachsig strukturierten Spezialisierungsstrategie, die unter anderem die Bereiche Marketing, Rechtswesen, Banken &amp; Finanzdienstleistungen, Rechnungswesen &amp; HR, Bauwesen &amp; Immobilien und Einzelhandel sowie Luxus &amp; Mode [...]Weiterlesen... from Albedis verbessert ihre Aufstellung\" \/>\n<meta property=\"og:url\" content=\"https:\/\/www.interiman-group.ch\/de\/albedis-verbessert-ihre-aufstellung\/\" \/>\n<meta property=\"og:site_name\" content=\"Interiman Group\" \/>\n<meta property=\"article:publisher\" content=\"https:\/\/www.facebook.com\/Medicalis-1737325559702106\/\" \/>\n<meta property=\"article:published_time\" content=\"2021-12-20T23:00:00+00:00\" \/>\n<meta property=\"article:modified_time\" content=\"2023-01-05T14:44:12+00:00\" \/>\n<meta property=\"og:image\" content=\"https:\/\/www.interiman-group.ch\/wp-content\/uploads\/2021\/12\/Thomas-Deburggraeve-040.jpg\" \/>\n\t<meta property=\"og:image:width\" content=\"1000\" \/>\n\t<meta property=\"og:image:height\" content=\"667\" \/>\n\t<meta property=\"og:image:type\" content=\"image\/jpeg\" \/>\n<meta name=\"author\" content=\"mabbet\" \/>\n<meta name=\"twitter:card\" content=\"summary_large_image\" \/>\n<meta name=\"twitter:label1\" content=\"Verfasst von\" \/>\n\t<meta name=\"twitter:data1\" content=\"mabbet\" \/>\n\t<meta name=\"twitter:label2\" content=\"Gesch\u00e4tzte Lesezeit\" \/>\n\t<meta name=\"twitter:data2\" content=\"3\u00a0Minuten\" \/>\n<script type=\"application\/ld+json\" class=\"yoast-schema-graph\">{\"@context\":\"https:\/\/schema.org\",\"@graph\":[{\"@type\":\"Article\",\"@id\":\"https:\/\/www.interiman-group.ch\/de\/albedis-verbessert-ihre-aufstellung\/#article\",\"isPartOf\":{\"@id\":\"https:\/\/www.interiman-group.ch\/de\/albedis-verbessert-ihre-aufstellung\/\"},\"author\":{\"name\":\"mabbet\",\"@id\":\"https:\/\/www.interiman-group.ch\/de\/#\/schema\/person\/6d4536c0fadd9a53bb7844aa8bc173de\"},\"headline\":\"Albedis verbessert ihre Aufstellung\",\"datePublished\":\"2021-12-20T23:00:00+00:00\",\"dateModified\":\"2023-01-05T14:44:12+00:00\",\"mainEntityOfPage\":{\"@id\":\"https:\/\/www.interiman-group.ch\/de\/albedis-verbessert-ihre-aufstellung\/\"},\"wordCount\":627,\"publisher\":{\"@id\":\"https:\/\/www.interiman-group.ch\/de\/#organization\"},\"image\":{\"@id\":\"https:\/\/www.interiman-group.ch\/de\/albedis-verbessert-ihre-aufstellung\/#primaryimage\"},\"thumbnailUrl\":\"https:\/\/www.interiman-group.ch\/wp-content\/uploads\/2021\/12\/Thomas-Deburggraeve-040.jpg\",\"keywords\":[\"Albedis\"],\"articleSection\":[\"Aktuelles\"],\"inLanguage\":\"de\"},{\"@type\":\"WebPage\",\"@id\":\"https:\/\/www.interiman-group.ch\/de\/albedis-verbessert-ihre-aufstellung\/\",\"url\":\"https:\/\/www.interiman-group.ch\/de\/albedis-verbessert-ihre-aufstellung\/\",\"name\":\"Albedis verbessert ihre Aufstellung - Interiman Group\",\"isPartOf\":{\"@id\":\"https:\/\/www.interiman-group.ch\/de\/#website\"},\"primaryImageOfPage\":{\"@id\":\"https:\/\/www.interiman-group.ch\/de\/albedis-verbessert-ihre-aufstellung\/#primaryimage\"},\"image\":{\"@id\":\"https:\/\/www.interiman-group.ch\/de\/albedis-verbessert-ihre-aufstellung\/#primaryimage\"},\"thumbnailUrl\":\"https:\/\/www.interiman-group.ch\/wp-content\/uploads\/2021\/12\/Thomas-Deburggraeve-040.jpg\",\"datePublished\":\"2021-12-20T23:00:00+00:00\",\"dateModified\":\"2023-01-05T14:44:12+00:00\",\"breadcrumb\":{\"@id\":\"https:\/\/www.interiman-group.ch\/de\/albedis-verbessert-ihre-aufstellung\/#breadcrumb\"},\"inLanguage\":\"de\",\"potentialAction\":[{\"@type\":\"ReadAction\",\"target\":[\"https:\/\/www.interiman-group.ch\/de\/albedis-verbessert-ihre-aufstellung\/\"]}]},{\"@type\":\"ImageObject\",\"inLanguage\":\"de\",\"@id\":\"https:\/\/www.interiman-group.ch\/de\/albedis-verbessert-ihre-aufstellung\/#primaryimage\",\"url\":\"https:\/\/www.interiman-group.ch\/wp-content\/uploads\/2021\/12\/Thomas-Deburggraeve-040.jpg\",\"contentUrl\":\"https:\/\/www.interiman-group.ch\/wp-content\/uploads\/2021\/12\/Thomas-Deburggraeve-040.jpg\",\"width\":1000,\"height\":667},{\"@type\":\"BreadcrumbList\",\"@id\":\"https:\/\/www.interiman-group.ch\/de\/albedis-verbessert-ihre-aufstellung\/#breadcrumb\",\"itemListElement\":[{\"@type\":\"ListItem\",\"position\":1,\"name\":\"Accueil\",\"item\":\"https:\/\/www.interiman-group.ch\/de\/\"},{\"@type\":\"ListItem\",\"position\":2,\"name\":\"Albedis verbessert ihre Aufstellung\"}]},{\"@type\":\"WebSite\",\"@id\":\"https:\/\/www.interiman-group.ch\/de\/#website\",\"url\":\"https:\/\/www.interiman-group.ch\/de\/\",\"name\":\"Interiman Group\",\"description\":\"\",\"publisher\":{\"@id\":\"https:\/\/www.interiman-group.ch\/de\/#organization\"},\"potentialAction\":[{\"@type\":\"SearchAction\",\"target\":{\"@type\":\"EntryPoint\",\"urlTemplate\":\"https:\/\/www.interiman-group.ch\/de\/?s={search_term_string}\"},\"query-input\":{\"@type\":\"PropertyValueSpecification\",\"valueRequired\":true,\"valueName\":\"search_term_string\"}}],\"inLanguage\":\"de\"},{\"@type\":\"Organization\",\"@id\":\"https:\/\/www.interiman-group.ch\/de\/#organization\",\"name\":\"Interiman Group\",\"url\":\"https:\/\/www.interiman-group.ch\/de\/\",\"logo\":{\"@type\":\"ImageObject\",\"inLanguage\":\"de\",\"@id\":\"https:\/\/www.interiman-group.ch\/de\/#\/schema\/logo\/image\/\",\"url\":\"https:\/\/www.interiman-group.ch\/wp-content\/uploads\/2022\/10\/igs-nav.png\",\"contentUrl\":\"https:\/\/www.interiman-group.ch\/wp-content\/uploads\/2022\/10\/igs-nav.png\",\"width\":157,\"height\":62,\"caption\":\"Interiman Group\"},\"image\":{\"@id\":\"https:\/\/www.interiman-group.ch\/de\/#\/schema\/logo\/image\/\"},\"sameAs\":[\"https:\/\/www.facebook.com\/Medicalis-1737325559702106\/\",\"https:\/\/www.linkedin.com\/company\/19057976\/\"]},{\"@type\":\"Person\",\"@id\":\"https:\/\/www.interiman-group.ch\/de\/#\/schema\/person\/6d4536c0fadd9a53bb7844aa8bc173de\",\"name\":\"mabbet\",\"image\":{\"@type\":\"ImageObject\",\"inLanguage\":\"de\",\"@id\":\"https:\/\/www.interiman-group.ch\/de\/#\/schema\/person\/image\/\",\"url\":\"https:\/\/secure.gravatar.com\/avatar\/c9b8558dd936c0aabcc45d180fce99dccde96ff74ab27f8bbd6345c035cac21d?s=96&d=mm&r=g\",\"contentUrl\":\"https:\/\/secure.gravatar.com\/avatar\/c9b8558dd936c0aabcc45d180fce99dccde96ff74ab27f8bbd6345c035cac21d?s=96&d=mm&r=g\",\"caption\":\"mabbet\"},\"url\":\"https:\/\/www.interiman-group.ch\/de\/author\/mabbet\/\"}]}<\/script>\n<!-- \/ Yoast SEO plugin. -->","yoast_head_json":{"title":"Albedis verbessert ihre Aufstellung - Interiman Group","robots":{"index":"index","follow":"follow","max-snippet":"max-snippet:-1","max-image-preview":"max-image-preview:large","max-video-preview":"max-video-preview:-1"},"canonical":"https:\/\/www.interiman-group.ch\/de\/albedis-verbessert-ihre-aufstellung\/","og_locale":"de_DE","og_type":"article","og_title":"Albedis verbessert ihre Aufstellung - Interiman Group","og_description":"Seit seiner Gr\u00fcndung steht das Unternehmen Albedis f\u00fcr die Rekrutierung von F\u00fchrungskr\u00e4ften und spielt innerhalb der Interiman Group eine zentrale Rolle. Nun l\u00e4utet sie eine neue \u00c4ra ein, mit einer mehrachsig strukturierten Spezialisierungsstrategie, die unter anderem die Bereiche Marketing, Rechtswesen, Banken &amp; Finanzdienstleistungen, Rechnungswesen &amp; HR, Bauwesen &amp; Immobilien und Einzelhandel sowie Luxus &amp; Mode [...]Weiterlesen... from Albedis verbessert ihre Aufstellung","og_url":"https:\/\/www.interiman-group.ch\/de\/albedis-verbessert-ihre-aufstellung\/","og_site_name":"Interiman Group","article_publisher":"https:\/\/www.facebook.com\/Medicalis-1737325559702106\/","article_published_time":"2021-12-20T23:00:00+00:00","article_modified_time":"2023-01-05T14:44:12+00:00","og_image":[{"width":1000,"height":667,"url":"https:\/\/www.interiman-group.ch\/wp-content\/uploads\/2021\/12\/Thomas-Deburggraeve-040.jpg","type":"image\/jpeg"}],"author":"mabbet","twitter_card":"summary_large_image","twitter_misc":{"Verfasst von":"mabbet","Gesch\u00e4tzte Lesezeit":"3\u00a0Minuten"},"schema":{"@context":"https:\/\/schema.org","@graph":[{"@type":"Article","@id":"https:\/\/www.interiman-group.ch\/de\/albedis-verbessert-ihre-aufstellung\/#article","isPartOf":{"@id":"https:\/\/www.interiman-group.ch\/de\/albedis-verbessert-ihre-aufstellung\/"},"author":{"name":"mabbet","@id":"https:\/\/www.interiman-group.ch\/de\/#\/schema\/person\/6d4536c0fadd9a53bb7844aa8bc173de"},"headline":"Albedis verbessert ihre Aufstellung","datePublished":"2021-12-20T23:00:00+00:00","dateModified":"2023-01-05T14:44:12+00:00","mainEntityOfPage":{"@id":"https:\/\/www.interiman-group.ch\/de\/albedis-verbessert-ihre-aufstellung\/"},"wordCount":627,"publisher":{"@id":"https:\/\/www.interiman-group.ch\/de\/#organization"},"image":{"@id":"https:\/\/www.interiman-group.ch\/de\/albedis-verbessert-ihre-aufstellung\/#primaryimage"},"thumbnailUrl":"https:\/\/www.interiman-group.ch\/wp-content\/uploads\/2021\/12\/Thomas-Deburggraeve-040.jpg","keywords":["Albedis"],"articleSection":["Aktuelles"],"inLanguage":"de"},{"@type":"WebPage","@id":"https:\/\/www.interiman-group.ch\/de\/albedis-verbessert-ihre-aufstellung\/","url":"https:\/\/www.interiman-group.ch\/de\/albedis-verbessert-ihre-aufstellung\/","name":"Albedis verbessert ihre Aufstellung - Interiman Group","isPartOf":{"@id":"https:\/\/www.interiman-group.ch\/de\/#website"},"primaryImageOfPage":{"@id":"https:\/\/www.interiman-group.ch\/de\/albedis-verbessert-ihre-aufstellung\/#primaryimage"},"image":{"@id":"https:\/\/www.interiman-group.ch\/de\/albedis-verbessert-ihre-aufstellung\/#primaryimage"},"thumbnailUrl":"https:\/\/www.interiman-group.ch\/wp-content\/uploads\/2021\/12\/Thomas-Deburggraeve-040.jpg","datePublished":"2021-12-20T23:00:00+00:00","dateModified":"2023-01-05T14:44:12+00:00","breadcrumb":{"@id":"https:\/\/www.interiman-group.ch\/de\/albedis-verbessert-ihre-aufstellung\/#breadcrumb"},"inLanguage":"de","potentialAction":[{"@type":"ReadAction","target":["https:\/\/www.interiman-group.ch\/de\/albedis-verbessert-ihre-aufstellung\/"]}]},{"@type":"ImageObject","inLanguage":"de","@id":"https:\/\/www.interiman-group.ch\/de\/albedis-verbessert-ihre-aufstellung\/#primaryimage","url":"https:\/\/www.interiman-group.ch\/wp-content\/uploads\/2021\/12\/Thomas-Deburggraeve-040.jpg","contentUrl":"https:\/\/www.interiman-group.ch\/wp-content\/uploads\/2021\/12\/Thomas-Deburggraeve-040.jpg","width":1000,"height":667},{"@type":"BreadcrumbList","@id":"https:\/\/www.interiman-group.ch\/de\/albedis-verbessert-ihre-aufstellung\/#breadcrumb","itemListElement":[{"@type":"ListItem","position":1,"name":"Accueil","item":"https:\/\/www.interiman-group.ch\/de\/"},{"@type":"ListItem","position":2,"name":"Albedis verbessert ihre Aufstellung"}]},{"@type":"WebSite","@id":"https:\/\/www.interiman-group.ch\/de\/#website","url":"https:\/\/www.interiman-group.ch\/de\/","name":"Interiman Group","description":"","publisher":{"@id":"https:\/\/www.interiman-group.ch\/de\/#organization"},"potentialAction":[{"@type":"SearchAction","target":{"@type":"EntryPoint","urlTemplate":"https:\/\/www.interiman-group.ch\/de\/?s={search_term_string}"},"query-input":{"@type":"PropertyValueSpecification","valueRequired":true,"valueName":"search_term_string"}}],"inLanguage":"de"},{"@type":"Organization","@id":"https:\/\/www.interiman-group.ch\/de\/#organization","name":"Interiman Group","url":"https:\/\/www.interiman-group.ch\/de\/","logo":{"@type":"ImageObject","inLanguage":"de","@id":"https:\/\/www.interiman-group.ch\/de\/#\/schema\/logo\/image\/","url":"https:\/\/www.interiman-group.ch\/wp-content\/uploads\/2022\/10\/igs-nav.png","contentUrl":"https:\/\/www.interiman-group.ch\/wp-content\/uploads\/2022\/10\/igs-nav.png","width":157,"height":62,"caption":"Interiman Group"},"image":{"@id":"https:\/\/www.interiman-group.ch\/de\/#\/schema\/logo\/image\/"},"sameAs":["https:\/\/www.facebook.com\/Medicalis-1737325559702106\/","https:\/\/www.linkedin.com\/company\/19057976\/"]},{"@type":"Person","@id":"https:\/\/www.interiman-group.ch\/de\/#\/schema\/person\/6d4536c0fadd9a53bb7844aa8bc173de","name":"mabbet","image":{"@type":"ImageObject","inLanguage":"de","@id":"https:\/\/www.interiman-group.ch\/de\/#\/schema\/person\/image\/","url":"https:\/\/secure.gravatar.com\/avatar\/c9b8558dd936c0aabcc45d180fce99dccde96ff74ab27f8bbd6345c035cac21d?s=96&d=mm&r=g","contentUrl":"https:\/\/secure.gravatar.com\/avatar\/c9b8558dd936c0aabcc45d180fce99dccde96ff74ab27f8bbd6345c035cac21d?s=96&d=mm&r=g","caption":"mabbet"},"url":"https:\/\/www.interiman-group.ch\/de\/author\/mabbet\/"}]}},"_links":{"self":[{"href":"https:\/\/www.interiman-group.ch\/de\/wp-json\/wp\/v2\/posts\/1257712","targetHints":{"allow":["GET"]}}],"collection":[{"href":"https:\/\/www.interiman-group.ch\/de\/wp-json\/wp\/v2\/posts"}],"about":[{"href":"https:\/\/www.interiman-group.ch\/de\/wp-json\/wp\/v2\/types\/post"}],"author":[{"embeddable":true,"href":"https:\/\/www.interiman-group.ch\/de\/wp-json\/wp\/v2\/users\/3"}],"replies":[{"embeddable":true,"href":"https:\/\/www.interiman-group.ch\/de\/wp-json\/wp\/v2\/comments?post=1257712"}],"version-history":[{"count":2,"href":"https:\/\/www.interiman-group.ch\/de\/wp-json\/wp\/v2\/posts\/1257712\/revisions"}],"predecessor-version":[{"id":1258373,"href":"https:\/\/www.interiman-group.ch\/de\/wp-json\/wp\/v2\/posts\/1257712\/revisions\/1258373"}],"wp:featuredmedia":[{"embeddable":true,"href":"https:\/\/www.interiman-group.ch\/de\/wp-json\/wp\/v2\/media\/1258371"}],"wp:attachment":[{"href":"https:\/\/www.interiman-group.ch\/de\/wp-json\/wp\/v2\/media?parent=1257712"}],"wp:term":[{"taxonomy":"category","embeddable":true,"href":"https:\/\/www.interiman-group.ch\/de\/wp-json\/wp\/v2\/categories?post=1257712"},{"taxonomy":"post_tag","embeddable":true,"href":"https:\/\/www.interiman-group.ch\/de\/wp-json\/wp\/v2\/tags?post=1257712"}],"curies":[{"name":"wp","href":"https:\/\/api.w.org\/{rel}","templated":true}]}}