{"id":1257713,"date":"2021-12-21T00:00:00","date_gmt":"2021-12-20T23:00:00","guid":{"rendered":"https:\/\/www.interiman-group.ch\/medicalis-weiht-eine-agentur-in-neuchatel-ein\/"},"modified":"2023-01-06T11:01:27","modified_gmt":"2023-01-06T10:01:27","slug":"medicalis-weiht-eine-agentur-in-neuchatel-ein","status":"publish","type":"post","link":"https:\/\/www.interiman-group.ch\/de\/medicalis-weiht-eine-agentur-in-neuchatel-ein\/","title":{"rendered":"Medicalis weiht eine Agentur in Neuch\u00e2tel ein"},"content":{"rendered":"\n<p><em>Das auf Festanstellungen und tempor\u00e4re Eins\u00e4tze im Gesundheits- und Pflegesektor spezialisierte Unternehmen treibt seine Expansion in der Romandie voran. Seit September 2021 ist das Unternehmen der Interiman Group in Neuch\u00e2tel pr\u00e4sent, mit einer Agentur im Stadtzentrum unter der Leitung von Delphine Houg, die \u00fcber umfangreiche Erfahrung sowohl im Pflegefach als auch im Bereich Teamf\u00fchrung verf\u00fcgt. Die in Neuch\u00e2tel verwurzelte Struktur werde den Bed\u00fcrfnissen vor Ort gerecht und erm\u00f6gliche einen Ausbau des Rekrutierungspotenzials, sagt David Paulou, der Direktor von Medicalis.<\/em><\/p>\n\n\n\n<p>Spezialisierung und N\u00e4he sind seit jeher Teil der DNA der Interiman Group. Daher erscheint die Einweihung einer Agentur im Herzen von Neuch\u00e2tel im September als logische Fortsetzung der Strategie, bevorzugt kleine, spezialisierte Fachstellen aufzubauen, die strategisch \u00fcber das gesamte Gebiet verteilt sind. \u00ab Das Ziel besteht letztlich darin, in allen Kantonen der Schweiz vertreten zu sein, wobei aber jede neue Phase unserer Entwicklung Gegenstand reiflicher \u00dcberlegung ist. Wir m\u00f6chten unser Wachstum nicht zu schnell vollziehen, wof\u00fcr Neuch\u00e2tel ein gutes Beispiel ist: Erst, nachdem wir uns vergewissert hatten, dass alle erforderlichen Bedingungen erf\u00fcllt waren, haben wir mit der konkreten Umsetzung des Er\u00f6ffnungsprojekts begonnen \u00bb, erkl\u00e4rt Paulou, Direktor von Medicalis.<\/p>\n\n\n\n<p><span style=\"text-decoration: underline;\">Eine starke regionale Verwurzelung<\/span><\/p>\n\n\n\n<p>Diese regionale Verwurzelung ist au\u00dferdem auf die besondere Struktur des schweizerischen Gesundheitssystems zur\u00fcckzuf\u00fchren, innerhalb dessen jeder Kanton autonom agiert. Die unterschiedlichen Modelle sprechen f\u00fcr eine lokale Pr\u00e4senz, insbesondere im Kontext der Gesundheitskrise. \u00ab Die zur Bek\u00e4mpfung des Coronavirus eingef\u00fchrten Strategien unterscheiden sich von Kanton zu Kanton, was die \u00f6rtliche Pr\u00e4senz von Teams die wissen wie das jeweilige \u00d6kosystem funktioniert unerl\u00e4sslich macht\u00bb f\u00fcgt der Direktor von Medicalis hinzu. Davon abgesehen erm\u00f6glicht die Einweihung der Agentur in Neuch\u00e2tel einen Ausbau des Rekrutierungspotentials, auch mit Blick auf die franz\u00f6sischen Regionen Bourgogne-Franche-Comt\u00e9 oder sogar Grand Est, mit dem Ziel, schnell die Arbeitskr\u00e4fte mit den geeignetsten Profilen rekrutieren zu k\u00f6nnen.<\/p>\n\n\n\n<p>Vor Ort werden die Ziele von Medicalis durch Delphine Houg umgesetzt, die \u00fcber den Vorteil 20-j\u00e4hriger Arbeitserfahrung im Krankenhaus-Netzwerk von Neuch\u00e2tel verf\u00fcgt. Dort hatte sie bis 2021 die Funktion eines Responsable Case Manager inne, nachdem sie zuvor sechs Jahre lang eine Station f\u00fcr Allgemeinmedizin und Onkologie geleitet hatte und 10 Jahre lang als Krankenschwester auf einer Intensivstation t\u00e4tig gewesen war. \u00ab Dank ihrer umfangreichen Kompetenzen und ihrer tiefgreifenden Kenntnis des Gesundheits- und Pflegesektors in Neuch\u00e2tel ist Delphine Houg ideal als treibende Kraft f\u00fcr die Umsetzung unserer neuen Struktur geeignet, da sie nat\u00fcrlich von interessanten Synergien mit unseren Agenturen in Lausanne und Genf profitiert, wo sie fr\u00fcher Praktika absolviert hat \u00bb, pr\u00e4zisiert David Paulou. Au\u00dferdem weist er noch auf den Vorteil des breit gef\u00e4cherten Angebots an Fachausbildungen hin, das durch das Eduqua-zertifizierte Ausbildungszentrum Hotelis Training &amp; Development f\u00fcr durch Medicalis vermitteltes Personal bereitgestellt wird.<\/p>\n\n\n\n<p><span style=\"text-decoration: underline;\">Kompetenzen im Pflege- und Management-Bereich<\/span><\/p>\n\n\n\n<p>Angesichts der Herausforderung, vor der sie steht, kann sich Delphine Houg zum Einen auf ihre Erfahrungen im Pflegefach st\u00fctzen, zum anderen auf ihre F\u00e4higkeiten auf dem Gebiet der Personalf\u00fchrung. Sie hat mehrere Ausbildungsg\u00e4nge im Management-Bereich absolviert, namentlich in Gestalt eines Zertifikats in mitarbeiterorientiertem Management und eines eidgen\u00f6ssischen Fachausweises als F\u00fchrungsfachfrau in sozialen und sozial-medizinischen Institutionen (2013). Und, nicht zu vergessen, eines Zertifikats als Itin\u00e9raire Patient Manager IPM (2018), des j\u00fcngsten Abschnitts eines Bildungsansatzes, der ihre berufliche Praxis bereichert hat.<\/p>\n\n\n\n<p>Ihre Entscheidung, sich nunmehr in die Vermittlung von Festanstellungen und tempor\u00e4ren Eins\u00e4tzen einzubringen, betrachtet sie als eine M\u00f6glichkeit, den Beruf, den sie mehr als 20 Jahre ausge\u00fcbt hat, aus einem anderen Blickwinkel kennenzulernen. \u00ab Im Verlauf meiner Karriere hatte ich die Chance, mich immer weiterzuentwickeln und in der Hierarchie aufzusteigen. In jeder Etappe konnte ich in meinem bescheidenen Rahmen zur guten Funktion des Gesundheitssystems beitragen. Ich freue mich, unter dem Banner von Medicalis weiter im Austausch mit Krankenh\u00e4usern und Gesundheitsfachkr\u00e4ften zu stehen und deren Erwartungen und Bed\u00fcrfnisse zu erf\u00fcllen, indem ich aus meiner pers\u00f6nlichen Erfahrung sch\u00f6pfe. \u00bb<\/p>\n","protected":false},"excerpt":{"rendered":"<p>Das auf Festanstellungen und tempor\u00e4re Eins\u00e4tze im Gesundheits- und Pflegesektor spezialisierte Unternehmen treibt seine Expansion in der Romandie voran. Seit September 2021 ist das Unternehmen der Interiman Group in Neuch\u00e2tel pr\u00e4sent, mit einer Agentur im Stadtzentrum unter der Leitung von Delphine Houg, die \u00fcber umfangreiche Erfahrung sowohl im Pflegefach als auch im Bereich Teamf\u00fchrung verf\u00fcgt. [&#8230;]<\/p>\n<p><a class=\"btn btn-secondary understrap-read-more-link\" href=\"https:\/\/www.interiman-group.ch\/de\/medicalis-weiht-eine-agentur-in-neuchatel-ein\/\">Weiterlesen&#8230;<span class=\"screen-reader-text\"> from Medicalis weiht eine Agentur in Neuch\u00e2tel ein<\/span><\/a><\/p>\n","protected":false},"author":3,"featured_media":1257625,"comment_status":"closed","ping_status":"open","sticky":false,"template":"","format":"standard","meta":{"_monsterinsights_skip_tracking":false,"_monsterinsights_sitenote_active":false,"_monsterinsights_sitenote_note":"","_monsterinsights_sitenote_category":0,"footnotes":""},"categories":[116],"tags":[154],"class_list":["post-1257713","post","type-post","status-publish","format-standard","has-post-thumbnail","hentry","category-news-de","tag-medicalis-de"],"yoast_head":"<!-- This site is optimized with the Yoast SEO plugin v26.9 - https:\/\/yoast.com\/product\/yoast-seo-wordpress\/ -->\n<title>Medicalis weiht eine Agentur in Neuch\u00e2tel ein - Interiman Group<\/title>\n<meta name=\"robots\" content=\"index, follow, max-snippet:-1, max-image-preview:large, max-video-preview:-1\" \/>\n<link rel=\"canonical\" href=\"https:\/\/www.interiman-group.ch\/de\/medicalis-weiht-eine-agentur-in-neuchatel-ein\/\" \/>\n<meta property=\"og:locale\" content=\"de_DE\" \/>\n<meta property=\"og:type\" content=\"article\" \/>\n<meta property=\"og:title\" content=\"Medicalis weiht eine Agentur in Neuch\u00e2tel ein - Interiman Group\" \/>\n<meta property=\"og:description\" content=\"Das auf Festanstellungen und tempor\u00e4re Eins\u00e4tze im Gesundheits- und Pflegesektor spezialisierte Unternehmen treibt seine Expansion in der Romandie voran. Seit September 2021 ist das Unternehmen der Interiman Group in Neuch\u00e2tel pr\u00e4sent, mit einer Agentur im Stadtzentrum unter der Leitung von Delphine Houg, die \u00fcber umfangreiche Erfahrung sowohl im Pflegefach als auch im Bereich Teamf\u00fchrung verf\u00fcgt. [...]Weiterlesen... from Medicalis weiht eine Agentur in Neuch\u00e2tel ein\" \/>\n<meta property=\"og:url\" content=\"https:\/\/www.interiman-group.ch\/de\/medicalis-weiht-eine-agentur-in-neuchatel-ein\/\" \/>\n<meta property=\"og:site_name\" content=\"Interiman Group\" \/>\n<meta property=\"article:publisher\" content=\"https:\/\/www.facebook.com\/Medicalis-1737325559702106\/\" \/>\n<meta property=\"article:published_time\" content=\"2021-12-20T23:00:00+00:00\" \/>\n<meta property=\"article:modified_time\" content=\"2023-01-06T10:01:27+00:00\" \/>\n<meta property=\"og:image\" content=\"https:\/\/www.interiman-group.ch\/wp-content\/uploads\/2022\/11\/AdobeStock_296301421.png\" \/>\n\t<meta property=\"og:image:width\" content=\"1200\" \/>\n\t<meta property=\"og:image:height\" content=\"630\" \/>\n\t<meta property=\"og:image:type\" content=\"image\/png\" \/>\n<meta name=\"author\" content=\"mabbet\" \/>\n<meta name=\"twitter:card\" content=\"summary_large_image\" \/>\n<meta name=\"twitter:label1\" content=\"Verfasst von\" \/>\n\t<meta name=\"twitter:data1\" content=\"mabbet\" \/>\n\t<meta name=\"twitter:label2\" content=\"Gesch\u00e4tzte Lesezeit\" \/>\n\t<meta name=\"twitter:data2\" content=\"4\u00a0Minuten\" \/>\n<script type=\"application\/ld+json\" class=\"yoast-schema-graph\">{\"@context\":\"https:\/\/schema.org\",\"@graph\":[{\"@type\":\"Article\",\"@id\":\"https:\/\/www.interiman-group.ch\/de\/medicalis-weiht-eine-agentur-in-neuchatel-ein\/#article\",\"isPartOf\":{\"@id\":\"https:\/\/www.interiman-group.ch\/de\/medicalis-weiht-eine-agentur-in-neuchatel-ein\/\"},\"author\":{\"name\":\"mabbet\",\"@id\":\"https:\/\/www.interiman-group.ch\/de\/#\/schema\/person\/6d4536c0fadd9a53bb7844aa8bc173de\"},\"headline\":\"Medicalis weiht eine Agentur in Neuch\u00e2tel ein\",\"datePublished\":\"2021-12-20T23:00:00+00:00\",\"dateModified\":\"2023-01-06T10:01:27+00:00\",\"mainEntityOfPage\":{\"@id\":\"https:\/\/www.interiman-group.ch\/de\/medicalis-weiht-eine-agentur-in-neuchatel-ein\/\"},\"wordCount\":678,\"publisher\":{\"@id\":\"https:\/\/www.interiman-group.ch\/de\/#organization\"},\"image\":{\"@id\":\"https:\/\/www.interiman-group.ch\/de\/medicalis-weiht-eine-agentur-in-neuchatel-ein\/#primaryimage\"},\"thumbnailUrl\":\"https:\/\/www.interiman-group.ch\/wp-content\/uploads\/2022\/11\/AdobeStock_296301421.png\",\"keywords\":[\"Medicalis\"],\"articleSection\":[\"Aktuelles\"],\"inLanguage\":\"de\"},{\"@type\":\"WebPage\",\"@id\":\"https:\/\/www.interiman-group.ch\/de\/medicalis-weiht-eine-agentur-in-neuchatel-ein\/\",\"url\":\"https:\/\/www.interiman-group.ch\/de\/medicalis-weiht-eine-agentur-in-neuchatel-ein\/\",\"name\":\"Medicalis weiht eine Agentur in Neuch\u00e2tel ein - Interiman Group\",\"isPartOf\":{\"@id\":\"https:\/\/www.interiman-group.ch\/de\/#website\"},\"primaryImageOfPage\":{\"@id\":\"https:\/\/www.interiman-group.ch\/de\/medicalis-weiht-eine-agentur-in-neuchatel-ein\/#primaryimage\"},\"image\":{\"@id\":\"https:\/\/www.interiman-group.ch\/de\/medicalis-weiht-eine-agentur-in-neuchatel-ein\/#primaryimage\"},\"thumbnailUrl\":\"https:\/\/www.interiman-group.ch\/wp-content\/uploads\/2022\/11\/AdobeStock_296301421.png\",\"datePublished\":\"2021-12-20T23:00:00+00:00\",\"dateModified\":\"2023-01-06T10:01:27+00:00\",\"breadcrumb\":{\"@id\":\"https:\/\/www.interiman-group.ch\/de\/medicalis-weiht-eine-agentur-in-neuchatel-ein\/#breadcrumb\"},\"inLanguage\":\"de\",\"potentialAction\":[{\"@type\":\"ReadAction\",\"target\":[\"https:\/\/www.interiman-group.ch\/de\/medicalis-weiht-eine-agentur-in-neuchatel-ein\/\"]}]},{\"@type\":\"ImageObject\",\"inLanguage\":\"de\",\"@id\":\"https:\/\/www.interiman-group.ch\/de\/medicalis-weiht-eine-agentur-in-neuchatel-ein\/#primaryimage\",\"url\":\"https:\/\/www.interiman-group.ch\/wp-content\/uploads\/2022\/11\/AdobeStock_296301421.png\",\"contentUrl\":\"https:\/\/www.interiman-group.ch\/wp-content\/uploads\/2022\/11\/AdobeStock_296301421.png\",\"width\":1200,\"height\":630},{\"@type\":\"BreadcrumbList\",\"@id\":\"https:\/\/www.interiman-group.ch\/de\/medicalis-weiht-eine-agentur-in-neuchatel-ein\/#breadcrumb\",\"itemListElement\":[{\"@type\":\"ListItem\",\"position\":1,\"name\":\"Accueil\",\"item\":\"https:\/\/www.interiman-group.ch\/de\/\"},{\"@type\":\"ListItem\",\"position\":2,\"name\":\"Medicalis weiht eine Agentur in Neuch\u00e2tel ein\"}]},{\"@type\":\"WebSite\",\"@id\":\"https:\/\/www.interiman-group.ch\/de\/#website\",\"url\":\"https:\/\/www.interiman-group.ch\/de\/\",\"name\":\"Interiman Group\",\"description\":\"\",\"publisher\":{\"@id\":\"https:\/\/www.interiman-group.ch\/de\/#organization\"},\"potentialAction\":[{\"@type\":\"SearchAction\",\"target\":{\"@type\":\"EntryPoint\",\"urlTemplate\":\"https:\/\/www.interiman-group.ch\/de\/?s={search_term_string}\"},\"query-input\":{\"@type\":\"PropertyValueSpecification\",\"valueRequired\":true,\"valueName\":\"search_term_string\"}}],\"inLanguage\":\"de\"},{\"@type\":\"Organization\",\"@id\":\"https:\/\/www.interiman-group.ch\/de\/#organization\",\"name\":\"Interiman Group\",\"url\":\"https:\/\/www.interiman-group.ch\/de\/\",\"logo\":{\"@type\":\"ImageObject\",\"inLanguage\":\"de\",\"@id\":\"https:\/\/www.interiman-group.ch\/de\/#\/schema\/logo\/image\/\",\"url\":\"https:\/\/www.interiman-group.ch\/wp-content\/uploads\/2022\/10\/igs-nav.png\",\"contentUrl\":\"https:\/\/www.interiman-group.ch\/wp-content\/uploads\/2022\/10\/igs-nav.png\",\"width\":157,\"height\":62,\"caption\":\"Interiman Group\"},\"image\":{\"@id\":\"https:\/\/www.interiman-group.ch\/de\/#\/schema\/logo\/image\/\"},\"sameAs\":[\"https:\/\/www.facebook.com\/Medicalis-1737325559702106\/\",\"https:\/\/www.linkedin.com\/company\/19057976\/\"]},{\"@type\":\"Person\",\"@id\":\"https:\/\/www.interiman-group.ch\/de\/#\/schema\/person\/6d4536c0fadd9a53bb7844aa8bc173de\",\"name\":\"mabbet\",\"image\":{\"@type\":\"ImageObject\",\"inLanguage\":\"de\",\"@id\":\"https:\/\/www.interiman-group.ch\/de\/#\/schema\/person\/image\/\",\"url\":\"https:\/\/secure.gravatar.com\/avatar\/c9b8558dd936c0aabcc45d180fce99dccde96ff74ab27f8bbd6345c035cac21d?s=96&d=mm&r=g\",\"contentUrl\":\"https:\/\/secure.gravatar.com\/avatar\/c9b8558dd936c0aabcc45d180fce99dccde96ff74ab27f8bbd6345c035cac21d?s=96&d=mm&r=g\",\"caption\":\"mabbet\"},\"url\":\"https:\/\/www.interiman-group.ch\/de\/author\/mabbet\/\"}]}<\/script>\n<!-- \/ Yoast SEO plugin. -->","yoast_head_json":{"title":"Medicalis weiht eine Agentur in Neuch\u00e2tel ein - Interiman Group","robots":{"index":"index","follow":"follow","max-snippet":"max-snippet:-1","max-image-preview":"max-image-preview:large","max-video-preview":"max-video-preview:-1"},"canonical":"https:\/\/www.interiman-group.ch\/de\/medicalis-weiht-eine-agentur-in-neuchatel-ein\/","og_locale":"de_DE","og_type":"article","og_title":"Medicalis weiht eine Agentur in Neuch\u00e2tel ein - Interiman Group","og_description":"Das auf Festanstellungen und tempor\u00e4re Eins\u00e4tze im Gesundheits- und Pflegesektor spezialisierte Unternehmen treibt seine Expansion in der Romandie voran. Seit September 2021 ist das Unternehmen der Interiman Group in Neuch\u00e2tel pr\u00e4sent, mit einer Agentur im Stadtzentrum unter der Leitung von Delphine Houg, die \u00fcber umfangreiche Erfahrung sowohl im Pflegefach als auch im Bereich Teamf\u00fchrung verf\u00fcgt. [...]Weiterlesen... from Medicalis weiht eine Agentur in Neuch\u00e2tel ein","og_url":"https:\/\/www.interiman-group.ch\/de\/medicalis-weiht-eine-agentur-in-neuchatel-ein\/","og_site_name":"Interiman Group","article_publisher":"https:\/\/www.facebook.com\/Medicalis-1737325559702106\/","article_published_time":"2021-12-20T23:00:00+00:00","article_modified_time":"2023-01-06T10:01:27+00:00","og_image":[{"width":1200,"height":630,"url":"https:\/\/www.interiman-group.ch\/wp-content\/uploads\/2022\/11\/AdobeStock_296301421.png","type":"image\/png"}],"author":"mabbet","twitter_card":"summary_large_image","twitter_misc":{"Verfasst von":"mabbet","Gesch\u00e4tzte Lesezeit":"4\u00a0Minuten"},"schema":{"@context":"https:\/\/schema.org","@graph":[{"@type":"Article","@id":"https:\/\/www.interiman-group.ch\/de\/medicalis-weiht-eine-agentur-in-neuchatel-ein\/#article","isPartOf":{"@id":"https:\/\/www.interiman-group.ch\/de\/medicalis-weiht-eine-agentur-in-neuchatel-ein\/"},"author":{"name":"mabbet","@id":"https:\/\/www.interiman-group.ch\/de\/#\/schema\/person\/6d4536c0fadd9a53bb7844aa8bc173de"},"headline":"Medicalis weiht eine Agentur in Neuch\u00e2tel ein","datePublished":"2021-12-20T23:00:00+00:00","dateModified":"2023-01-06T10:01:27+00:00","mainEntityOfPage":{"@id":"https:\/\/www.interiman-group.ch\/de\/medicalis-weiht-eine-agentur-in-neuchatel-ein\/"},"wordCount":678,"publisher":{"@id":"https:\/\/www.interiman-group.ch\/de\/#organization"},"image":{"@id":"https:\/\/www.interiman-group.ch\/de\/medicalis-weiht-eine-agentur-in-neuchatel-ein\/#primaryimage"},"thumbnailUrl":"https:\/\/www.interiman-group.ch\/wp-content\/uploads\/2022\/11\/AdobeStock_296301421.png","keywords":["Medicalis"],"articleSection":["Aktuelles"],"inLanguage":"de"},{"@type":"WebPage","@id":"https:\/\/www.interiman-group.ch\/de\/medicalis-weiht-eine-agentur-in-neuchatel-ein\/","url":"https:\/\/www.interiman-group.ch\/de\/medicalis-weiht-eine-agentur-in-neuchatel-ein\/","name":"Medicalis weiht eine Agentur in Neuch\u00e2tel ein - Interiman Group","isPartOf":{"@id":"https:\/\/www.interiman-group.ch\/de\/#website"},"primaryImageOfPage":{"@id":"https:\/\/www.interiman-group.ch\/de\/medicalis-weiht-eine-agentur-in-neuchatel-ein\/#primaryimage"},"image":{"@id":"https:\/\/www.interiman-group.ch\/de\/medicalis-weiht-eine-agentur-in-neuchatel-ein\/#primaryimage"},"thumbnailUrl":"https:\/\/www.interiman-group.ch\/wp-content\/uploads\/2022\/11\/AdobeStock_296301421.png","datePublished":"2021-12-20T23:00:00+00:00","dateModified":"2023-01-06T10:01:27+00:00","breadcrumb":{"@id":"https:\/\/www.interiman-group.ch\/de\/medicalis-weiht-eine-agentur-in-neuchatel-ein\/#breadcrumb"},"inLanguage":"de","potentialAction":[{"@type":"ReadAction","target":["https:\/\/www.interiman-group.ch\/de\/medicalis-weiht-eine-agentur-in-neuchatel-ein\/"]}]},{"@type":"ImageObject","inLanguage":"de","@id":"https:\/\/www.interiman-group.ch\/de\/medicalis-weiht-eine-agentur-in-neuchatel-ein\/#primaryimage","url":"https:\/\/www.interiman-group.ch\/wp-content\/uploads\/2022\/11\/AdobeStock_296301421.png","contentUrl":"https:\/\/www.interiman-group.ch\/wp-content\/uploads\/2022\/11\/AdobeStock_296301421.png","width":1200,"height":630},{"@type":"BreadcrumbList","@id":"https:\/\/www.interiman-group.ch\/de\/medicalis-weiht-eine-agentur-in-neuchatel-ein\/#breadcrumb","itemListElement":[{"@type":"ListItem","position":1,"name":"Accueil","item":"https:\/\/www.interiman-group.ch\/de\/"},{"@type":"ListItem","position":2,"name":"Medicalis weiht eine Agentur in Neuch\u00e2tel ein"}]},{"@type":"WebSite","@id":"https:\/\/www.interiman-group.ch\/de\/#website","url":"https:\/\/www.interiman-group.ch\/de\/","name":"Interiman Group","description":"","publisher":{"@id":"https:\/\/www.interiman-group.ch\/de\/#organization"},"potentialAction":[{"@type":"SearchAction","target":{"@type":"EntryPoint","urlTemplate":"https:\/\/www.interiman-group.ch\/de\/?s={search_term_string}"},"query-input":{"@type":"PropertyValueSpecification","valueRequired":true,"valueName":"search_term_string"}}],"inLanguage":"de"},{"@type":"Organization","@id":"https:\/\/www.interiman-group.ch\/de\/#organization","name":"Interiman Group","url":"https:\/\/www.interiman-group.ch\/de\/","logo":{"@type":"ImageObject","inLanguage":"de","@id":"https:\/\/www.interiman-group.ch\/de\/#\/schema\/logo\/image\/","url":"https:\/\/www.interiman-group.ch\/wp-content\/uploads\/2022\/10\/igs-nav.png","contentUrl":"https:\/\/www.interiman-group.ch\/wp-content\/uploads\/2022\/10\/igs-nav.png","width":157,"height":62,"caption":"Interiman Group"},"image":{"@id":"https:\/\/www.interiman-group.ch\/de\/#\/schema\/logo\/image\/"},"sameAs":["https:\/\/www.facebook.com\/Medicalis-1737325559702106\/","https:\/\/www.linkedin.com\/company\/19057976\/"]},{"@type":"Person","@id":"https:\/\/www.interiman-group.ch\/de\/#\/schema\/person\/6d4536c0fadd9a53bb7844aa8bc173de","name":"mabbet","image":{"@type":"ImageObject","inLanguage":"de","@id":"https:\/\/www.interiman-group.ch\/de\/#\/schema\/person\/image\/","url":"https:\/\/secure.gravatar.com\/avatar\/c9b8558dd936c0aabcc45d180fce99dccde96ff74ab27f8bbd6345c035cac21d?s=96&d=mm&r=g","contentUrl":"https:\/\/secure.gravatar.com\/avatar\/c9b8558dd936c0aabcc45d180fce99dccde96ff74ab27f8bbd6345c035cac21d?s=96&d=mm&r=g","caption":"mabbet"},"url":"https:\/\/www.interiman-group.ch\/de\/author\/mabbet\/"}]}},"_links":{"self":[{"href":"https:\/\/www.interiman-group.ch\/de\/wp-json\/wp\/v2\/posts\/1257713","targetHints":{"allow":["GET"]}}],"collection":[{"href":"https:\/\/www.interiman-group.ch\/de\/wp-json\/wp\/v2\/posts"}],"about":[{"href":"https:\/\/www.interiman-group.ch\/de\/wp-json\/wp\/v2\/types\/post"}],"author":[{"embeddable":true,"href":"https:\/\/www.interiman-group.ch\/de\/wp-json\/wp\/v2\/users\/3"}],"replies":[{"embeddable":true,"href":"https:\/\/www.interiman-group.ch\/de\/wp-json\/wp\/v2\/comments?post=1257713"}],"version-history":[{"count":2,"href":"https:\/\/www.interiman-group.ch\/de\/wp-json\/wp\/v2\/posts\/1257713\/revisions"}],"predecessor-version":[{"id":1258365,"href":"https:\/\/www.interiman-group.ch\/de\/wp-json\/wp\/v2\/posts\/1257713\/revisions\/1258365"}],"wp:featuredmedia":[{"embeddable":true,"href":"https:\/\/www.interiman-group.ch\/de\/wp-json\/wp\/v2\/media\/1257625"}],"wp:attachment":[{"href":"https:\/\/www.interiman-group.ch\/de\/wp-json\/wp\/v2\/media?parent=1257713"}],"wp:term":[{"taxonomy":"category","embeddable":true,"href":"https:\/\/www.interiman-group.ch\/de\/wp-json\/wp\/v2\/categories?post=1257713"},{"taxonomy":"post_tag","embeddable":true,"href":"https:\/\/www.interiman-group.ch\/de\/wp-json\/wp\/v2\/tags?post=1257713"}],"curies":[{"name":"wp","href":"https:\/\/api.w.org\/{rel}","templated":true}]}}