{"id":1257716,"date":"2021-12-21T00:00:00","date_gmt":"2021-12-20T23:00:00","guid":{"rendered":"https:\/\/www.interiman-group.ch\/sabina-rehmann-neue-leiterin-des-bereichs-kommunikation-marketing\/"},"modified":"2023-01-06T11:02:30","modified_gmt":"2023-01-06T10:02:30","slug":"sabina-rehmann-neue-leiterin-des-bereichs-kommunikation-marketing","status":"publish","type":"post","link":"https:\/\/www.interiman-group.ch\/de\/sabina-rehmann-neue-leiterin-des-bereichs-kommunikation-marketing\/","title":{"rendered":"Sabina Rehmann, neue Leiterin des Bereichs Kommunikation &#038; Marketing"},"content":{"rendered":"\n<p><\/p>\n\n\n\n<p><em>Im Rahmen einer vor zwei Jahren umgesetzten Digitalisierungskampagne hat die Interiman Group ihre visuelle Identit\u00e4t erneuert, ihre Websites umgestaltet und ihre Pr\u00e4senz in den sozialen Netzwerken ausgebaut. Au\u00dferdem wurde sie durch die fortschreitende Digitalisierung ihrer Dienstleistungen dazu angeregt, ihr Kommunikations- und ihr Marketingteam zu verst\u00e4rken. Letztere umfassen seitdem zehn Mitarbeiter und eine neue Leiterin, Sabina Rehmann, deren Dienstantritt in ihrer neuen Funktion zum Anlass genommen wurde, grundlegende \u00dcberlegungen zur Natur des digitalen Erlebens anzustellen.<\/em><\/p>\n\n\n\n<p>Der Wiedereintritt von Sabina Rehmann in die Interiman Group als Leiterin des Bereichs Kommunikation &amp; Marketing erfolgte im September 2021. Als Leiterin eines Teams aus Fachkr\u00e4ften f\u00fcr digitale Kommunikation und Grafikdesignern bereichert sie die Unternehmensgruppe durch ihre Expertise in Sachen Kundenerfahrungsmanagement im Kontext der zunehmenden Digitalisierung der Dienstleistungen. \u00ab Der rote Faden all unserer \u00dcberlegungen ist die Frage, wie wir uns durch unsere Leistungen von unseren Wettbewerbern abheben k\u00f6nnen, auch angesichts dessen, dass unser Entwicklungsspielraum durch die Natur unserer T\u00e4tigkeiten selbst begrenzt ist \u00bb, erkl\u00e4rt die dreisprachige Baslerin.<\/p>\n\n\n\n<p><span style=\"text-decoration: underline;\">Know-how aus dem Hotelgewerbe<\/span><\/p>\n\n\n\n<p>Die Stichhaltigkeit ihrer Analyse erkl\u00e4rt sich aus dem Reichtum ihrer beruflichen Laufbahn. Nach Erwerb ihres Diploms an der Hotelfachschule Ecole h\u00f4teli\u00e8re de Lausanne (EHL) wirkte sie an der Er\u00f6ffnung mehrerer Hotels der Hyatt-Kette mit \u2013 in Paris, in Deutschland und in Z\u00fcrich \u2013 deren finanzielle Seite unter ihrer Aufsicht stand. Gleich im Anschluss absolvierte sie einen Masterabschluss an der Universit\u00e4t Basel, bevor sie bei Unilever anfing und schlie\u00dflich in der Niederlassung von Swiss\u00f4tel f\u00fcr die Entwicklung neuer Projekte zust\u00e4ndig war. \u00ab Im Rahmen dieser T\u00e4tigkeit konnte ich, insbesondere auf der Suche nach Investoren, viel reisen, bis ich mich schlie\u00dflich f\u00fcr einen festen Wohnsitz in Chicago entschied. Dort habe ich meine erste Stelle als Lehrkraft in einer Hotelfachschule angenommen \u00bb, erkl\u00e4rt Sabina Rehmann.<\/p>\n\n\n\n<p>Nach ihrer R\u00fcckkehr in die Schweiz war sie mit Kursen zu den Themen Marketing und Kundenerfahrungen an der EHL weiter in der Lehre t\u00e4tig, versp\u00fcrte aber bald das Bed\u00fcrfnis, in die Wirtschaft zur\u00fcckzukehren. Sie war ein Jahr lang f\u00fcr ein Genfer KMU, dann drei Jahre lang bei dem Autohandelsunternehmen Facchinetti Groupe t\u00e4tig, wo sie ihren Marketingansatz verfeinerte, insbesondere durch die Entwicklung eines individuell abgestimmten Service, der den Eigenwert der Fahrzeuge \u00fcberstieg.<\/p>\n\n\n\n<p><span style=\"text-decoration: underline;\">Vom Erstkontakt zur Kundenbindung<\/span><\/p>\n\n\n\n<p>Zu ihren Priorit\u00e4ten im Rahmen der Interiman Group geh\u00f6rt die Umsetzung einer Marketingstruktur mit genau definierten Hilfsmitteln und Zielen. Das Konzept umfasst sowohl konzerninterne als auch externe Aspekte, wobei unterschwellig immer zu entscheiden ist, in welchem Kontext man Synergien f\u00f6rdern sollte. \u00ab Mich pers\u00f6nlich fasziniert die Dynamik der Kundenerfahrung in allen Phasen der Interaktion mit dem Unternehmen. Diese beginnt mit dem Erstkontakt, bei dem der Kunde uns noch nicht kennt, setzt sich mit der Ausf\u00fchrung einer Dienstleistung (hier: eines Auftrags) fort, w\u00e4hrend derer die Interaktionen am intensivsten sind, und dauert noch lange dar\u00fcber hinaus an, bis zu dem Moment, in dem entsteht, was wir als Kundenbindung bezeichnen. Au\u00dferdem besteht die Herausforderung darin, zu wissen, wann eine Digitalisierung der Dienstleistungen zweckm\u00e4\u00dfig ist und wann nicht, da der praktische Aspekt nicht \u00fcber unver\u00e4nderte pers\u00f6nliche Bed\u00fcrfnisse gestellt werden darf, die m\u00f6glicherweise seiner Umsetzung entgegenstehen. \u00bb<\/p>\n\n\n\n<p>In dieser Hinsicht symbolisiert die 2022 erfolgte Einf\u00fchrung der Plattform \u00ab Connect \u00bb, des sozialen Unternehmensnetzwerks, das der Interiman Group den Publikumspreis des j\u00fcngsten Prix RH Num\u00e9rique Suisse eingebracht hat, einen wichtigen Schritt nach vorn, nicht zuletzt, weil das Netzwerk letztlich allen durch den Konzern vermittelten Mitarbeitern zug\u00e4nglich gemacht werden k\u00f6nnte.<\/p>\n","protected":false},"excerpt":{"rendered":"<p>Im Rahmen einer vor zwei Jahren umgesetzten Digitalisierungskampagne hat die Interiman Group ihre visuelle Identit\u00e4t erneuert, ihre Websites umgestaltet und ihre Pr\u00e4senz in den sozialen Netzwerken ausgebaut. Au\u00dferdem wurde sie durch die fortschreitende Digitalisierung ihrer Dienstleistungen dazu angeregt, ihr Kommunikations- und ihr Marketingteam zu verst\u00e4rken. Letztere umfassen seitdem zehn Mitarbeiter und eine neue Leiterin, Sabina [&#8230;]<\/p>\n<p><a class=\"btn btn-secondary understrap-read-more-link\" href=\"https:\/\/www.interiman-group.ch\/de\/sabina-rehmann-neue-leiterin-des-bereichs-kommunikation-marketing\/\">Weiterlesen&#8230;<span class=\"screen-reader-text\"> from Sabina Rehmann, neue Leiterin des Bereichs Kommunikation &#038; Marketing<\/span><\/a><\/p>\n","protected":false},"author":3,"featured_media":1258347,"comment_status":"closed","ping_status":"closed","sticky":false,"template":"","format":"standard","meta":{"_monsterinsights_skip_tracking":false,"_monsterinsights_sitenote_active":false,"_monsterinsights_sitenote_note":"","_monsterinsights_sitenote_category":0,"footnotes":""},"categories":[116],"tags":[152],"class_list":["post-1257716","post","type-post","status-publish","format-standard","has-post-thumbnail","hentry","category-news-de","tag-igs-de"],"yoast_head":"<!-- This site is optimized with the Yoast SEO plugin v26.9 - https:\/\/yoast.com\/product\/yoast-seo-wordpress\/ -->\n<title>Sabina Rehmann, neue Leiterin des Bereichs Kommunikation &amp; Marketing - Interiman Group<\/title>\n<meta name=\"robots\" content=\"index, follow, max-snippet:-1, max-image-preview:large, max-video-preview:-1\" \/>\n<link rel=\"canonical\" href=\"https:\/\/www.interiman-group.ch\/de\/sabina-rehmann-neue-leiterin-des-bereichs-kommunikation-marketing\/\" \/>\n<meta property=\"og:locale\" content=\"de_DE\" \/>\n<meta property=\"og:type\" content=\"article\" \/>\n<meta property=\"og:title\" content=\"Sabina Rehmann, neue Leiterin des Bereichs Kommunikation &amp; Marketing - Interiman Group\" \/>\n<meta property=\"og:description\" content=\"Im Rahmen einer vor zwei Jahren umgesetzten Digitalisierungskampagne hat die Interiman Group ihre visuelle Identit\u00e4t erneuert, ihre Websites umgestaltet und ihre Pr\u00e4senz in den sozialen Netzwerken ausgebaut. Au\u00dferdem wurde sie durch die fortschreitende Digitalisierung ihrer Dienstleistungen dazu angeregt, ihr Kommunikations- und ihr Marketingteam zu verst\u00e4rken. Letztere umfassen seitdem zehn Mitarbeiter und eine neue Leiterin, Sabina [...]Weiterlesen... from Sabina Rehmann, neue Leiterin des Bereichs Kommunikation &#038; Marketing\" \/>\n<meta property=\"og:url\" content=\"https:\/\/www.interiman-group.ch\/de\/sabina-rehmann-neue-leiterin-des-bereichs-kommunikation-marketing\/\" \/>\n<meta property=\"og:site_name\" content=\"Interiman Group\" \/>\n<meta property=\"article:publisher\" content=\"https:\/\/www.facebook.com\/Medicalis-1737325559702106\/\" \/>\n<meta property=\"article:published_time\" content=\"2021-12-20T23:00:00+00:00\" \/>\n<meta property=\"article:modified_time\" content=\"2023-01-06T10:02:30+00:00\" \/>\n<meta property=\"og:image\" content=\"https:\/\/www.interiman-group.ch\/wp-content\/uploads\/2021\/12\/Sabina-Rehmann-017.jpg\" \/>\n\t<meta property=\"og:image:width\" content=\"1000\" \/>\n\t<meta property=\"og:image:height\" content=\"667\" \/>\n\t<meta property=\"og:image:type\" content=\"image\/jpeg\" \/>\n<meta name=\"author\" content=\"mabbet\" \/>\n<meta name=\"twitter:card\" content=\"summary_large_image\" \/>\n<meta name=\"twitter:label1\" content=\"Verfasst von\" \/>\n\t<meta name=\"twitter:data1\" content=\"mabbet\" \/>\n\t<meta name=\"twitter:label2\" content=\"Gesch\u00e4tzte Lesezeit\" \/>\n\t<meta name=\"twitter:data2\" content=\"3\u00a0Minuten\" \/>\n<script type=\"application\/ld+json\" class=\"yoast-schema-graph\">{\"@context\":\"https:\/\/schema.org\",\"@graph\":[{\"@type\":\"Article\",\"@id\":\"https:\/\/www.interiman-group.ch\/de\/sabina-rehmann-neue-leiterin-des-bereichs-kommunikation-marketing\/#article\",\"isPartOf\":{\"@id\":\"https:\/\/www.interiman-group.ch\/de\/sabina-rehmann-neue-leiterin-des-bereichs-kommunikation-marketing\/\"},\"author\":{\"name\":\"mabbet\",\"@id\":\"https:\/\/www.interiman-group.ch\/de\/#\/schema\/person\/6d4536c0fadd9a53bb7844aa8bc173de\"},\"headline\":\"Sabina Rehmann, neue Leiterin des Bereichs Kommunikation &#038; Marketing\",\"datePublished\":\"2021-12-20T23:00:00+00:00\",\"dateModified\":\"2023-01-06T10:02:30+00:00\",\"mainEntityOfPage\":{\"@id\":\"https:\/\/www.interiman-group.ch\/de\/sabina-rehmann-neue-leiterin-des-bereichs-kommunikation-marketing\/\"},\"wordCount\":600,\"publisher\":{\"@id\":\"https:\/\/www.interiman-group.ch\/de\/#organization\"},\"image\":{\"@id\":\"https:\/\/www.interiman-group.ch\/de\/sabina-rehmann-neue-leiterin-des-bereichs-kommunikation-marketing\/#primaryimage\"},\"thumbnailUrl\":\"https:\/\/www.interiman-group.ch\/wp-content\/uploads\/2021\/12\/Sabina-Rehmann-017.jpg\",\"keywords\":[\"Interiman Group\"],\"articleSection\":[\"Aktuelles\"],\"inLanguage\":\"de\"},{\"@type\":\"WebPage\",\"@id\":\"https:\/\/www.interiman-group.ch\/de\/sabina-rehmann-neue-leiterin-des-bereichs-kommunikation-marketing\/\",\"url\":\"https:\/\/www.interiman-group.ch\/de\/sabina-rehmann-neue-leiterin-des-bereichs-kommunikation-marketing\/\",\"name\":\"Sabina Rehmann, neue Leiterin des Bereichs Kommunikation & Marketing - Interiman Group\",\"isPartOf\":{\"@id\":\"https:\/\/www.interiman-group.ch\/de\/#website\"},\"primaryImageOfPage\":{\"@id\":\"https:\/\/www.interiman-group.ch\/de\/sabina-rehmann-neue-leiterin-des-bereichs-kommunikation-marketing\/#primaryimage\"},\"image\":{\"@id\":\"https:\/\/www.interiman-group.ch\/de\/sabina-rehmann-neue-leiterin-des-bereichs-kommunikation-marketing\/#primaryimage\"},\"thumbnailUrl\":\"https:\/\/www.interiman-group.ch\/wp-content\/uploads\/2021\/12\/Sabina-Rehmann-017.jpg\",\"datePublished\":\"2021-12-20T23:00:00+00:00\",\"dateModified\":\"2023-01-06T10:02:30+00:00\",\"breadcrumb\":{\"@id\":\"https:\/\/www.interiman-group.ch\/de\/sabina-rehmann-neue-leiterin-des-bereichs-kommunikation-marketing\/#breadcrumb\"},\"inLanguage\":\"de\",\"potentialAction\":[{\"@type\":\"ReadAction\",\"target\":[\"https:\/\/www.interiman-group.ch\/de\/sabina-rehmann-neue-leiterin-des-bereichs-kommunikation-marketing\/\"]}]},{\"@type\":\"ImageObject\",\"inLanguage\":\"de\",\"@id\":\"https:\/\/www.interiman-group.ch\/de\/sabina-rehmann-neue-leiterin-des-bereichs-kommunikation-marketing\/#primaryimage\",\"url\":\"https:\/\/www.interiman-group.ch\/wp-content\/uploads\/2021\/12\/Sabina-Rehmann-017.jpg\",\"contentUrl\":\"https:\/\/www.interiman-group.ch\/wp-content\/uploads\/2021\/12\/Sabina-Rehmann-017.jpg\",\"width\":1000,\"height\":667},{\"@type\":\"BreadcrumbList\",\"@id\":\"https:\/\/www.interiman-group.ch\/de\/sabina-rehmann-neue-leiterin-des-bereichs-kommunikation-marketing\/#breadcrumb\",\"itemListElement\":[{\"@type\":\"ListItem\",\"position\":1,\"name\":\"Accueil\",\"item\":\"https:\/\/www.interiman-group.ch\/de\/\"},{\"@type\":\"ListItem\",\"position\":2,\"name\":\"Sabina Rehmann, neue Leiterin des Bereichs Kommunikation &#038; Marketing\"}]},{\"@type\":\"WebSite\",\"@id\":\"https:\/\/www.interiman-group.ch\/de\/#website\",\"url\":\"https:\/\/www.interiman-group.ch\/de\/\",\"name\":\"Interiman Group\",\"description\":\"\",\"publisher\":{\"@id\":\"https:\/\/www.interiman-group.ch\/de\/#organization\"},\"potentialAction\":[{\"@type\":\"SearchAction\",\"target\":{\"@type\":\"EntryPoint\",\"urlTemplate\":\"https:\/\/www.interiman-group.ch\/de\/?s={search_term_string}\"},\"query-input\":{\"@type\":\"PropertyValueSpecification\",\"valueRequired\":true,\"valueName\":\"search_term_string\"}}],\"inLanguage\":\"de\"},{\"@type\":\"Organization\",\"@id\":\"https:\/\/www.interiman-group.ch\/de\/#organization\",\"name\":\"Interiman Group\",\"url\":\"https:\/\/www.interiman-group.ch\/de\/\",\"logo\":{\"@type\":\"ImageObject\",\"inLanguage\":\"de\",\"@id\":\"https:\/\/www.interiman-group.ch\/de\/#\/schema\/logo\/image\/\",\"url\":\"https:\/\/www.interiman-group.ch\/wp-content\/uploads\/2022\/10\/igs-nav.png\",\"contentUrl\":\"https:\/\/www.interiman-group.ch\/wp-content\/uploads\/2022\/10\/igs-nav.png\",\"width\":157,\"height\":62,\"caption\":\"Interiman Group\"},\"image\":{\"@id\":\"https:\/\/www.interiman-group.ch\/de\/#\/schema\/logo\/image\/\"},\"sameAs\":[\"https:\/\/www.facebook.com\/Medicalis-1737325559702106\/\",\"https:\/\/www.linkedin.com\/company\/19057976\/\"]},{\"@type\":\"Person\",\"@id\":\"https:\/\/www.interiman-group.ch\/de\/#\/schema\/person\/6d4536c0fadd9a53bb7844aa8bc173de\",\"name\":\"mabbet\",\"image\":{\"@type\":\"ImageObject\",\"inLanguage\":\"de\",\"@id\":\"https:\/\/www.interiman-group.ch\/de\/#\/schema\/person\/image\/\",\"url\":\"https:\/\/secure.gravatar.com\/avatar\/c9b8558dd936c0aabcc45d180fce99dccde96ff74ab27f8bbd6345c035cac21d?s=96&d=mm&r=g\",\"contentUrl\":\"https:\/\/secure.gravatar.com\/avatar\/c9b8558dd936c0aabcc45d180fce99dccde96ff74ab27f8bbd6345c035cac21d?s=96&d=mm&r=g\",\"caption\":\"mabbet\"},\"url\":\"https:\/\/www.interiman-group.ch\/de\/author\/mabbet\/\"}]}<\/script>\n<!-- \/ Yoast SEO plugin. -->","yoast_head_json":{"title":"Sabina Rehmann, neue Leiterin des Bereichs Kommunikation & Marketing - Interiman Group","robots":{"index":"index","follow":"follow","max-snippet":"max-snippet:-1","max-image-preview":"max-image-preview:large","max-video-preview":"max-video-preview:-1"},"canonical":"https:\/\/www.interiman-group.ch\/de\/sabina-rehmann-neue-leiterin-des-bereichs-kommunikation-marketing\/","og_locale":"de_DE","og_type":"article","og_title":"Sabina Rehmann, neue Leiterin des Bereichs Kommunikation & Marketing - Interiman Group","og_description":"Im Rahmen einer vor zwei Jahren umgesetzten Digitalisierungskampagne hat die Interiman Group ihre visuelle Identit\u00e4t erneuert, ihre Websites umgestaltet und ihre Pr\u00e4senz in den sozialen Netzwerken ausgebaut. Au\u00dferdem wurde sie durch die fortschreitende Digitalisierung ihrer Dienstleistungen dazu angeregt, ihr Kommunikations- und ihr Marketingteam zu verst\u00e4rken. Letztere umfassen seitdem zehn Mitarbeiter und eine neue Leiterin, Sabina [...]Weiterlesen... from Sabina Rehmann, neue Leiterin des Bereichs Kommunikation &#038; Marketing","og_url":"https:\/\/www.interiman-group.ch\/de\/sabina-rehmann-neue-leiterin-des-bereichs-kommunikation-marketing\/","og_site_name":"Interiman Group","article_publisher":"https:\/\/www.facebook.com\/Medicalis-1737325559702106\/","article_published_time":"2021-12-20T23:00:00+00:00","article_modified_time":"2023-01-06T10:02:30+00:00","og_image":[{"width":1000,"height":667,"url":"https:\/\/www.interiman-group.ch\/wp-content\/uploads\/2021\/12\/Sabina-Rehmann-017.jpg","type":"image\/jpeg"}],"author":"mabbet","twitter_card":"summary_large_image","twitter_misc":{"Verfasst von":"mabbet","Gesch\u00e4tzte Lesezeit":"3\u00a0Minuten"},"schema":{"@context":"https:\/\/schema.org","@graph":[{"@type":"Article","@id":"https:\/\/www.interiman-group.ch\/de\/sabina-rehmann-neue-leiterin-des-bereichs-kommunikation-marketing\/#article","isPartOf":{"@id":"https:\/\/www.interiman-group.ch\/de\/sabina-rehmann-neue-leiterin-des-bereichs-kommunikation-marketing\/"},"author":{"name":"mabbet","@id":"https:\/\/www.interiman-group.ch\/de\/#\/schema\/person\/6d4536c0fadd9a53bb7844aa8bc173de"},"headline":"Sabina Rehmann, neue Leiterin des Bereichs Kommunikation &#038; Marketing","datePublished":"2021-12-20T23:00:00+00:00","dateModified":"2023-01-06T10:02:30+00:00","mainEntityOfPage":{"@id":"https:\/\/www.interiman-group.ch\/de\/sabina-rehmann-neue-leiterin-des-bereichs-kommunikation-marketing\/"},"wordCount":600,"publisher":{"@id":"https:\/\/www.interiman-group.ch\/de\/#organization"},"image":{"@id":"https:\/\/www.interiman-group.ch\/de\/sabina-rehmann-neue-leiterin-des-bereichs-kommunikation-marketing\/#primaryimage"},"thumbnailUrl":"https:\/\/www.interiman-group.ch\/wp-content\/uploads\/2021\/12\/Sabina-Rehmann-017.jpg","keywords":["Interiman Group"],"articleSection":["Aktuelles"],"inLanguage":"de"},{"@type":"WebPage","@id":"https:\/\/www.interiman-group.ch\/de\/sabina-rehmann-neue-leiterin-des-bereichs-kommunikation-marketing\/","url":"https:\/\/www.interiman-group.ch\/de\/sabina-rehmann-neue-leiterin-des-bereichs-kommunikation-marketing\/","name":"Sabina Rehmann, neue Leiterin des Bereichs Kommunikation & Marketing - Interiman Group","isPartOf":{"@id":"https:\/\/www.interiman-group.ch\/de\/#website"},"primaryImageOfPage":{"@id":"https:\/\/www.interiman-group.ch\/de\/sabina-rehmann-neue-leiterin-des-bereichs-kommunikation-marketing\/#primaryimage"},"image":{"@id":"https:\/\/www.interiman-group.ch\/de\/sabina-rehmann-neue-leiterin-des-bereichs-kommunikation-marketing\/#primaryimage"},"thumbnailUrl":"https:\/\/www.interiman-group.ch\/wp-content\/uploads\/2021\/12\/Sabina-Rehmann-017.jpg","datePublished":"2021-12-20T23:00:00+00:00","dateModified":"2023-01-06T10:02:30+00:00","breadcrumb":{"@id":"https:\/\/www.interiman-group.ch\/de\/sabina-rehmann-neue-leiterin-des-bereichs-kommunikation-marketing\/#breadcrumb"},"inLanguage":"de","potentialAction":[{"@type":"ReadAction","target":["https:\/\/www.interiman-group.ch\/de\/sabina-rehmann-neue-leiterin-des-bereichs-kommunikation-marketing\/"]}]},{"@type":"ImageObject","inLanguage":"de","@id":"https:\/\/www.interiman-group.ch\/de\/sabina-rehmann-neue-leiterin-des-bereichs-kommunikation-marketing\/#primaryimage","url":"https:\/\/www.interiman-group.ch\/wp-content\/uploads\/2021\/12\/Sabina-Rehmann-017.jpg","contentUrl":"https:\/\/www.interiman-group.ch\/wp-content\/uploads\/2021\/12\/Sabina-Rehmann-017.jpg","width":1000,"height":667},{"@type":"BreadcrumbList","@id":"https:\/\/www.interiman-group.ch\/de\/sabina-rehmann-neue-leiterin-des-bereichs-kommunikation-marketing\/#breadcrumb","itemListElement":[{"@type":"ListItem","position":1,"name":"Accueil","item":"https:\/\/www.interiman-group.ch\/de\/"},{"@type":"ListItem","position":2,"name":"Sabina Rehmann, neue Leiterin des Bereichs Kommunikation &#038; Marketing"}]},{"@type":"WebSite","@id":"https:\/\/www.interiman-group.ch\/de\/#website","url":"https:\/\/www.interiman-group.ch\/de\/","name":"Interiman Group","description":"","publisher":{"@id":"https:\/\/www.interiman-group.ch\/de\/#organization"},"potentialAction":[{"@type":"SearchAction","target":{"@type":"EntryPoint","urlTemplate":"https:\/\/www.interiman-group.ch\/de\/?s={search_term_string}"},"query-input":{"@type":"PropertyValueSpecification","valueRequired":true,"valueName":"search_term_string"}}],"inLanguage":"de"},{"@type":"Organization","@id":"https:\/\/www.interiman-group.ch\/de\/#organization","name":"Interiman Group","url":"https:\/\/www.interiman-group.ch\/de\/","logo":{"@type":"ImageObject","inLanguage":"de","@id":"https:\/\/www.interiman-group.ch\/de\/#\/schema\/logo\/image\/","url":"https:\/\/www.interiman-group.ch\/wp-content\/uploads\/2022\/10\/igs-nav.png","contentUrl":"https:\/\/www.interiman-group.ch\/wp-content\/uploads\/2022\/10\/igs-nav.png","width":157,"height":62,"caption":"Interiman Group"},"image":{"@id":"https:\/\/www.interiman-group.ch\/de\/#\/schema\/logo\/image\/"},"sameAs":["https:\/\/www.facebook.com\/Medicalis-1737325559702106\/","https:\/\/www.linkedin.com\/company\/19057976\/"]},{"@type":"Person","@id":"https:\/\/www.interiman-group.ch\/de\/#\/schema\/person\/6d4536c0fadd9a53bb7844aa8bc173de","name":"mabbet","image":{"@type":"ImageObject","inLanguage":"de","@id":"https:\/\/www.interiman-group.ch\/de\/#\/schema\/person\/image\/","url":"https:\/\/secure.gravatar.com\/avatar\/c9b8558dd936c0aabcc45d180fce99dccde96ff74ab27f8bbd6345c035cac21d?s=96&d=mm&r=g","contentUrl":"https:\/\/secure.gravatar.com\/avatar\/c9b8558dd936c0aabcc45d180fce99dccde96ff74ab27f8bbd6345c035cac21d?s=96&d=mm&r=g","caption":"mabbet"},"url":"https:\/\/www.interiman-group.ch\/de\/author\/mabbet\/"}]}},"_links":{"self":[{"href":"https:\/\/www.interiman-group.ch\/de\/wp-json\/wp\/v2\/posts\/1257716","targetHints":{"allow":["GET"]}}],"collection":[{"href":"https:\/\/www.interiman-group.ch\/de\/wp-json\/wp\/v2\/posts"}],"about":[{"href":"https:\/\/www.interiman-group.ch\/de\/wp-json\/wp\/v2\/types\/post"}],"author":[{"embeddable":true,"href":"https:\/\/www.interiman-group.ch\/de\/wp-json\/wp\/v2\/users\/3"}],"replies":[{"embeddable":true,"href":"https:\/\/www.interiman-group.ch\/de\/wp-json\/wp\/v2\/comments?post=1257716"}],"version-history":[{"count":2,"href":"https:\/\/www.interiman-group.ch\/de\/wp-json\/wp\/v2\/posts\/1257716\/revisions"}],"predecessor-version":[{"id":1258350,"href":"https:\/\/www.interiman-group.ch\/de\/wp-json\/wp\/v2\/posts\/1257716\/revisions\/1258350"}],"wp:featuredmedia":[{"embeddable":true,"href":"https:\/\/www.interiman-group.ch\/de\/wp-json\/wp\/v2\/media\/1258347"}],"wp:attachment":[{"href":"https:\/\/www.interiman-group.ch\/de\/wp-json\/wp\/v2\/media?parent=1257716"}],"wp:term":[{"taxonomy":"category","embeddable":true,"href":"https:\/\/www.interiman-group.ch\/de\/wp-json\/wp\/v2\/categories?post=1257716"},{"taxonomy":"post_tag","embeddable":true,"href":"https:\/\/www.interiman-group.ch\/de\/wp-json\/wp\/v2\/tags?post=1257716"}],"curies":[{"name":"wp","href":"https:\/\/api.w.org\/{rel}","templated":true}]}}