{"id":1287311,"date":"2024-08-08T15:23:00","date_gmt":"2024-08-08T13:23:00","guid":{"rendered":"https:\/\/www.interiman-group.ch\/?p=1287311"},"modified":"2024-09-18T15:27:19","modified_gmt":"2024-09-18T13:27:19","slug":"raphael-schmid-zum-ceo-der-interiman-group-ernannt","status":"publish","type":"post","link":"https:\/\/www.interiman-group.ch\/de\/raphael-schmid-zum-ceo-der-interiman-group-ernannt\/","title":{"rendered":"Raphael Schmid zum CEO der Interiman Group ernannt"},"content":{"rendered":"\n<h4 class=\"wp-block-heading\"><em>Die Interiman Group, die f\u00fchrende Schweizer Anbieterin von Personal- und Rekrutierungsdienstleistungen, freut sich, die Ernennung von Raphael Schmid zum CEO bekannt zu geben. Mit seiner umfangreichen Erfahrung und seinen bisherigen Erfolgen im Unternehmen ist er bereit, sich neuen Herausforderungen zu stellen, um die Marktposition der Gruppe zu festigen.&nbsp;<\/em>&nbsp;<\/h4>\n\n\n\n<p>&nbsp;<br>Raphael Schmid trat 2019 als Sales Director f\u00fcr die Region Z\u00fcrich und die Ostschweiz bei Global Personal Partner (GPP), einem Tochterunternehmen der Interiman Group, ein. In dieser Rolle beaufsichtigte er sieben Filialen und zwei Business Units und spielte eine Schl\u00fcsselrolle beim Aufbau von Teams, der Optimierung von Strukturen und der Erweiterung des Kundenportfolios. Im Januar 2023 wurde er zum Direktor von GPP ernannt und war damit mitverantwortlich f\u00fcr die Marken Flexsis und Albedis. Mit seiner Ernennung zum CEO der Interiman Group am 1. Juli 2024 stellt er sich einer neuen Herausforderung und erreicht einen wichtigen Meilenstein in seiner beruflichen Laufbahn.&nbsp;&nbsp;<\/p>\n\n\n\n<p><\/p>\n\n\n\n<h5 class=\"wp-block-heading\"><strong>Die Position der Gruppe festigen&nbsp;<\/strong>&nbsp;<\/h5>\n\n\n\n<blockquote class=\"wp-block-quote is-layout-flow wp-block-quote-is-layout-flow\">\n<p><em>&#8222;Meine Priorit\u00e4t ist es, die Position der Gruppe zu konsolidieren. Von ihrer Gr\u00fcndung 1998 durch Raymond Knigge bis zu ihrem Aufstieg zur Schweizer Marktf\u00fchrerin ist die Interiman Group ununterbrochen gewachsen. Dank ihrer Spezialisierungsstrategie konnte sie schneller wachsen als der Markt. Mit der Unterst\u00fctzung des Gr\u00fcnders, unserer Gesch\u00e4ftsleitung und all unserer Teams werde ich weiterhin auf die hervorragende Qualit\u00e4t und die humanistischen Werte des Unternehmens setzen, um noch weiter zu wachsen&#8220;<\/em>, sagt Raphael Schmid&nbsp;<\/p>\n<\/blockquote>\n\n\n\n<p><\/p>\n\n\n\n<h5 class=\"wp-block-heading\"><strong>Der PAICA-Philosophie treu geblieben<\/strong>&nbsp;<\/h5>\n\n\n\n<p>Raphael Schmid wuchs in S\u00e3o Paulo, Brasilien als Sohn eines Schweizer Vaters und einer brasilianischen Mutter auf und profitierte von den kulturellen Reicht\u00fcmern beider Kulturen. Mit 19 Jahren zog er f\u00fcr das Wirtschaftsstudium an der Universit\u00e4t St.Gallen (HSG) in die Schweiz. Dadurch wurde er bestens auf eine Karriere in einem globalisierten und multikulturellen Markt wie der Schweiz vorbereitet. Sp\u00e4ter gr\u00fcndete er eine auf Golf spezialisierte Marketingagentur, die er zu einem bedeutenden Anbieter auf den M\u00e4rkten in der Schweiz, Deutschland und \u00d6sterreich ausbaute.&nbsp;<\/p>\n\n\n\n<p><\/p>\n\n\n\n<blockquote class=\"wp-block-quote is-layout-flow wp-block-quote-is-layout-flow\">\n<p><strong><em>&#8220;<\/em><\/strong><em><strong>Ich bin stolz darauf, als neuer CEO der Interiman Group die Nachfolge von Robin Gordon anzutreten, der heute Vorsitzender des Verwaltungsrats ist. Es ist mir eine Ehre, die Werte Passion, Aktion, Innovation, Kollaboration und Ambition, symbolisiert durch das Akronym PAICA, zu verk\u00f6rpern. Mit unseren kompetenten Mitarbeitenden werden wir die Entwicklung der Gruppe weiter vorantreiben&#8220;, <\/strong>erkl\u00e4rt Raphael Schmid.&nbsp;&nbsp;<\/em><\/p>\n\n\n\n<p><\/p>\n<\/blockquote>\n\n\n\n<hr class=\"wp-block-separator has-alpha-channel-opacity\"\/>\n\n\n\n<h6 class=\"wp-block-heading\"><strong>\u00dcber die Interiman Group&nbsp;<\/strong>&nbsp;<\/h6>\n\n\n\n<p>Interiman Group ist das f\u00fchrende Schweizer Unternehmen f\u00fcr Personal- und Rekrutierungsdienstleistungen und bietet die breiteste Palette an HR-Dienstleistungen in der Schweiz an. Mit 71 Filialen und 12 spezialisierten Unternehmen im ganzen Land ist die Gruppe f\u00fchrend in den Bereichen Personalvermittlung, Ausbildung, Payrolling, Outplacement und anderen innovativen L\u00f6sungen f\u00fcr das Outsourcing von Human Resources. Die 1998 gegr\u00fcndete Interiman Group zeichnet sich durch ihre Leidenschaft f\u00fcr Exzellenz, die N\u00e4he zu Kunden und Kandidaten sowie ihr st\u00e4ndiges Engagement f\u00fcr Qualit\u00e4t und Effizienz aus. Zu den Marken der Gruppe geh\u00f6ren Interiman, Albedis, Arobase, Flexsis, Hotelis, Humanys, Medicalis, Securiman, JEM, SPS, Tack TMI und Activis.&nbsp;<\/p>\n\n\n\n<p>&nbsp;&nbsp;<br>F\u00fcr weitere Informationen besuchen Sie bitte <a href=\"https:\/\/www.interiman-group.ch\/\">die Interiman Group<\/a>.&nbsp;&nbsp;<\/p>\n\n\n\n<p>Ihr Ansprechpartner f\u00fcr die Presse: <a href=\"mailto:marketing@interiman-group.ch\">marketing@interiman-group.ch&nbsp;<\/a><\/p>\n","protected":false},"excerpt":{"rendered":"<p>Die Interiman Group, die f\u00fchrende Schweizer Anbieterin von Personal- und Rekrutierungsdienstleistungen, freut sich, die Ernennung von Raphael Schmid zum CEO bekannt zu geben. Mit seiner umfangreichen Erfahrung und seinen bisherigen Erfolgen im Unternehmen ist er bereit, sich neuen Herausforderungen zu stellen, um die Marktposition der Gruppe zu festigen.&nbsp;&nbsp; &nbsp;Raphael Schmid trat 2019 als Sales Director [&#8230;]<\/p>\n<p><a class=\"btn btn-secondary understrap-read-more-link\" href=\"https:\/\/www.interiman-group.ch\/de\/raphael-schmid-zum-ceo-der-interiman-group-ernannt\/\">Weiterlesen&#8230;<span class=\"screen-reader-text\"> from Raphael Schmid zum CEO der Interiman Group ernannt<\/span><\/a><\/p>\n","protected":false},"author":15,"featured_media":1287241,"comment_status":"closed","ping_status":"closed","sticky":false,"template":"","format":"standard","meta":{"_monsterinsights_skip_tracking":false,"_monsterinsights_sitenote_active":false,"_monsterinsights_sitenote_note":"","_monsterinsights_sitenote_category":0,"footnotes":""},"categories":[116],"tags":[152],"class_list":["post-1287311","post","type-post","status-publish","format-standard","has-post-thumbnail","hentry","category-news-de","tag-igs-de"],"yoast_head":"<!-- This site is optimized with the Yoast SEO plugin v26.9 - https:\/\/yoast.com\/product\/yoast-seo-wordpress\/ -->\n<title>Raphael Schmid zum CEO der Interiman Group ernannt - Interiman Group<\/title>\n<meta name=\"robots\" content=\"index, follow, max-snippet:-1, max-image-preview:large, max-video-preview:-1\" \/>\n<link rel=\"canonical\" href=\"https:\/\/www.interiman-group.ch\/de\/raphael-schmid-zum-ceo-der-interiman-group-ernannt\/\" \/>\n<meta property=\"og:locale\" content=\"de_DE\" \/>\n<meta property=\"og:type\" content=\"article\" \/>\n<meta property=\"og:title\" content=\"Raphael Schmid zum CEO der Interiman Group ernannt - Interiman Group\" \/>\n<meta property=\"og:description\" content=\"Die Interiman Group, die f\u00fchrende Schweizer Anbieterin von Personal- und Rekrutierungsdienstleistungen, freut sich, die Ernennung von Raphael Schmid zum CEO bekannt zu geben. Mit seiner umfangreichen Erfahrung und seinen bisherigen Erfolgen im Unternehmen ist er bereit, sich neuen Herausforderungen zu stellen, um die Marktposition der Gruppe zu festigen.&nbsp;&nbsp; &nbsp;Raphael Schmid trat 2019 als Sales Director [...]Weiterlesen... from Raphael Schmid zum CEO der Interiman Group ernannt\" \/>\n<meta property=\"og:url\" content=\"https:\/\/www.interiman-group.ch\/de\/raphael-schmid-zum-ceo-der-interiman-group-ernannt\/\" \/>\n<meta property=\"og:site_name\" content=\"Interiman Group\" \/>\n<meta property=\"article:publisher\" content=\"https:\/\/www.facebook.com\/Medicalis-1737325559702106\/\" \/>\n<meta property=\"article:published_time\" content=\"2024-08-08T13:23:00+00:00\" \/>\n<meta property=\"article:modified_time\" content=\"2024-09-18T13:27:19+00:00\" \/>\n<meta property=\"og:image\" content=\"https:\/\/www.interiman-group.ch\/wp-content\/uploads\/2024\/08\/Raphael.jpg\" \/>\n\t<meta property=\"og:image:width\" content=\"800\" \/>\n\t<meta property=\"og:image:height\" content=\"450\" \/>\n\t<meta property=\"og:image:type\" content=\"image\/jpeg\" \/>\n<meta name=\"author\" content=\"Marketing\" \/>\n<meta name=\"twitter:card\" content=\"summary_large_image\" \/>\n<meta name=\"twitter:label1\" content=\"Verfasst von\" \/>\n\t<meta name=\"twitter:data1\" content=\"Marketing\" \/>\n\t<meta name=\"twitter:label2\" content=\"Gesch\u00e4tzte Lesezeit\" \/>\n\t<meta name=\"twitter:data2\" content=\"3\u00a0Minuten\" \/>\n<script type=\"application\/ld+json\" class=\"yoast-schema-graph\">{\"@context\":\"https:\/\/schema.org\",\"@graph\":[{\"@type\":\"Article\",\"@id\":\"https:\/\/www.interiman-group.ch\/de\/raphael-schmid-zum-ceo-der-interiman-group-ernannt\/#article\",\"isPartOf\":{\"@id\":\"https:\/\/www.interiman-group.ch\/de\/raphael-schmid-zum-ceo-der-interiman-group-ernannt\/\"},\"author\":{\"name\":\"Marketing\",\"@id\":\"https:\/\/www.interiman-group.ch\/de\/#\/schema\/person\/c95334f32105153884e49c46e4721983\"},\"headline\":\"Raphael Schmid zum CEO der Interiman Group ernannt\",\"datePublished\":\"2024-08-08T13:23:00+00:00\",\"dateModified\":\"2024-09-18T13:27:19+00:00\",\"mainEntityOfPage\":{\"@id\":\"https:\/\/www.interiman-group.ch\/de\/raphael-schmid-zum-ceo-der-interiman-group-ernannt\/\"},\"wordCount\":545,\"publisher\":{\"@id\":\"https:\/\/www.interiman-group.ch\/de\/#organization\"},\"image\":{\"@id\":\"https:\/\/www.interiman-group.ch\/de\/raphael-schmid-zum-ceo-der-interiman-group-ernannt\/#primaryimage\"},\"thumbnailUrl\":\"https:\/\/www.interiman-group.ch\/wp-content\/uploads\/2024\/08\/Raphael.jpg\",\"keywords\":[\"Interiman Group\"],\"articleSection\":[\"Aktuelles\"],\"inLanguage\":\"de\"},{\"@type\":\"WebPage\",\"@id\":\"https:\/\/www.interiman-group.ch\/de\/raphael-schmid-zum-ceo-der-interiman-group-ernannt\/\",\"url\":\"https:\/\/www.interiman-group.ch\/de\/raphael-schmid-zum-ceo-der-interiman-group-ernannt\/\",\"name\":\"Raphael Schmid zum CEO der Interiman Group ernannt - Interiman Group\",\"isPartOf\":{\"@id\":\"https:\/\/www.interiman-group.ch\/de\/#website\"},\"primaryImageOfPage\":{\"@id\":\"https:\/\/www.interiman-group.ch\/de\/raphael-schmid-zum-ceo-der-interiman-group-ernannt\/#primaryimage\"},\"image\":{\"@id\":\"https:\/\/www.interiman-group.ch\/de\/raphael-schmid-zum-ceo-der-interiman-group-ernannt\/#primaryimage\"},\"thumbnailUrl\":\"https:\/\/www.interiman-group.ch\/wp-content\/uploads\/2024\/08\/Raphael.jpg\",\"datePublished\":\"2024-08-08T13:23:00+00:00\",\"dateModified\":\"2024-09-18T13:27:19+00:00\",\"breadcrumb\":{\"@id\":\"https:\/\/www.interiman-group.ch\/de\/raphael-schmid-zum-ceo-der-interiman-group-ernannt\/#breadcrumb\"},\"inLanguage\":\"de\",\"potentialAction\":[{\"@type\":\"ReadAction\",\"target\":[\"https:\/\/www.interiman-group.ch\/de\/raphael-schmid-zum-ceo-der-interiman-group-ernannt\/\"]}]},{\"@type\":\"ImageObject\",\"inLanguage\":\"de\",\"@id\":\"https:\/\/www.interiman-group.ch\/de\/raphael-schmid-zum-ceo-der-interiman-group-ernannt\/#primaryimage\",\"url\":\"https:\/\/www.interiman-group.ch\/wp-content\/uploads\/2024\/08\/Raphael.jpg\",\"contentUrl\":\"https:\/\/www.interiman-group.ch\/wp-content\/uploads\/2024\/08\/Raphael.jpg\",\"width\":800,\"height\":450},{\"@type\":\"BreadcrumbList\",\"@id\":\"https:\/\/www.interiman-group.ch\/de\/raphael-schmid-zum-ceo-der-interiman-group-ernannt\/#breadcrumb\",\"itemListElement\":[{\"@type\":\"ListItem\",\"position\":1,\"name\":\"Accueil\",\"item\":\"https:\/\/www.interiman-group.ch\/de\/\"},{\"@type\":\"ListItem\",\"position\":2,\"name\":\"Raphael Schmid zum CEO der Interiman Group ernannt\"}]},{\"@type\":\"WebSite\",\"@id\":\"https:\/\/www.interiman-group.ch\/de\/#website\",\"url\":\"https:\/\/www.interiman-group.ch\/de\/\",\"name\":\"Interiman Group\",\"description\":\"\",\"publisher\":{\"@id\":\"https:\/\/www.interiman-group.ch\/de\/#organization\"},\"potentialAction\":[{\"@type\":\"SearchAction\",\"target\":{\"@type\":\"EntryPoint\",\"urlTemplate\":\"https:\/\/www.interiman-group.ch\/de\/?s={search_term_string}\"},\"query-input\":{\"@type\":\"PropertyValueSpecification\",\"valueRequired\":true,\"valueName\":\"search_term_string\"}}],\"inLanguage\":\"de\"},{\"@type\":\"Organization\",\"@id\":\"https:\/\/www.interiman-group.ch\/de\/#organization\",\"name\":\"Interiman Group\",\"url\":\"https:\/\/www.interiman-group.ch\/de\/\",\"logo\":{\"@type\":\"ImageObject\",\"inLanguage\":\"de\",\"@id\":\"https:\/\/www.interiman-group.ch\/de\/#\/schema\/logo\/image\/\",\"url\":\"https:\/\/www.interiman-group.ch\/wp-content\/uploads\/2022\/10\/igs-nav.png\",\"contentUrl\":\"https:\/\/www.interiman-group.ch\/wp-content\/uploads\/2022\/10\/igs-nav.png\",\"width\":157,\"height\":62,\"caption\":\"Interiman Group\"},\"image\":{\"@id\":\"https:\/\/www.interiman-group.ch\/de\/#\/schema\/logo\/image\/\"},\"sameAs\":[\"https:\/\/www.facebook.com\/Medicalis-1737325559702106\/\",\"https:\/\/www.linkedin.com\/company\/19057976\/\"]},{\"@type\":\"Person\",\"@id\":\"https:\/\/www.interiman-group.ch\/de\/#\/schema\/person\/c95334f32105153884e49c46e4721983\",\"name\":\"Marketing\",\"image\":{\"@type\":\"ImageObject\",\"inLanguage\":\"de\",\"@id\":\"https:\/\/www.interiman-group.ch\/de\/#\/schema\/person\/image\/\",\"url\":\"https:\/\/secure.gravatar.com\/avatar\/f195d15fff822d4a270e0b5fb1a9e8c2747b615b4a99b3fcec5f6fcaf8b72d03?s=96&d=mm&r=g\",\"contentUrl\":\"https:\/\/secure.gravatar.com\/avatar\/f195d15fff822d4a270e0b5fb1a9e8c2747b615b4a99b3fcec5f6fcaf8b72d03?s=96&d=mm&r=g\",\"caption\":\"Marketing\"},\"url\":\"https:\/\/www.interiman-group.ch\/de\/author\/teammarketing\/\"}]}<\/script>\n<!-- \/ Yoast SEO plugin. -->","yoast_head_json":{"title":"Raphael Schmid zum CEO der Interiman Group ernannt - Interiman Group","robots":{"index":"index","follow":"follow","max-snippet":"max-snippet:-1","max-image-preview":"max-image-preview:large","max-video-preview":"max-video-preview:-1"},"canonical":"https:\/\/www.interiman-group.ch\/de\/raphael-schmid-zum-ceo-der-interiman-group-ernannt\/","og_locale":"de_DE","og_type":"article","og_title":"Raphael Schmid zum CEO der Interiman Group ernannt - Interiman Group","og_description":"Die Interiman Group, die f\u00fchrende Schweizer Anbieterin von Personal- und Rekrutierungsdienstleistungen, freut sich, die Ernennung von Raphael Schmid zum CEO bekannt zu geben. Mit seiner umfangreichen Erfahrung und seinen bisherigen Erfolgen im Unternehmen ist er bereit, sich neuen Herausforderungen zu stellen, um die Marktposition der Gruppe zu festigen.&nbsp;&nbsp; &nbsp;Raphael Schmid trat 2019 als Sales Director [...]Weiterlesen... from Raphael Schmid zum CEO der Interiman Group ernannt","og_url":"https:\/\/www.interiman-group.ch\/de\/raphael-schmid-zum-ceo-der-interiman-group-ernannt\/","og_site_name":"Interiman Group","article_publisher":"https:\/\/www.facebook.com\/Medicalis-1737325559702106\/","article_published_time":"2024-08-08T13:23:00+00:00","article_modified_time":"2024-09-18T13:27:19+00:00","og_image":[{"width":800,"height":450,"url":"https:\/\/www.interiman-group.ch\/wp-content\/uploads\/2024\/08\/Raphael.jpg","type":"image\/jpeg"}],"author":"Marketing","twitter_card":"summary_large_image","twitter_misc":{"Verfasst von":"Marketing","Gesch\u00e4tzte Lesezeit":"3\u00a0Minuten"},"schema":{"@context":"https:\/\/schema.org","@graph":[{"@type":"Article","@id":"https:\/\/www.interiman-group.ch\/de\/raphael-schmid-zum-ceo-der-interiman-group-ernannt\/#article","isPartOf":{"@id":"https:\/\/www.interiman-group.ch\/de\/raphael-schmid-zum-ceo-der-interiman-group-ernannt\/"},"author":{"name":"Marketing","@id":"https:\/\/www.interiman-group.ch\/de\/#\/schema\/person\/c95334f32105153884e49c46e4721983"},"headline":"Raphael Schmid zum CEO der Interiman Group ernannt","datePublished":"2024-08-08T13:23:00+00:00","dateModified":"2024-09-18T13:27:19+00:00","mainEntityOfPage":{"@id":"https:\/\/www.interiman-group.ch\/de\/raphael-schmid-zum-ceo-der-interiman-group-ernannt\/"},"wordCount":545,"publisher":{"@id":"https:\/\/www.interiman-group.ch\/de\/#organization"},"image":{"@id":"https:\/\/www.interiman-group.ch\/de\/raphael-schmid-zum-ceo-der-interiman-group-ernannt\/#primaryimage"},"thumbnailUrl":"https:\/\/www.interiman-group.ch\/wp-content\/uploads\/2024\/08\/Raphael.jpg","keywords":["Interiman Group"],"articleSection":["Aktuelles"],"inLanguage":"de"},{"@type":"WebPage","@id":"https:\/\/www.interiman-group.ch\/de\/raphael-schmid-zum-ceo-der-interiman-group-ernannt\/","url":"https:\/\/www.interiman-group.ch\/de\/raphael-schmid-zum-ceo-der-interiman-group-ernannt\/","name":"Raphael Schmid zum CEO der Interiman Group ernannt - Interiman Group","isPartOf":{"@id":"https:\/\/www.interiman-group.ch\/de\/#website"},"primaryImageOfPage":{"@id":"https:\/\/www.interiman-group.ch\/de\/raphael-schmid-zum-ceo-der-interiman-group-ernannt\/#primaryimage"},"image":{"@id":"https:\/\/www.interiman-group.ch\/de\/raphael-schmid-zum-ceo-der-interiman-group-ernannt\/#primaryimage"},"thumbnailUrl":"https:\/\/www.interiman-group.ch\/wp-content\/uploads\/2024\/08\/Raphael.jpg","datePublished":"2024-08-08T13:23:00+00:00","dateModified":"2024-09-18T13:27:19+00:00","breadcrumb":{"@id":"https:\/\/www.interiman-group.ch\/de\/raphael-schmid-zum-ceo-der-interiman-group-ernannt\/#breadcrumb"},"inLanguage":"de","potentialAction":[{"@type":"ReadAction","target":["https:\/\/www.interiman-group.ch\/de\/raphael-schmid-zum-ceo-der-interiman-group-ernannt\/"]}]},{"@type":"ImageObject","inLanguage":"de","@id":"https:\/\/www.interiman-group.ch\/de\/raphael-schmid-zum-ceo-der-interiman-group-ernannt\/#primaryimage","url":"https:\/\/www.interiman-group.ch\/wp-content\/uploads\/2024\/08\/Raphael.jpg","contentUrl":"https:\/\/www.interiman-group.ch\/wp-content\/uploads\/2024\/08\/Raphael.jpg","width":800,"height":450},{"@type":"BreadcrumbList","@id":"https:\/\/www.interiman-group.ch\/de\/raphael-schmid-zum-ceo-der-interiman-group-ernannt\/#breadcrumb","itemListElement":[{"@type":"ListItem","position":1,"name":"Accueil","item":"https:\/\/www.interiman-group.ch\/de\/"},{"@type":"ListItem","position":2,"name":"Raphael Schmid zum CEO der Interiman Group ernannt"}]},{"@type":"WebSite","@id":"https:\/\/www.interiman-group.ch\/de\/#website","url":"https:\/\/www.interiman-group.ch\/de\/","name":"Interiman Group","description":"","publisher":{"@id":"https:\/\/www.interiman-group.ch\/de\/#organization"},"potentialAction":[{"@type":"SearchAction","target":{"@type":"EntryPoint","urlTemplate":"https:\/\/www.interiman-group.ch\/de\/?s={search_term_string}"},"query-input":{"@type":"PropertyValueSpecification","valueRequired":true,"valueName":"search_term_string"}}],"inLanguage":"de"},{"@type":"Organization","@id":"https:\/\/www.interiman-group.ch\/de\/#organization","name":"Interiman Group","url":"https:\/\/www.interiman-group.ch\/de\/","logo":{"@type":"ImageObject","inLanguage":"de","@id":"https:\/\/www.interiman-group.ch\/de\/#\/schema\/logo\/image\/","url":"https:\/\/www.interiman-group.ch\/wp-content\/uploads\/2022\/10\/igs-nav.png","contentUrl":"https:\/\/www.interiman-group.ch\/wp-content\/uploads\/2022\/10\/igs-nav.png","width":157,"height":62,"caption":"Interiman Group"},"image":{"@id":"https:\/\/www.interiman-group.ch\/de\/#\/schema\/logo\/image\/"},"sameAs":["https:\/\/www.facebook.com\/Medicalis-1737325559702106\/","https:\/\/www.linkedin.com\/company\/19057976\/"]},{"@type":"Person","@id":"https:\/\/www.interiman-group.ch\/de\/#\/schema\/person\/c95334f32105153884e49c46e4721983","name":"Marketing","image":{"@type":"ImageObject","inLanguage":"de","@id":"https:\/\/www.interiman-group.ch\/de\/#\/schema\/person\/image\/","url":"https:\/\/secure.gravatar.com\/avatar\/f195d15fff822d4a270e0b5fb1a9e8c2747b615b4a99b3fcec5f6fcaf8b72d03?s=96&d=mm&r=g","contentUrl":"https:\/\/secure.gravatar.com\/avatar\/f195d15fff822d4a270e0b5fb1a9e8c2747b615b4a99b3fcec5f6fcaf8b72d03?s=96&d=mm&r=g","caption":"Marketing"},"url":"https:\/\/www.interiman-group.ch\/de\/author\/teammarketing\/"}]}},"_links":{"self":[{"href":"https:\/\/www.interiman-group.ch\/de\/wp-json\/wp\/v2\/posts\/1287311","targetHints":{"allow":["GET"]}}],"collection":[{"href":"https:\/\/www.interiman-group.ch\/de\/wp-json\/wp\/v2\/posts"}],"about":[{"href":"https:\/\/www.interiman-group.ch\/de\/wp-json\/wp\/v2\/types\/post"}],"author":[{"embeddable":true,"href":"https:\/\/www.interiman-group.ch\/de\/wp-json\/wp\/v2\/users\/15"}],"replies":[{"embeddable":true,"href":"https:\/\/www.interiman-group.ch\/de\/wp-json\/wp\/v2\/comments?post=1287311"}],"version-history":[{"count":1,"href":"https:\/\/www.interiman-group.ch\/de\/wp-json\/wp\/v2\/posts\/1287311\/revisions"}],"predecessor-version":[{"id":1287312,"href":"https:\/\/www.interiman-group.ch\/de\/wp-json\/wp\/v2\/posts\/1287311\/revisions\/1287312"}],"wp:featuredmedia":[{"embeddable":true,"href":"https:\/\/www.interiman-group.ch\/de\/wp-json\/wp\/v2\/media\/1287241"}],"wp:attachment":[{"href":"https:\/\/www.interiman-group.ch\/de\/wp-json\/wp\/v2\/media?parent=1287311"}],"wp:term":[{"taxonomy":"category","embeddable":true,"href":"https:\/\/www.interiman-group.ch\/de\/wp-json\/wp\/v2\/categories?post=1287311"},{"taxonomy":"post_tag","embeddable":true,"href":"https:\/\/www.interiman-group.ch\/de\/wp-json\/wp\/v2\/tags?post=1287311"}],"curies":[{"name":"wp","href":"https:\/\/api.w.org\/{rel}","templated":true}]}}