{"id":1287410,"date":"2025-01-14T16:06:13","date_gmt":"2025-01-14T15:06:13","guid":{"rendered":"https:\/\/www.interiman-group.ch\/?p=1287410"},"modified":"2025-01-14T16:06:13","modified_gmt":"2025-01-14T15:06:13","slug":"albedis-staerkt-seine-position-als-fuehrende-personalberatung-durch-strategische-fusion","status":"publish","type":"post","link":"https:\/\/www.interiman-group.ch\/de\/albedis-staerkt-seine-position-als-fuehrende-personalberatung-durch-strategische-fusion\/","title":{"rendered":"albedis st\u00e4rkt seine Position als f\u00fchrende Personalberatung durch strategische Fusion"},"content":{"rendered":"\n<p>albedis, ein Unternehmen der Interiman Group, verk\u00fcndet mit Stolz seine Transformation in einen noch st\u00e4rkeren und einheitlicheren Akteur im Bereich der Talentakquise. Dies wurde durch die strategische Fusion und Integration der Schwesterunternehmen Arobase und Interiman in albedis erfolgreich umgesetzt. Dieser bedeutende Meilenstein vereint drei Branchenf\u00fchrer und unterstreicht das Engagement von albedis, Chancen zu schaffen und herausragende Dienstleistungen im Bereich der Personalberatung auf nationaler Ebene anzubieten.&nbsp;<\/p>\n\n\n\n<p>Durch die Integration von Arobase und Interiman st\u00e4rkt albedis seine F\u00e4higkeit, nahtlose und landesweite Rekrutierungsl\u00f6sungen anzubieten und gleichzeitig den gesch\u00e4tzten pers\u00f6nlichen sowie hochwertigen Ansatz f\u00fcr Kunden und Kandidaten beizubehalten. Arobase bringt sein anerkanntes Fachwissen in den Bereichen IT und Digitales ein, w\u00e4hrend Interiman das Portfolio mit seiner Expertise in den OMS-Berufen (Office Management Support) bereichert. Mit diesem Know-how ist albedis einzigartig positioniert, um von der Suche nach Spezialisten bis hin zu F\u00fchrungskr\u00e4ften, vielf\u00e4ltige Bed\u00fcrfnisse mit massgeschneiderten 360-Grad-L\u00f6sungen abzudecken.&nbsp;<\/p>\n\n\n\n<p>Mit Standorten in Genf, Lausanne, Bern und Z\u00fcrich verbindet albedis eine lokale Pr\u00e4senz mit nationaler Reichweite. Dadurch ist albedis in der Lage, die Bed\u00fcrfnisse von Unternehmen und Kandidaten in der gesamten Schweiz effizient und zielgerichtet zu erf\u00fcllen.&nbsp;<\/p>\n\n\n\n<p><em>\u00abDie Integration von Arobase und Interiman in unsere Marke albedis markiert einen bedeutenden Meilenstein in unserer Strategie, regionale Personalberatungen zu einer nationalen Einheit zusammenzuf\u00fchren. Unser Ziel ist es, f\u00fchrende Marken in allen relevanten Marktsegmenten der Branche zu etablieren und gleichzeitig die St\u00e4rke unserer Expertise und unseres Netzwerks weiter auszubauen.<\/em>&nbsp;<\/p>\n\n\n\n<p><em>Die neue Markenstruktur sch\u00e4rft unsere Pr\u00e4senz in der Personalberatungsbranche, schafft Synergien zwischen den Regionen und erm\u00f6glicht es uns, noch effizientere und zukunftsweisende Personall\u00f6sungen anzubieten \u2013 in einer Zeit, in der der Wettbewerb um die besten Talente intensiver ist als je zuvor\u00bb<\/em>, sagt Raphael Schmid, CEO der Interiman Group.&nbsp;<\/p>\n\n\n\n<p><strong>Die wichtigsten Punkte der Fusion:<\/strong>&nbsp;<\/p>\n\n\n\n<ul class=\"wp-block-list\">\n<li><strong>Vereinte Expertise:<\/strong> Erweiterte Kapazit\u00e4t f\u00fcr die gezielte Vermittlung von Support-Profilen, Spezialisten, Managern und F\u00fchrungskr\u00e4ften in verschiedenen Branchen.\u00a0<\/li>\n<\/ul>\n\n\n\n<ul class=\"wp-block-list\">\n<li><strong>Erweiterte Dienstleistungen:<\/strong> Neues Angebot und vertieftes Fachwissen, um den sich wandelnden Personalbedarf auf nationaler Ebene abzudecken.\u00a0<\/li>\n<\/ul>\n\n\n\n<ul class=\"wp-block-list\">\n<li><strong>Verst\u00e4rkte nationale Reichweite:<\/strong> Reibungslose Zusammenarbeit zwischen den Standorten gew\u00e4hrleistet einheitliche und massgeschneiderte L\u00f6sungen f\u00fcr alle Kunden.\u00a0<\/li>\n<\/ul>\n\n\n\n<p>Dieser strategische Zusammenschluss spiegelt die Vision von albedis wider, die Suche nach Talenten zu vereinfachen und Unternehmen mit innovativen und effizienten Rekrutierungsdienstleistungen zu unterst\u00fctzen. Durch die B\u00fcndelung ihrer Kr\u00e4fte ist albedis optimal aufgestellt, um Unternehmen und Talente in einem wettbewerbsintensiven Markt erfolgreich zusammenzubringen.&nbsp;<\/p>\n\n\n\n<p><strong>\u00dcber albedis<\/strong>&nbsp;&nbsp;<\/p>\n\n\n\n<p>Mit \u00fcber 15 Jahren Erfahrung ist albedis als Teil der Interiman Group, ein f\u00fchrender Anbieter im Bereich Personalberatung. Das Unternehmen bietet massgeschneiderte L\u00f6sungen, die pr\u00e4zise auf die individuellen Bed\u00fcrfnisse von Unternehmen und Kandidaten zugeschnitten sind. Die Expertise von albedis erstreckt sich \u00fcber zahlreiche Branchen und vereint die passenden Talente mit den richtigen Chancen \u2013 f\u00fcr den Erfolg unserer Kunden und Kandidaten.&nbsp;<\/p>\n\n\n\n<p>F\u00fcr Medienanfragen kontaktieren Sie bitte: <a href=\"mailto:marketing@interiman-group.ch\" target=\"_blank\" rel=\"noreferrer noopener\">marketing@interiman-group.ch<\/a>&nbsp;<\/p>\n","protected":false},"excerpt":{"rendered":"<p>albedis, ein Unternehmen der Interiman Group, verk\u00fcndet mit Stolz seine Transformation in einen noch st\u00e4rkeren und einheitlicheren Akteur im Bereich der Talentakquise. Dies wurde durch die strategische Fusion und Integration der Schwesterunternehmen Arobase und Interiman in albedis erfolgreich umgesetzt. Dieser bedeutende Meilenstein vereint drei Branchenf\u00fchrer und unterstreicht das Engagement von albedis, Chancen zu schaffen und [&#8230;]<\/p>\n<p><a class=\"btn btn-secondary understrap-read-more-link\" href=\"https:\/\/www.interiman-group.ch\/de\/albedis-staerkt-seine-position-als-fuehrende-personalberatung-durch-strategische-fusion\/\">Weiterlesen&#8230;<span class=\"screen-reader-text\"> from albedis st\u00e4rkt seine Position als f\u00fchrende Personalberatung durch strategische Fusion<\/span><\/a><\/p>\n","protected":false},"author":15,"featured_media":1287406,"comment_status":"closed","ping_status":"","sticky":false,"template":"","format":"standard","meta":{"_monsterinsights_skip_tracking":false,"_monsterinsights_sitenote_active":false,"_monsterinsights_sitenote_note":"","_monsterinsights_sitenote_category":0,"footnotes":""},"categories":[116,122],"tags":[131],"class_list":["post-1287410","post","type-post","status-publish","format-standard","has-post-thumbnail","hentry","category-news-de","category-communiques-de","tag-albedis-de"],"yoast_head":"<!-- This site is optimized with the Yoast SEO plugin v26.9 - https:\/\/yoast.com\/product\/yoast-seo-wordpress\/ -->\n<title>albedis st\u00e4rkt seine Position als f\u00fchrende Personalberatung durch strategische Fusion - Interiman Group<\/title>\n<meta name=\"robots\" content=\"index, follow, max-snippet:-1, max-image-preview:large, max-video-preview:-1\" \/>\n<link rel=\"canonical\" href=\"https:\/\/www.interiman-group.ch\/de\/albedis-staerkt-seine-position-als-fuehrende-personalberatung-durch-strategische-fusion\/\" \/>\n<meta property=\"og:locale\" content=\"de_DE\" \/>\n<meta property=\"og:type\" content=\"article\" \/>\n<meta property=\"og:title\" content=\"albedis st\u00e4rkt seine Position als f\u00fchrende Personalberatung durch strategische Fusion - Interiman Group\" \/>\n<meta property=\"og:description\" content=\"albedis, ein Unternehmen der Interiman Group, verk\u00fcndet mit Stolz seine Transformation in einen noch st\u00e4rkeren und einheitlicheren Akteur im Bereich der Talentakquise. Dies wurde durch die strategische Fusion und Integration der Schwesterunternehmen Arobase und Interiman in albedis erfolgreich umgesetzt. Dieser bedeutende Meilenstein vereint drei Branchenf\u00fchrer und unterstreicht das Engagement von albedis, Chancen zu schaffen und [...]Weiterlesen... from albedis st\u00e4rkt seine Position als f\u00fchrende Personalberatung durch strategische Fusion\" \/>\n<meta property=\"og:url\" content=\"https:\/\/www.interiman-group.ch\/de\/albedis-staerkt-seine-position-als-fuehrende-personalberatung-durch-strategische-fusion\/\" \/>\n<meta property=\"og:site_name\" content=\"Interiman Group\" \/>\n<meta property=\"article:publisher\" content=\"https:\/\/www.facebook.com\/Medicalis-1737325559702106\/\" \/>\n<meta property=\"article:published_time\" content=\"2025-01-14T15:06:13+00:00\" \/>\n<meta property=\"og:image\" content=\"https:\/\/www.interiman-group.ch\/wp-content\/uploads\/2023\/08\/Logo_Interiman_Group_rvb_high.png\" \/>\n\t<meta property=\"og:image:width\" content=\"1112\" \/>\n\t<meta property=\"og:image:height\" content=\"510\" \/>\n\t<meta property=\"og:image:type\" content=\"image\/png\" \/>\n<meta name=\"author\" content=\"Marketing\" \/>\n<meta name=\"twitter:card\" content=\"summary_large_image\" \/>\n<meta name=\"twitter:label1\" content=\"Verfasst von\" \/>\n\t<meta name=\"twitter:data1\" content=\"Marketing\" \/>\n\t<meta name=\"twitter:label2\" content=\"Gesch\u00e4tzte Lesezeit\" \/>\n\t<meta name=\"twitter:data2\" content=\"2\u00a0Minuten\" \/>\n<script type=\"application\/ld+json\" class=\"yoast-schema-graph\">{\"@context\":\"https:\/\/schema.org\",\"@graph\":[{\"@type\":\"Article\",\"@id\":\"https:\/\/www.interiman-group.ch\/de\/albedis-staerkt-seine-position-als-fuehrende-personalberatung-durch-strategische-fusion\/#article\",\"isPartOf\":{\"@id\":\"https:\/\/www.interiman-group.ch\/de\/albedis-staerkt-seine-position-als-fuehrende-personalberatung-durch-strategische-fusion\/\"},\"author\":{\"name\":\"Marketing\",\"@id\":\"https:\/\/www.interiman-group.ch\/de\/#\/schema\/person\/c95334f32105153884e49c46e4721983\"},\"headline\":\"albedis st\u00e4rkt seine Position als f\u00fchrende Personalberatung durch strategische Fusion\",\"datePublished\":\"2025-01-14T15:06:13+00:00\",\"mainEntityOfPage\":{\"@id\":\"https:\/\/www.interiman-group.ch\/de\/albedis-staerkt-seine-position-als-fuehrende-personalberatung-durch-strategische-fusion\/\"},\"wordCount\":508,\"publisher\":{\"@id\":\"https:\/\/www.interiman-group.ch\/de\/#organization\"},\"image\":{\"@id\":\"https:\/\/www.interiman-group.ch\/de\/albedis-staerkt-seine-position-als-fuehrende-personalberatung-durch-strategische-fusion\/#primaryimage\"},\"thumbnailUrl\":\"https:\/\/www.interiman-group.ch\/wp-content\/uploads\/2025\/01\/luis_granato_1000x667-1.jpg\",\"keywords\":[\"Albedis\"],\"articleSection\":[\"Aktuelles\",\"Pressemitteilungen\"],\"inLanguage\":\"de\"},{\"@type\":\"WebPage\",\"@id\":\"https:\/\/www.interiman-group.ch\/de\/albedis-staerkt-seine-position-als-fuehrende-personalberatung-durch-strategische-fusion\/\",\"url\":\"https:\/\/www.interiman-group.ch\/de\/albedis-staerkt-seine-position-als-fuehrende-personalberatung-durch-strategische-fusion\/\",\"name\":\"albedis st\u00e4rkt seine Position als f\u00fchrende Personalberatung durch strategische Fusion - Interiman Group\",\"isPartOf\":{\"@id\":\"https:\/\/www.interiman-group.ch\/de\/#website\"},\"primaryImageOfPage\":{\"@id\":\"https:\/\/www.interiman-group.ch\/de\/albedis-staerkt-seine-position-als-fuehrende-personalberatung-durch-strategische-fusion\/#primaryimage\"},\"image\":{\"@id\":\"https:\/\/www.interiman-group.ch\/de\/albedis-staerkt-seine-position-als-fuehrende-personalberatung-durch-strategische-fusion\/#primaryimage\"},\"thumbnailUrl\":\"https:\/\/www.interiman-group.ch\/wp-content\/uploads\/2025\/01\/luis_granato_1000x667-1.jpg\",\"datePublished\":\"2025-01-14T15:06:13+00:00\",\"breadcrumb\":{\"@id\":\"https:\/\/www.interiman-group.ch\/de\/albedis-staerkt-seine-position-als-fuehrende-personalberatung-durch-strategische-fusion\/#breadcrumb\"},\"inLanguage\":\"de\",\"potentialAction\":[{\"@type\":\"ReadAction\",\"target\":[\"https:\/\/www.interiman-group.ch\/de\/albedis-staerkt-seine-position-als-fuehrende-personalberatung-durch-strategische-fusion\/\"]}]},{\"@type\":\"ImageObject\",\"inLanguage\":\"de\",\"@id\":\"https:\/\/www.interiman-group.ch\/de\/albedis-staerkt-seine-position-als-fuehrende-personalberatung-durch-strategische-fusion\/#primaryimage\",\"url\":\"https:\/\/www.interiman-group.ch\/wp-content\/uploads\/2025\/01\/luis_granato_1000x667-1.jpg\",\"contentUrl\":\"https:\/\/www.interiman-group.ch\/wp-content\/uploads\/2025\/01\/luis_granato_1000x667-1.jpg\",\"width\":1000,\"height\":667},{\"@type\":\"BreadcrumbList\",\"@id\":\"https:\/\/www.interiman-group.ch\/de\/albedis-staerkt-seine-position-als-fuehrende-personalberatung-durch-strategische-fusion\/#breadcrumb\",\"itemListElement\":[{\"@type\":\"ListItem\",\"position\":1,\"name\":\"Accueil\",\"item\":\"https:\/\/www.interiman-group.ch\/de\/\"},{\"@type\":\"ListItem\",\"position\":2,\"name\":\"albedis st\u00e4rkt seine Position als f\u00fchrende Personalberatung durch strategische Fusion\"}]},{\"@type\":\"WebSite\",\"@id\":\"https:\/\/www.interiman-group.ch\/de\/#website\",\"url\":\"https:\/\/www.interiman-group.ch\/de\/\",\"name\":\"Interiman Group\",\"description\":\"\",\"publisher\":{\"@id\":\"https:\/\/www.interiman-group.ch\/de\/#organization\"},\"potentialAction\":[{\"@type\":\"SearchAction\",\"target\":{\"@type\":\"EntryPoint\",\"urlTemplate\":\"https:\/\/www.interiman-group.ch\/de\/?s={search_term_string}\"},\"query-input\":{\"@type\":\"PropertyValueSpecification\",\"valueRequired\":true,\"valueName\":\"search_term_string\"}}],\"inLanguage\":\"de\"},{\"@type\":\"Organization\",\"@id\":\"https:\/\/www.interiman-group.ch\/de\/#organization\",\"name\":\"Interiman Group\",\"url\":\"https:\/\/www.interiman-group.ch\/de\/\",\"logo\":{\"@type\":\"ImageObject\",\"inLanguage\":\"de\",\"@id\":\"https:\/\/www.interiman-group.ch\/de\/#\/schema\/logo\/image\/\",\"url\":\"https:\/\/www.interiman-group.ch\/wp-content\/uploads\/2022\/10\/igs-nav.png\",\"contentUrl\":\"https:\/\/www.interiman-group.ch\/wp-content\/uploads\/2022\/10\/igs-nav.png\",\"width\":157,\"height\":62,\"caption\":\"Interiman Group\"},\"image\":{\"@id\":\"https:\/\/www.interiman-group.ch\/de\/#\/schema\/logo\/image\/\"},\"sameAs\":[\"https:\/\/www.facebook.com\/Medicalis-1737325559702106\/\",\"https:\/\/www.linkedin.com\/company\/19057976\/\"]},{\"@type\":\"Person\",\"@id\":\"https:\/\/www.interiman-group.ch\/de\/#\/schema\/person\/c95334f32105153884e49c46e4721983\",\"name\":\"Marketing\",\"image\":{\"@type\":\"ImageObject\",\"inLanguage\":\"de\",\"@id\":\"https:\/\/www.interiman-group.ch\/de\/#\/schema\/person\/image\/\",\"url\":\"https:\/\/secure.gravatar.com\/avatar\/f195d15fff822d4a270e0b5fb1a9e8c2747b615b4a99b3fcec5f6fcaf8b72d03?s=96&d=mm&r=g\",\"contentUrl\":\"https:\/\/secure.gravatar.com\/avatar\/f195d15fff822d4a270e0b5fb1a9e8c2747b615b4a99b3fcec5f6fcaf8b72d03?s=96&d=mm&r=g\",\"caption\":\"Marketing\"},\"url\":\"https:\/\/www.interiman-group.ch\/de\/author\/teammarketing\/\"}]}<\/script>\n<!-- \/ Yoast SEO plugin. -->","yoast_head_json":{"title":"albedis st\u00e4rkt seine Position als f\u00fchrende Personalberatung durch strategische Fusion - Interiman Group","robots":{"index":"index","follow":"follow","max-snippet":"max-snippet:-1","max-image-preview":"max-image-preview:large","max-video-preview":"max-video-preview:-1"},"canonical":"https:\/\/www.interiman-group.ch\/de\/albedis-staerkt-seine-position-als-fuehrende-personalberatung-durch-strategische-fusion\/","og_locale":"de_DE","og_type":"article","og_title":"albedis st\u00e4rkt seine Position als f\u00fchrende Personalberatung durch strategische Fusion - Interiman Group","og_description":"albedis, ein Unternehmen der Interiman Group, verk\u00fcndet mit Stolz seine Transformation in einen noch st\u00e4rkeren und einheitlicheren Akteur im Bereich der Talentakquise. Dies wurde durch die strategische Fusion und Integration der Schwesterunternehmen Arobase und Interiman in albedis erfolgreich umgesetzt. Dieser bedeutende Meilenstein vereint drei Branchenf\u00fchrer und unterstreicht das Engagement von albedis, Chancen zu schaffen und [...]Weiterlesen... from albedis st\u00e4rkt seine Position als f\u00fchrende Personalberatung durch strategische Fusion","og_url":"https:\/\/www.interiman-group.ch\/de\/albedis-staerkt-seine-position-als-fuehrende-personalberatung-durch-strategische-fusion\/","og_site_name":"Interiman Group","article_publisher":"https:\/\/www.facebook.com\/Medicalis-1737325559702106\/","article_published_time":"2025-01-14T15:06:13+00:00","og_image":[{"width":1112,"height":510,"url":"https:\/\/www.interiman-group.ch\/wp-content\/uploads\/2023\/08\/Logo_Interiman_Group_rvb_high.png","type":"image\/png"}],"author":"Marketing","twitter_card":"summary_large_image","twitter_misc":{"Verfasst von":"Marketing","Gesch\u00e4tzte Lesezeit":"2\u00a0Minuten"},"schema":{"@context":"https:\/\/schema.org","@graph":[{"@type":"Article","@id":"https:\/\/www.interiman-group.ch\/de\/albedis-staerkt-seine-position-als-fuehrende-personalberatung-durch-strategische-fusion\/#article","isPartOf":{"@id":"https:\/\/www.interiman-group.ch\/de\/albedis-staerkt-seine-position-als-fuehrende-personalberatung-durch-strategische-fusion\/"},"author":{"name":"Marketing","@id":"https:\/\/www.interiman-group.ch\/de\/#\/schema\/person\/c95334f32105153884e49c46e4721983"},"headline":"albedis st\u00e4rkt seine Position als f\u00fchrende Personalberatung durch strategische Fusion","datePublished":"2025-01-14T15:06:13+00:00","mainEntityOfPage":{"@id":"https:\/\/www.interiman-group.ch\/de\/albedis-staerkt-seine-position-als-fuehrende-personalberatung-durch-strategische-fusion\/"},"wordCount":508,"publisher":{"@id":"https:\/\/www.interiman-group.ch\/de\/#organization"},"image":{"@id":"https:\/\/www.interiman-group.ch\/de\/albedis-staerkt-seine-position-als-fuehrende-personalberatung-durch-strategische-fusion\/#primaryimage"},"thumbnailUrl":"https:\/\/www.interiman-group.ch\/wp-content\/uploads\/2025\/01\/luis_granato_1000x667-1.jpg","keywords":["Albedis"],"articleSection":["Aktuelles","Pressemitteilungen"],"inLanguage":"de"},{"@type":"WebPage","@id":"https:\/\/www.interiman-group.ch\/de\/albedis-staerkt-seine-position-als-fuehrende-personalberatung-durch-strategische-fusion\/","url":"https:\/\/www.interiman-group.ch\/de\/albedis-staerkt-seine-position-als-fuehrende-personalberatung-durch-strategische-fusion\/","name":"albedis st\u00e4rkt seine Position als f\u00fchrende Personalberatung durch strategische Fusion - Interiman Group","isPartOf":{"@id":"https:\/\/www.interiman-group.ch\/de\/#website"},"primaryImageOfPage":{"@id":"https:\/\/www.interiman-group.ch\/de\/albedis-staerkt-seine-position-als-fuehrende-personalberatung-durch-strategische-fusion\/#primaryimage"},"image":{"@id":"https:\/\/www.interiman-group.ch\/de\/albedis-staerkt-seine-position-als-fuehrende-personalberatung-durch-strategische-fusion\/#primaryimage"},"thumbnailUrl":"https:\/\/www.interiman-group.ch\/wp-content\/uploads\/2025\/01\/luis_granato_1000x667-1.jpg","datePublished":"2025-01-14T15:06:13+00:00","breadcrumb":{"@id":"https:\/\/www.interiman-group.ch\/de\/albedis-staerkt-seine-position-als-fuehrende-personalberatung-durch-strategische-fusion\/#breadcrumb"},"inLanguage":"de","potentialAction":[{"@type":"ReadAction","target":["https:\/\/www.interiman-group.ch\/de\/albedis-staerkt-seine-position-als-fuehrende-personalberatung-durch-strategische-fusion\/"]}]},{"@type":"ImageObject","inLanguage":"de","@id":"https:\/\/www.interiman-group.ch\/de\/albedis-staerkt-seine-position-als-fuehrende-personalberatung-durch-strategische-fusion\/#primaryimage","url":"https:\/\/www.interiman-group.ch\/wp-content\/uploads\/2025\/01\/luis_granato_1000x667-1.jpg","contentUrl":"https:\/\/www.interiman-group.ch\/wp-content\/uploads\/2025\/01\/luis_granato_1000x667-1.jpg","width":1000,"height":667},{"@type":"BreadcrumbList","@id":"https:\/\/www.interiman-group.ch\/de\/albedis-staerkt-seine-position-als-fuehrende-personalberatung-durch-strategische-fusion\/#breadcrumb","itemListElement":[{"@type":"ListItem","position":1,"name":"Accueil","item":"https:\/\/www.interiman-group.ch\/de\/"},{"@type":"ListItem","position":2,"name":"albedis st\u00e4rkt seine Position als f\u00fchrende Personalberatung durch strategische Fusion"}]},{"@type":"WebSite","@id":"https:\/\/www.interiman-group.ch\/de\/#website","url":"https:\/\/www.interiman-group.ch\/de\/","name":"Interiman Group","description":"","publisher":{"@id":"https:\/\/www.interiman-group.ch\/de\/#organization"},"potentialAction":[{"@type":"SearchAction","target":{"@type":"EntryPoint","urlTemplate":"https:\/\/www.interiman-group.ch\/de\/?s={search_term_string}"},"query-input":{"@type":"PropertyValueSpecification","valueRequired":true,"valueName":"search_term_string"}}],"inLanguage":"de"},{"@type":"Organization","@id":"https:\/\/www.interiman-group.ch\/de\/#organization","name":"Interiman Group","url":"https:\/\/www.interiman-group.ch\/de\/","logo":{"@type":"ImageObject","inLanguage":"de","@id":"https:\/\/www.interiman-group.ch\/de\/#\/schema\/logo\/image\/","url":"https:\/\/www.interiman-group.ch\/wp-content\/uploads\/2022\/10\/igs-nav.png","contentUrl":"https:\/\/www.interiman-group.ch\/wp-content\/uploads\/2022\/10\/igs-nav.png","width":157,"height":62,"caption":"Interiman Group"},"image":{"@id":"https:\/\/www.interiman-group.ch\/de\/#\/schema\/logo\/image\/"},"sameAs":["https:\/\/www.facebook.com\/Medicalis-1737325559702106\/","https:\/\/www.linkedin.com\/company\/19057976\/"]},{"@type":"Person","@id":"https:\/\/www.interiman-group.ch\/de\/#\/schema\/person\/c95334f32105153884e49c46e4721983","name":"Marketing","image":{"@type":"ImageObject","inLanguage":"de","@id":"https:\/\/www.interiman-group.ch\/de\/#\/schema\/person\/image\/","url":"https:\/\/secure.gravatar.com\/avatar\/f195d15fff822d4a270e0b5fb1a9e8c2747b615b4a99b3fcec5f6fcaf8b72d03?s=96&d=mm&r=g","contentUrl":"https:\/\/secure.gravatar.com\/avatar\/f195d15fff822d4a270e0b5fb1a9e8c2747b615b4a99b3fcec5f6fcaf8b72d03?s=96&d=mm&r=g","caption":"Marketing"},"url":"https:\/\/www.interiman-group.ch\/de\/author\/teammarketing\/"}]}},"_links":{"self":[{"href":"https:\/\/www.interiman-group.ch\/de\/wp-json\/wp\/v2\/posts\/1287410","targetHints":{"allow":["GET"]}}],"collection":[{"href":"https:\/\/www.interiman-group.ch\/de\/wp-json\/wp\/v2\/posts"}],"about":[{"href":"https:\/\/www.interiman-group.ch\/de\/wp-json\/wp\/v2\/types\/post"}],"author":[{"embeddable":true,"href":"https:\/\/www.interiman-group.ch\/de\/wp-json\/wp\/v2\/users\/15"}],"replies":[{"embeddable":true,"href":"https:\/\/www.interiman-group.ch\/de\/wp-json\/wp\/v2\/comments?post=1287410"}],"version-history":[{"count":1,"href":"https:\/\/www.interiman-group.ch\/de\/wp-json\/wp\/v2\/posts\/1287410\/revisions"}],"predecessor-version":[{"id":1287411,"href":"https:\/\/www.interiman-group.ch\/de\/wp-json\/wp\/v2\/posts\/1287410\/revisions\/1287411"}],"wp:featuredmedia":[{"embeddable":true,"href":"https:\/\/www.interiman-group.ch\/de\/wp-json\/wp\/v2\/media\/1287406"}],"wp:attachment":[{"href":"https:\/\/www.interiman-group.ch\/de\/wp-json\/wp\/v2\/media?parent=1287410"}],"wp:term":[{"taxonomy":"category","embeddable":true,"href":"https:\/\/www.interiman-group.ch\/de\/wp-json\/wp\/v2\/categories?post=1287410"},{"taxonomy":"post_tag","embeddable":true,"href":"https:\/\/www.interiman-group.ch\/de\/wp-json\/wp\/v2\/tags?post=1287410"}],"curies":[{"name":"wp","href":"https:\/\/api.w.org\/{rel}","templated":true}]}}