{"id":1287455,"date":"2025-04-01T12:27:02","date_gmt":"2025-04-01T10:27:02","guid":{"rendered":"https:\/\/www.interiman-group.ch\/?p=1287455"},"modified":"2025-04-01T12:27:02","modified_gmt":"2025-04-01T10:27:02","slug":"interiman-group-ueberdurchschnittliche-marktentwicklung-akquisition-und-schluesselernennung","status":"publish","type":"post","link":"https:\/\/www.interiman-group.ch\/de\/interiman-group-ueberdurchschnittliche-marktentwicklung-akquisition-und-schluesselernennung\/","title":{"rendered":"Interiman Group: \u00dcberdurchschnittliche Marktentwicklung, Akquisition und Schl\u00fcsselernennung"},"content":{"rendered":"\n<p>\u2022 <strong>Resilienz: Umsatz von 573 Millionen CHF im Jahr 2024 (-3,4 %), was eine deutliche \u00dcberperformance im Vergleich zum R\u00fcckgang des tempor\u00e4ren Marktes (-10,6 %) und des Festvermittlung-Marktes (-20,8 %) widerspiegelt.<\/strong><\/p>\n\n\n\n<p>\u2022 <strong>Wachstumsstrategie: Die \u00dcbernahme von Acceleris Consulting st\u00e4rkt die Marktpositionierung des Unternehmens und erweitert das HR-Angebot.<\/strong><\/p>\n\n\n\n<p>\u2022 <strong>Neue Markenidentit\u00e4t: Das Rebranding mit der Marke Albedis vereinfacht und pr\u00e4zisiert das Angebot der Gruppe.<\/strong><\/p>\n\n\n\n<p>\u2022 <strong>Digitale Transformation: Die Ernennung von Yves Schneuwly zum Chief Digital &amp; Marketing Officer modernisiert die Dienstleistungen des Unternehmens.<\/strong><\/p>\n\n\n\n<p><\/p>\n\n\n\n<p>W\u00e4hrend der Schweizer Rekrutierungssektor einen deutlichen R\u00fcckgang verzeichnet, zeigt die Interiman Group, der f\u00fchrende Schweizer Anbieter von Personaldienstleistungen und Personalvermittlung, ihre Widerstandsf\u00e4higkeit mit einem Umsatz von 573 Millionen CHF im Jahr 2024, was einem moderaten R\u00fcckgang von 3,4 % im Vergleich zu 2023 entspricht. Diese Leistung steht im starken Kontrast zum R\u00fcckgang von 10,6 % im Bereich der Zeitarbeit und 20,8 % im Bereich der Festvermittlung.<\/p>\n\n\n\n<p>\u00abNachdem wir unsere Effizienz in wachsenden M\u00e4rkten unter Beweis gestellt haben, zeigt diese Leistung die St\u00e4rke unseres Gesch\u00e4ftsmodells auch in schwierigen Zeiten. Dies belegt das unersch\u00fctterliche Engagement unserer Teams\u00bb, erkl\u00e4rte <strong>Raymond Knigge<\/strong>, Gr\u00fcnder der Interiman Group. \u00abWir setzen unser Wachstum mit Zuversicht fort, indem wir unsere Dienstleistungen weiter ausbauen und unsere digitale Transformation vorantreiben.\u00bb<\/p>\n\n\n\n<p><strong>Die Akquisition von Acceleris st\u00e4rkt das HR-Angebot<\/strong><\/p>\n\n\n\n<p>Acceleris Consulting, ein auf innovative HR-L\u00f6sungen spezialisiertes Unternehmen, erweitert das Portfolio der Gruppe in den Bereichen Ausbildung, F\u00fchrung und Ver\u00e4nderungsmanagement. 2004 von Nicolas Worms gegr\u00fcndet, ist das Unternehmen f\u00fcr seine innovativen und partizipativen Lernmethoden bekannt. Die \u00dcbernahme erfolgt schrittweise, sodass Nicolas Worms weiterhin das Unternehmen leiten und einen reibungslosen \u00dcbergang sicherstellen kann. Diese strategische Integration verst\u00e4rkt die Expertise der Gruppe und erm\u00f6glicht es, massgeschneiderte L\u00f6sungen f\u00fcr grosse Unternehmen, KMU, NGOs und \u00f6ffentliche Organisationen anzubieten.<\/p>\n\n\n\n<p><strong>Raphael Schmid<\/strong>, CEO der Interiman Group, f\u00fcgt hinzu: \u00abDie Akquisition von Acceleris Consulting verk\u00f6rpert perfekt unsere Wachstumsstrategie: unsere Kompetenzen erweitern,<br>unsere lokale Pr\u00e4senz st\u00e4rken und innovative HR-L\u00f6sungen anbieten. Diese Initiativen erm\u00f6glichen es uns, die Marktentwicklung zu \u00fcbertreffen und eine positive Dynamik aufrechtzuerhalten.\u00bb<\/p>\n\n\n\n<p><strong>Rebranding: Vereinfachung und Klarheit unter der Marke Albedis<\/strong><\/p>\n\n\n\n<p>Die Interiman Group hat ihr Rebranding-Projekt am 1. Januar erfolgreich abgeschlossen, indem sie die Marken Interiman, Arobase und Albedis zusammenf\u00fchrte. Seitdem agiert eine neue Einheit unter der Marke Albedis, die sich auf die Bereiche Terti\u00e4rsektor, Fachkr\u00e4fte und Executive Search spezialisiert. Diese strategische Umstrukturierung soll das Angebot der Gruppe vereinfachen und ihre Sichtbarkeit auf nationaler Ebene weiter st\u00e4rken.<\/p>\n\n\n\n<p><strong>Digitale Transformation: Ernennung von Yves Schneuwly<\/strong><\/p>\n\n\n\n<p>Im Rahmen ihrer digitalen Transformation hat die Interiman Group Yves Schneuwly zum Chief Digital &amp; Marketing Officer (CDMO) und Mitglied der Gesch\u00e4ftsleitung ernannt, mit Wirkung zum 1. April 2025. Schneuwly bringt umfangreiche Erfahrung in den Bereichen HR-Dienstleistungen, HR-Technologien und Beratung mit. Zuvor trug er erfolgreich zur digitalen Transformation von Unternehmen bei und leitete das Wachstum von Coople in der Schweiz und Grossbritannien als Group Chief Commercial Officer.<\/p>\n\n\n\n<p>In dieser Rolle wird er f\u00fcr die digitale Strategie und das Marketing verantwortlich sein, mit dem Ziel, das Wachstum durch gezielte digitale Initiativen zu beschleunigen, den Mehrwert f\u00fcr Kunden und Kandidaten zu steigern und ihre Erfahrungen nachhaltig zu optimieren.<\/p>\n\n\n\n<p><strong>Raphael Schmid<\/strong> betont: \u00abDie Ernennung von Yves Schneuwly markiert einen entscheidenden Wendepunkt f\u00fcr unsere Gruppe. Er wird eine Schl\u00fcsselrolle bei der Modernisierung unserer Dienstleistungen und der Optimierung unseres Angebots spielen, um den wachsenden Erwartungen unserer Kunden gerecht zu werden.\u00bb<\/p>\n","protected":false},"excerpt":{"rendered":"<p>\u2022 Resilienz: Umsatz von 573 Millionen CHF im Jahr 2024 (-3,4 %), was eine deutliche \u00dcberperformance im Vergleich zum R\u00fcckgang des tempor\u00e4ren Marktes (-10,6 %) und des Festvermittlung-Marktes (-20,8 %) widerspiegelt. \u2022 Wachstumsstrategie: Die \u00dcbernahme von Acceleris Consulting st\u00e4rkt die Marktpositionierung des Unternehmens und erweitert das HR-Angebot. \u2022 Neue Markenidentit\u00e4t: Das Rebranding mit der Marke [&#8230;]<\/p>\n<p><a class=\"btn btn-secondary understrap-read-more-link\" href=\"https:\/\/www.interiman-group.ch\/de\/interiman-group-ueberdurchschnittliche-marktentwicklung-akquisition-und-schluesselernennung\/\">Weiterlesen&#8230;<span class=\"screen-reader-text\"> from Interiman Group: \u00dcberdurchschnittliche Marktentwicklung, Akquisition und Schl\u00fcsselernennung<\/span><\/a><\/p>\n","protected":false},"author":15,"featured_media":1287439,"comment_status":"closed","ping_status":"","sticky":false,"template":"","format":"standard","meta":{"_monsterinsights_skip_tracking":false,"_monsterinsights_sitenote_active":false,"_monsterinsights_sitenote_note":"","_monsterinsights_sitenote_category":0,"footnotes":""},"categories":[122],"tags":[152],"class_list":["post-1287455","post","type-post","status-publish","format-standard","has-post-thumbnail","hentry","category-communiques-de","tag-igs-de"],"yoast_head":"<!-- This site is optimized with the Yoast SEO plugin v26.9 - https:\/\/yoast.com\/product\/yoast-seo-wordpress\/ -->\n<title>Interiman Group: \u00dcberdurchschnittliche Marktentwicklung, Akquisition und Schl\u00fcsselernennung - Interiman Group<\/title>\n<meta name=\"robots\" content=\"index, follow, max-snippet:-1, max-image-preview:large, max-video-preview:-1\" \/>\n<link rel=\"canonical\" href=\"https:\/\/www.interiman-group.ch\/de\/interiman-group-ueberdurchschnittliche-marktentwicklung-akquisition-und-schluesselernennung\/\" \/>\n<meta property=\"og:locale\" content=\"de_DE\" \/>\n<meta property=\"og:type\" content=\"article\" \/>\n<meta property=\"og:title\" content=\"Interiman Group: \u00dcberdurchschnittliche Marktentwicklung, Akquisition und Schl\u00fcsselernennung - Interiman Group\" \/>\n<meta property=\"og:description\" content=\"\u2022 Resilienz: Umsatz von 573 Millionen CHF im Jahr 2024 (-3,4 %), was eine deutliche \u00dcberperformance im Vergleich zum R\u00fcckgang des tempor\u00e4ren Marktes (-10,6 %) und des Festvermittlung-Marktes (-20,8 %) widerspiegelt. \u2022 Wachstumsstrategie: Die \u00dcbernahme von Acceleris Consulting st\u00e4rkt die Marktpositionierung des Unternehmens und erweitert das HR-Angebot. \u2022 Neue Markenidentit\u00e4t: Das Rebranding mit der Marke [...]Weiterlesen... from Interiman Group: \u00dcberdurchschnittliche Marktentwicklung, Akquisition und Schl\u00fcsselernennung\" \/>\n<meta property=\"og:url\" content=\"https:\/\/www.interiman-group.ch\/de\/interiman-group-ueberdurchschnittliche-marktentwicklung-akquisition-und-schluesselernennung\/\" \/>\n<meta property=\"og:site_name\" content=\"Interiman Group\" \/>\n<meta property=\"article:publisher\" content=\"https:\/\/www.facebook.com\/Medicalis-1737325559702106\/\" \/>\n<meta property=\"article:published_time\" content=\"2025-04-01T10:27:02+00:00\" \/>\n<meta property=\"og:image\" content=\"https:\/\/www.interiman-group.ch\/wp-content\/uploads\/2025\/04\/Image-Site-Web.jpg\" \/>\n\t<meta property=\"og:image:width\" content=\"630\" \/>\n\t<meta property=\"og:image:height\" content=\"419\" \/>\n\t<meta property=\"og:image:type\" content=\"image\/jpeg\" \/>\n<meta name=\"author\" content=\"Marketing\" \/>\n<meta name=\"twitter:card\" content=\"summary_large_image\" \/>\n<meta name=\"twitter:label1\" content=\"Verfasst von\" \/>\n\t<meta name=\"twitter:data1\" content=\"Marketing\" \/>\n\t<meta name=\"twitter:label2\" content=\"Gesch\u00e4tzte Lesezeit\" \/>\n\t<meta name=\"twitter:data2\" content=\"3\u00a0Minuten\" \/>\n<script type=\"application\/ld+json\" class=\"yoast-schema-graph\">{\"@context\":\"https:\/\/schema.org\",\"@graph\":[{\"@type\":\"Article\",\"@id\":\"https:\/\/www.interiman-group.ch\/de\/interiman-group-ueberdurchschnittliche-marktentwicklung-akquisition-und-schluesselernennung\/#article\",\"isPartOf\":{\"@id\":\"https:\/\/www.interiman-group.ch\/de\/interiman-group-ueberdurchschnittliche-marktentwicklung-akquisition-und-schluesselernennung\/\"},\"author\":{\"name\":\"Marketing\",\"@id\":\"https:\/\/www.interiman-group.ch\/de\/#\/schema\/person\/c95334f32105153884e49c46e4721983\"},\"headline\":\"Interiman Group: \u00dcberdurchschnittliche Marktentwicklung, Akquisition und Schl\u00fcsselernennung\",\"datePublished\":\"2025-04-01T10:27:02+00:00\",\"mainEntityOfPage\":{\"@id\":\"https:\/\/www.interiman-group.ch\/de\/interiman-group-ueberdurchschnittliche-marktentwicklung-akquisition-und-schluesselernennung\/\"},\"wordCount\":569,\"publisher\":{\"@id\":\"https:\/\/www.interiman-group.ch\/de\/#organization\"},\"image\":{\"@id\":\"https:\/\/www.interiman-group.ch\/de\/interiman-group-ueberdurchschnittliche-marktentwicklung-akquisition-und-schluesselernennung\/#primaryimage\"},\"thumbnailUrl\":\"https:\/\/www.interiman-group.ch\/wp-content\/uploads\/2025\/04\/Image-Site-Web.jpg\",\"keywords\":[\"Interiman Group\"],\"articleSection\":[\"Pressemitteilungen\"],\"inLanguage\":\"de\"},{\"@type\":\"WebPage\",\"@id\":\"https:\/\/www.interiman-group.ch\/de\/interiman-group-ueberdurchschnittliche-marktentwicklung-akquisition-und-schluesselernennung\/\",\"url\":\"https:\/\/www.interiman-group.ch\/de\/interiman-group-ueberdurchschnittliche-marktentwicklung-akquisition-und-schluesselernennung\/\",\"name\":\"Interiman Group: \u00dcberdurchschnittliche Marktentwicklung, Akquisition und Schl\u00fcsselernennung - Interiman Group\",\"isPartOf\":{\"@id\":\"https:\/\/www.interiman-group.ch\/de\/#website\"},\"primaryImageOfPage\":{\"@id\":\"https:\/\/www.interiman-group.ch\/de\/interiman-group-ueberdurchschnittliche-marktentwicklung-akquisition-und-schluesselernennung\/#primaryimage\"},\"image\":{\"@id\":\"https:\/\/www.interiman-group.ch\/de\/interiman-group-ueberdurchschnittliche-marktentwicklung-akquisition-und-schluesselernennung\/#primaryimage\"},\"thumbnailUrl\":\"https:\/\/www.interiman-group.ch\/wp-content\/uploads\/2025\/04\/Image-Site-Web.jpg\",\"datePublished\":\"2025-04-01T10:27:02+00:00\",\"breadcrumb\":{\"@id\":\"https:\/\/www.interiman-group.ch\/de\/interiman-group-ueberdurchschnittliche-marktentwicklung-akquisition-und-schluesselernennung\/#breadcrumb\"},\"inLanguage\":\"de\",\"potentialAction\":[{\"@type\":\"ReadAction\",\"target\":[\"https:\/\/www.interiman-group.ch\/de\/interiman-group-ueberdurchschnittliche-marktentwicklung-akquisition-und-schluesselernennung\/\"]}]},{\"@type\":\"ImageObject\",\"inLanguage\":\"de\",\"@id\":\"https:\/\/www.interiman-group.ch\/de\/interiman-group-ueberdurchschnittliche-marktentwicklung-akquisition-und-schluesselernennung\/#primaryimage\",\"url\":\"https:\/\/www.interiman-group.ch\/wp-content\/uploads\/2025\/04\/Image-Site-Web.jpg\",\"contentUrl\":\"https:\/\/www.interiman-group.ch\/wp-content\/uploads\/2025\/04\/Image-Site-Web.jpg\",\"width\":630,\"height\":419,\"caption\":\"Glass, happy or business people meeting with group for feedback and discussion or teamwork. Corporate review, staff or manager talking to professional employees for news, advice and planning together.\"},{\"@type\":\"BreadcrumbList\",\"@id\":\"https:\/\/www.interiman-group.ch\/de\/interiman-group-ueberdurchschnittliche-marktentwicklung-akquisition-und-schluesselernennung\/#breadcrumb\",\"itemListElement\":[{\"@type\":\"ListItem\",\"position\":1,\"name\":\"Accueil\",\"item\":\"https:\/\/www.interiman-group.ch\/de\/\"},{\"@type\":\"ListItem\",\"position\":2,\"name\":\"Interiman Group: \u00dcberdurchschnittliche Marktentwicklung, Akquisition und Schl\u00fcsselernennung\"}]},{\"@type\":\"WebSite\",\"@id\":\"https:\/\/www.interiman-group.ch\/de\/#website\",\"url\":\"https:\/\/www.interiman-group.ch\/de\/\",\"name\":\"Interiman Group\",\"description\":\"\",\"publisher\":{\"@id\":\"https:\/\/www.interiman-group.ch\/de\/#organization\"},\"potentialAction\":[{\"@type\":\"SearchAction\",\"target\":{\"@type\":\"EntryPoint\",\"urlTemplate\":\"https:\/\/www.interiman-group.ch\/de\/?s={search_term_string}\"},\"query-input\":{\"@type\":\"PropertyValueSpecification\",\"valueRequired\":true,\"valueName\":\"search_term_string\"}}],\"inLanguage\":\"de\"},{\"@type\":\"Organization\",\"@id\":\"https:\/\/www.interiman-group.ch\/de\/#organization\",\"name\":\"Interiman Group\",\"url\":\"https:\/\/www.interiman-group.ch\/de\/\",\"logo\":{\"@type\":\"ImageObject\",\"inLanguage\":\"de\",\"@id\":\"https:\/\/www.interiman-group.ch\/de\/#\/schema\/logo\/image\/\",\"url\":\"https:\/\/www.interiman-group.ch\/wp-content\/uploads\/2022\/10\/igs-nav.png\",\"contentUrl\":\"https:\/\/www.interiman-group.ch\/wp-content\/uploads\/2022\/10\/igs-nav.png\",\"width\":157,\"height\":62,\"caption\":\"Interiman Group\"},\"image\":{\"@id\":\"https:\/\/www.interiman-group.ch\/de\/#\/schema\/logo\/image\/\"},\"sameAs\":[\"https:\/\/www.facebook.com\/Medicalis-1737325559702106\/\",\"https:\/\/www.linkedin.com\/company\/19057976\/\"]},{\"@type\":\"Person\",\"@id\":\"https:\/\/www.interiman-group.ch\/de\/#\/schema\/person\/c95334f32105153884e49c46e4721983\",\"name\":\"Marketing\",\"image\":{\"@type\":\"ImageObject\",\"inLanguage\":\"de\",\"@id\":\"https:\/\/www.interiman-group.ch\/de\/#\/schema\/person\/image\/\",\"url\":\"https:\/\/secure.gravatar.com\/avatar\/f195d15fff822d4a270e0b5fb1a9e8c2747b615b4a99b3fcec5f6fcaf8b72d03?s=96&d=mm&r=g\",\"contentUrl\":\"https:\/\/secure.gravatar.com\/avatar\/f195d15fff822d4a270e0b5fb1a9e8c2747b615b4a99b3fcec5f6fcaf8b72d03?s=96&d=mm&r=g\",\"caption\":\"Marketing\"},\"url\":\"https:\/\/www.interiman-group.ch\/de\/author\/teammarketing\/\"}]}<\/script>\n<!-- \/ Yoast SEO plugin. -->","yoast_head_json":{"title":"Interiman Group: \u00dcberdurchschnittliche Marktentwicklung, Akquisition und Schl\u00fcsselernennung - Interiman Group","robots":{"index":"index","follow":"follow","max-snippet":"max-snippet:-1","max-image-preview":"max-image-preview:large","max-video-preview":"max-video-preview:-1"},"canonical":"https:\/\/www.interiman-group.ch\/de\/interiman-group-ueberdurchschnittliche-marktentwicklung-akquisition-und-schluesselernennung\/","og_locale":"de_DE","og_type":"article","og_title":"Interiman Group: \u00dcberdurchschnittliche Marktentwicklung, Akquisition und Schl\u00fcsselernennung - Interiman Group","og_description":"\u2022 Resilienz: Umsatz von 573 Millionen CHF im Jahr 2024 (-3,4 %), was eine deutliche \u00dcberperformance im Vergleich zum R\u00fcckgang des tempor\u00e4ren Marktes (-10,6 %) und des Festvermittlung-Marktes (-20,8 %) widerspiegelt. \u2022 Wachstumsstrategie: Die \u00dcbernahme von Acceleris Consulting st\u00e4rkt die Marktpositionierung des Unternehmens und erweitert das HR-Angebot. \u2022 Neue Markenidentit\u00e4t: Das Rebranding mit der Marke [...]Weiterlesen... from Interiman Group: \u00dcberdurchschnittliche Marktentwicklung, Akquisition und Schl\u00fcsselernennung","og_url":"https:\/\/www.interiman-group.ch\/de\/interiman-group-ueberdurchschnittliche-marktentwicklung-akquisition-und-schluesselernennung\/","og_site_name":"Interiman Group","article_publisher":"https:\/\/www.facebook.com\/Medicalis-1737325559702106\/","article_published_time":"2025-04-01T10:27:02+00:00","og_image":[{"width":630,"height":419,"url":"https:\/\/www.interiman-group.ch\/wp-content\/uploads\/2025\/04\/Image-Site-Web.jpg","type":"image\/jpeg"}],"author":"Marketing","twitter_card":"summary_large_image","twitter_misc":{"Verfasst von":"Marketing","Gesch\u00e4tzte Lesezeit":"3\u00a0Minuten"},"schema":{"@context":"https:\/\/schema.org","@graph":[{"@type":"Article","@id":"https:\/\/www.interiman-group.ch\/de\/interiman-group-ueberdurchschnittliche-marktentwicklung-akquisition-und-schluesselernennung\/#article","isPartOf":{"@id":"https:\/\/www.interiman-group.ch\/de\/interiman-group-ueberdurchschnittliche-marktentwicklung-akquisition-und-schluesselernennung\/"},"author":{"name":"Marketing","@id":"https:\/\/www.interiman-group.ch\/de\/#\/schema\/person\/c95334f32105153884e49c46e4721983"},"headline":"Interiman Group: \u00dcberdurchschnittliche Marktentwicklung, Akquisition und Schl\u00fcsselernennung","datePublished":"2025-04-01T10:27:02+00:00","mainEntityOfPage":{"@id":"https:\/\/www.interiman-group.ch\/de\/interiman-group-ueberdurchschnittliche-marktentwicklung-akquisition-und-schluesselernennung\/"},"wordCount":569,"publisher":{"@id":"https:\/\/www.interiman-group.ch\/de\/#organization"},"image":{"@id":"https:\/\/www.interiman-group.ch\/de\/interiman-group-ueberdurchschnittliche-marktentwicklung-akquisition-und-schluesselernennung\/#primaryimage"},"thumbnailUrl":"https:\/\/www.interiman-group.ch\/wp-content\/uploads\/2025\/04\/Image-Site-Web.jpg","keywords":["Interiman Group"],"articleSection":["Pressemitteilungen"],"inLanguage":"de"},{"@type":"WebPage","@id":"https:\/\/www.interiman-group.ch\/de\/interiman-group-ueberdurchschnittliche-marktentwicklung-akquisition-und-schluesselernennung\/","url":"https:\/\/www.interiman-group.ch\/de\/interiman-group-ueberdurchschnittliche-marktentwicklung-akquisition-und-schluesselernennung\/","name":"Interiman Group: \u00dcberdurchschnittliche Marktentwicklung, Akquisition und Schl\u00fcsselernennung - Interiman Group","isPartOf":{"@id":"https:\/\/www.interiman-group.ch\/de\/#website"},"primaryImageOfPage":{"@id":"https:\/\/www.interiman-group.ch\/de\/interiman-group-ueberdurchschnittliche-marktentwicklung-akquisition-und-schluesselernennung\/#primaryimage"},"image":{"@id":"https:\/\/www.interiman-group.ch\/de\/interiman-group-ueberdurchschnittliche-marktentwicklung-akquisition-und-schluesselernennung\/#primaryimage"},"thumbnailUrl":"https:\/\/www.interiman-group.ch\/wp-content\/uploads\/2025\/04\/Image-Site-Web.jpg","datePublished":"2025-04-01T10:27:02+00:00","breadcrumb":{"@id":"https:\/\/www.interiman-group.ch\/de\/interiman-group-ueberdurchschnittliche-marktentwicklung-akquisition-und-schluesselernennung\/#breadcrumb"},"inLanguage":"de","potentialAction":[{"@type":"ReadAction","target":["https:\/\/www.interiman-group.ch\/de\/interiman-group-ueberdurchschnittliche-marktentwicklung-akquisition-und-schluesselernennung\/"]}]},{"@type":"ImageObject","inLanguage":"de","@id":"https:\/\/www.interiman-group.ch\/de\/interiman-group-ueberdurchschnittliche-marktentwicklung-akquisition-und-schluesselernennung\/#primaryimage","url":"https:\/\/www.interiman-group.ch\/wp-content\/uploads\/2025\/04\/Image-Site-Web.jpg","contentUrl":"https:\/\/www.interiman-group.ch\/wp-content\/uploads\/2025\/04\/Image-Site-Web.jpg","width":630,"height":419,"caption":"Glass, happy or business people meeting with group for feedback and discussion or teamwork. Corporate review, staff or manager talking to professional employees for news, advice and planning together."},{"@type":"BreadcrumbList","@id":"https:\/\/www.interiman-group.ch\/de\/interiman-group-ueberdurchschnittliche-marktentwicklung-akquisition-und-schluesselernennung\/#breadcrumb","itemListElement":[{"@type":"ListItem","position":1,"name":"Accueil","item":"https:\/\/www.interiman-group.ch\/de\/"},{"@type":"ListItem","position":2,"name":"Interiman Group: \u00dcberdurchschnittliche Marktentwicklung, Akquisition und Schl\u00fcsselernennung"}]},{"@type":"WebSite","@id":"https:\/\/www.interiman-group.ch\/de\/#website","url":"https:\/\/www.interiman-group.ch\/de\/","name":"Interiman Group","description":"","publisher":{"@id":"https:\/\/www.interiman-group.ch\/de\/#organization"},"potentialAction":[{"@type":"SearchAction","target":{"@type":"EntryPoint","urlTemplate":"https:\/\/www.interiman-group.ch\/de\/?s={search_term_string}"},"query-input":{"@type":"PropertyValueSpecification","valueRequired":true,"valueName":"search_term_string"}}],"inLanguage":"de"},{"@type":"Organization","@id":"https:\/\/www.interiman-group.ch\/de\/#organization","name":"Interiman Group","url":"https:\/\/www.interiman-group.ch\/de\/","logo":{"@type":"ImageObject","inLanguage":"de","@id":"https:\/\/www.interiman-group.ch\/de\/#\/schema\/logo\/image\/","url":"https:\/\/www.interiman-group.ch\/wp-content\/uploads\/2022\/10\/igs-nav.png","contentUrl":"https:\/\/www.interiman-group.ch\/wp-content\/uploads\/2022\/10\/igs-nav.png","width":157,"height":62,"caption":"Interiman Group"},"image":{"@id":"https:\/\/www.interiman-group.ch\/de\/#\/schema\/logo\/image\/"},"sameAs":["https:\/\/www.facebook.com\/Medicalis-1737325559702106\/","https:\/\/www.linkedin.com\/company\/19057976\/"]},{"@type":"Person","@id":"https:\/\/www.interiman-group.ch\/de\/#\/schema\/person\/c95334f32105153884e49c46e4721983","name":"Marketing","image":{"@type":"ImageObject","inLanguage":"de","@id":"https:\/\/www.interiman-group.ch\/de\/#\/schema\/person\/image\/","url":"https:\/\/secure.gravatar.com\/avatar\/f195d15fff822d4a270e0b5fb1a9e8c2747b615b4a99b3fcec5f6fcaf8b72d03?s=96&d=mm&r=g","contentUrl":"https:\/\/secure.gravatar.com\/avatar\/f195d15fff822d4a270e0b5fb1a9e8c2747b615b4a99b3fcec5f6fcaf8b72d03?s=96&d=mm&r=g","caption":"Marketing"},"url":"https:\/\/www.interiman-group.ch\/de\/author\/teammarketing\/"}]}},"_links":{"self":[{"href":"https:\/\/www.interiman-group.ch\/de\/wp-json\/wp\/v2\/posts\/1287455","targetHints":{"allow":["GET"]}}],"collection":[{"href":"https:\/\/www.interiman-group.ch\/de\/wp-json\/wp\/v2\/posts"}],"about":[{"href":"https:\/\/www.interiman-group.ch\/de\/wp-json\/wp\/v2\/types\/post"}],"author":[{"embeddable":true,"href":"https:\/\/www.interiman-group.ch\/de\/wp-json\/wp\/v2\/users\/15"}],"replies":[{"embeddable":true,"href":"https:\/\/www.interiman-group.ch\/de\/wp-json\/wp\/v2\/comments?post=1287455"}],"version-history":[{"count":5,"href":"https:\/\/www.interiman-group.ch\/de\/wp-json\/wp\/v2\/posts\/1287455\/revisions"}],"predecessor-version":[{"id":1287468,"href":"https:\/\/www.interiman-group.ch\/de\/wp-json\/wp\/v2\/posts\/1287455\/revisions\/1287468"}],"wp:featuredmedia":[{"embeddable":true,"href":"https:\/\/www.interiman-group.ch\/de\/wp-json\/wp\/v2\/media\/1287439"}],"wp:attachment":[{"href":"https:\/\/www.interiman-group.ch\/de\/wp-json\/wp\/v2\/media?parent=1287455"}],"wp:term":[{"taxonomy":"category","embeddable":true,"href":"https:\/\/www.interiman-group.ch\/de\/wp-json\/wp\/v2\/categories?post=1287455"},{"taxonomy":"post_tag","embeddable":true,"href":"https:\/\/www.interiman-group.ch\/de\/wp-json\/wp\/v2\/tags?post=1287455"}],"curies":[{"name":"wp","href":"https:\/\/api.w.org\/{rel}","templated":true}]}}