{"id":1287888,"date":"2026-04-28T11:42:31","date_gmt":"2026-04-28T09:42:31","guid":{"rendered":"https:\/\/www.interiman-group.ch\/?p=1287888"},"modified":"2026-04-28T13:22:53","modified_gmt":"2026-04-28T11:22:53","slug":"zuerich-marathon-2026-ein-tag-voller-energie-teamgeist-und-emotionen","status":"publish","type":"post","link":"https:\/\/www.interiman-group.ch\/de\/zuerich-marathon-2026-ein-tag-voller-energie-teamgeist-und-emotionen\/","title":{"rendered":"Z\u00fcrich Marathon 2026 \u2013 Ein Tag voller Energie, Teamgeist und Emotionen"},"content":{"rendered":"\n<p>Trotz k\u00fchlem und regnerischem Wetter zeigte sich Z\u00fcrich am Marathonwochenende vom 12. April 2026 von seiner sportlichsten Seite. Entlang der Strecke, im Finish Village und in den Cheering Zones war war eine positive und mitreissende Stimmung zu sp\u00fcren. Tausende L\u00e4uferinnen und L\u00e4ufer sowie zahlreiche Zuschauerinnen und Zuschauer machten den Zurich Marathon einmal mehr zu einem besonderen Erlebnis f\u00fcr die ganze Stadt.<\/p>\n\n\n\n<p>Auch die Interiman Group war dieses Jahr wieder mit einer starken Pr\u00e4senz vor Ort vertreten. Im Finish Village lud unser Stand dazu ein, stehen zu bleiben, ins Gespr\u00e4ch zu kommen und an unserem Giveaway teilzunehmen. Parallel dazu sorgte unsere Cheering Zone am General-Guisan-Quai entlang der Laufstrecke f\u00fcr zus\u00e4tzliche Motivation. Mit viel Energie, einem interaktiven Angebot und Cheering Goodies wurde kr\u00e4ftig angefeuert und mitgefiebert. Auf diese Weise entstanden zahlreiche spontane und lebendige Begegnungen.<\/p>\n\n\n\n<figure class=\"wp-block-gallery has-nested-images columns-default is-cropped wp-block-gallery-1 is-layout-flex wp-block-gallery-is-layout-flex\">\n<figure class=\"wp-block-image size-large\"><img loading=\"lazy\" decoding=\"async\" width=\"1024\" height=\"536\" data-id=\"1287873\" src=\"https:\/\/www.interiman-group.ch\/wp-content\/uploads\/2026\/04\/5-4-1024x536.png\" alt=\"\" class=\"wp-image-1287873\" srcset=\"https:\/\/www.interiman-group.ch\/wp-content\/uploads\/2026\/04\/5-4-1024x536.png 1024w, https:\/\/www.interiman-group.ch\/wp-content\/uploads\/2026\/04\/5-4-300x157.png 300w, https:\/\/www.interiman-group.ch\/wp-content\/uploads\/2026\/04\/5-4-768x402.png 768w, https:\/\/www.interiman-group.ch\/wp-content\/uploads\/2026\/04\/5-4.png 1200w\" sizes=\"auto, (max-width: 1024px) 100vw, 1024px\" \/><\/figure>\n\n\n\n<figure class=\"wp-block-image size-large\"><img loading=\"lazy\" decoding=\"async\" width=\"1024\" height=\"536\" data-id=\"1287869\" src=\"https:\/\/www.interiman-group.ch\/wp-content\/uploads\/2026\/04\/3-2-1024x536.png\" alt=\"\" class=\"wp-image-1287869\" srcset=\"https:\/\/www.interiman-group.ch\/wp-content\/uploads\/2026\/04\/3-2-1024x536.png 1024w, https:\/\/www.interiman-group.ch\/wp-content\/uploads\/2026\/04\/3-2-300x157.png 300w, https:\/\/www.interiman-group.ch\/wp-content\/uploads\/2026\/04\/3-2-768x402.png 768w, https:\/\/www.interiman-group.ch\/wp-content\/uploads\/2026\/04\/3-2.png 1200w\" sizes=\"auto, (max-width: 1024px) 100vw, 1024px\" \/><\/figure>\n\n\n\n<figure class=\"wp-block-image size-large\"><img loading=\"lazy\" decoding=\"async\" width=\"1024\" height=\"536\" data-id=\"1287861\" src=\"https:\/\/www.interiman-group.ch\/wp-content\/uploads\/2026\/04\/2-2-1024x536.png\" alt=\"\" class=\"wp-image-1287861\" srcset=\"https:\/\/www.interiman-group.ch\/wp-content\/uploads\/2026\/04\/2-2-1024x536.png 1024w, https:\/\/www.interiman-group.ch\/wp-content\/uploads\/2026\/04\/2-2-300x157.png 300w, https:\/\/www.interiman-group.ch\/wp-content\/uploads\/2026\/04\/2-2-768x402.png 768w, https:\/\/www.interiman-group.ch\/wp-content\/uploads\/2026\/04\/2-2.png 1200w\" sizes=\"auto, (max-width: 1024px) 100vw, 1024px\" \/><\/figure>\n<\/figure>\n\n\n\n<p>Unsere Mitarbeitenden aus den verschiedenen Brands der Interiman Group, darunter Flexsis, albedis, Medicalis und Hotelis, vertraten die Gruppe mit viel Engagement und Herzblut. Sie waren an unseren Standorten pr\u00e4sent, beantworteten Fragen, verteilten Goodies und trugen massgeblich zur offenen und sympathischen Atmosph\u00e4re bei. Gleichzeitig waren auch Kolleginnen und Kollegen der Interiman Group selbst sportlich im Einsatz. Ob Marathon, Halbmarathon oder 10 Kilometer Lauf, unsere L\u00e4uferinnen und L\u00e4ufer gingen gemeinsam an den Start und erreichten ihre Ziele erfolgreich, teilweise sogar mit pers\u00f6nlichen Bestzeiten. Dieses gemeinsame Erlebnis und der gelebte Teamspirit waren auf und neben der Strecke deutlich sp\u00fcrbar.<\/p>\n\n\n\n<figure class=\"wp-block-embed is-type-video is-provider-youtube wp-block-embed-youtube wp-embed-aspect-16-9 wp-has-aspect-ratio\"><div class=\"wp-block-embed__wrapper\">\n<iframe loading=\"lazy\" title=\"Z\u00fcrich Marathon 2026\" width=\"640\" height=\"360\" src=\"https:\/\/www.youtube.com\/embed\/mWTCCnFNVPw?feature=oembed\" frameborder=\"0\" allow=\"accelerometer; autoplay; clipboard-write; encrypted-media; gyroscope; picture-in-picture; web-share\" referrerpolicy=\"strict-origin-when-cross-origin\" allowfullscreen><\/iframe>\n<\/div><\/figure>\n\n\n\n<p>Der Z\u00fcrich Marathon steht f\u00fcr Ausdauer, Engagement, Gemeinschaft und Zielstrebigkeit. Werte, die auch unsere t\u00e4gliche Arbeit pr\u00e4gen. Umso wichtiger ist es f\u00fcr uns, Teil dieses Events zu sein und gemeinsam mit den Teilnehmenden und unseren Partnern zum Erfolg dieses Grossanlasses beizutragen.<\/p>\n\n\n\n<p>Ein herzliches Dankesch\u00f6n geht an das Organisationsteam des Z\u00fcrich Marathons f\u00fcr die Zusammenarbeit sowie an alle Interiman Kolleginnen und Kollegen, die mit ihrem Einsatz, ihrer Unterst\u00fctzung und ihrem Teamgeist dazu beigetragen haben, diesen Tag zu einem Erfolg zu machen. Wir blicken bereits jetzt mit grosser Vorfreude auf die n\u00e4chste Ausgabe.<\/p>\n\n\n\n<figure class=\"wp-block-gallery has-nested-images columns-default is-cropped wp-block-gallery-2 is-layout-flex wp-block-gallery-is-layout-flex\">\n<figure class=\"wp-block-image size-large\"><img loading=\"lazy\" decoding=\"async\" width=\"1024\" height=\"536\" data-id=\"1287881\" src=\"https:\/\/www.interiman-group.ch\/wp-content\/uploads\/2026\/04\/9-2-1024x536.png\" alt=\"\" class=\"wp-image-1287881\" srcset=\"https:\/\/www.interiman-group.ch\/wp-content\/uploads\/2026\/04\/9-2-1024x536.png 1024w, https:\/\/www.interiman-group.ch\/wp-content\/uploads\/2026\/04\/9-2-300x157.png 300w, https:\/\/www.interiman-group.ch\/wp-content\/uploads\/2026\/04\/9-2-768x402.png 768w, https:\/\/www.interiman-group.ch\/wp-content\/uploads\/2026\/04\/9-2.png 1200w\" sizes=\"auto, (max-width: 1024px) 100vw, 1024px\" \/><\/figure>\n\n\n\n<figure class=\"wp-block-image size-large\"><img loading=\"lazy\" decoding=\"async\" width=\"1024\" height=\"536\" data-id=\"1287845\" src=\"https:\/\/www.interiman-group.ch\/wp-content\/uploads\/2026\/04\/7-1-1024x536.png\" alt=\"\" class=\"wp-image-1287845\" srcset=\"https:\/\/www.interiman-group.ch\/wp-content\/uploads\/2026\/04\/7-1-1024x536.png 1024w, https:\/\/www.interiman-group.ch\/wp-content\/uploads\/2026\/04\/7-1-300x157.png 300w, https:\/\/www.interiman-group.ch\/wp-content\/uploads\/2026\/04\/7-1-768x402.png 768w, https:\/\/www.interiman-group.ch\/wp-content\/uploads\/2026\/04\/7-1.png 1200w\" sizes=\"auto, (max-width: 1024px) 100vw, 1024px\" \/><\/figure>\n\n\n\n<figure class=\"wp-block-image size-large\"><img loading=\"lazy\" decoding=\"async\" width=\"1024\" height=\"536\" data-id=\"1287849\" src=\"https:\/\/www.interiman-group.ch\/wp-content\/uploads\/2026\/04\/4-1-1024x536.png\" alt=\"\" class=\"wp-image-1287849\" srcset=\"https:\/\/www.interiman-group.ch\/wp-content\/uploads\/2026\/04\/4-1-1024x536.png 1024w, https:\/\/www.interiman-group.ch\/wp-content\/uploads\/2026\/04\/4-1-300x157.png 300w, https:\/\/www.interiman-group.ch\/wp-content\/uploads\/2026\/04\/4-1-768x402.png 768w, https:\/\/www.interiman-group.ch\/wp-content\/uploads\/2026\/04\/4-1.png 1200w\" sizes=\"auto, (max-width: 1024px) 100vw, 1024px\" \/><\/figure>\n\n\n\n<figure class=\"wp-block-image size-large\"><img loading=\"lazy\" decoding=\"async\" width=\"1024\" height=\"536\" data-id=\"1287841\" src=\"https:\/\/www.interiman-group.ch\/wp-content\/uploads\/2026\/04\/6-1-1024x536.png\" alt=\"\" class=\"wp-image-1287841\" srcset=\"https:\/\/www.interiman-group.ch\/wp-content\/uploads\/2026\/04\/6-1-1024x536.png 1024w, https:\/\/www.interiman-group.ch\/wp-content\/uploads\/2026\/04\/6-1-300x157.png 300w, https:\/\/www.interiman-group.ch\/wp-content\/uploads\/2026\/04\/6-1-768x402.png 768w, https:\/\/www.interiman-group.ch\/wp-content\/uploads\/2026\/04\/6-1.png 1200w\" sizes=\"auto, (max-width: 1024px) 100vw, 1024px\" \/><\/figure>\n\n\n\n<figure class=\"wp-block-image size-large\"><img loading=\"lazy\" decoding=\"async\" width=\"1024\" height=\"536\" data-id=\"1287837\" src=\"https:\/\/www.interiman-group.ch\/wp-content\/uploads\/2026\/04\/8-1-1024x536.png\" alt=\"\" class=\"wp-image-1287837\" srcset=\"https:\/\/www.interiman-group.ch\/wp-content\/uploads\/2026\/04\/8-1-1024x536.png 1024w, https:\/\/www.interiman-group.ch\/wp-content\/uploads\/2026\/04\/8-1-300x157.png 300w, https:\/\/www.interiman-group.ch\/wp-content\/uploads\/2026\/04\/8-1-768x402.png 768w, https:\/\/www.interiman-group.ch\/wp-content\/uploads\/2026\/04\/8-1.png 1200w\" sizes=\"auto, (max-width: 1024px) 100vw, 1024px\" \/><\/figure>\n<\/figure>\n","protected":false},"excerpt":{"rendered":"<p>Trotz k\u00fchlem und regnerischem Wetter zeigte sich Z\u00fcrich am Marathonwochenende vom 12. April 2026 von seiner sportlichsten Seite. Entlang der Strecke, im Finish Village und in den Cheering Zones war war eine positive und mitreissende Stimmung zu sp\u00fcren. Tausende L\u00e4uferinnen und L\u00e4ufer sowie zahlreiche Zuschauerinnen und Zuschauer machten den Zurich Marathon einmal mehr zu einem [&#8230;]<\/p>\n<p><a class=\"btn btn-secondary understrap-read-more-link\" href=\"https:\/\/www.interiman-group.ch\/de\/zuerich-marathon-2026-ein-tag-voller-energie-teamgeist-und-emotionen\/\">Weiterlesen&#8230;<span class=\"screen-reader-text\"> from Z\u00fcrich Marathon 2026 \u2013 Ein Tag voller Energie, Teamgeist und Emotionen<\/span><\/a><\/p>\n","protected":false},"author":15,"featured_media":1287781,"comment_status":"closed","ping_status":"closed","sticky":false,"template":"","format":"standard","meta":{"_monsterinsights_skip_tracking":false,"_monsterinsights_sitenote_active":false,"_monsterinsights_sitenote_note":"","_monsterinsights_sitenote_category":0,"footnotes":""},"categories":[116],"tags":[],"class_list":["post-1287888","post","type-post","status-publish","format-standard","has-post-thumbnail","hentry","category-news-de"],"yoast_head":"<!-- This site is optimized with the Yoast SEO plugin v26.9 - https:\/\/yoast.com\/product\/yoast-seo-wordpress\/ -->\n<title>Z\u00fcrich Marathon 2026 \u2013 Ein Tag voller Energie, Teamgeist und Emotionen - Interiman Group<\/title>\n<meta name=\"robots\" content=\"index, follow, max-snippet:-1, max-image-preview:large, max-video-preview:-1\" \/>\n<link rel=\"canonical\" href=\"https:\/\/www.interiman-group.ch\/de\/zuerich-marathon-2026-ein-tag-voller-energie-teamgeist-und-emotionen\/\" \/>\n<meta property=\"og:locale\" content=\"de_DE\" \/>\n<meta property=\"og:type\" content=\"article\" \/>\n<meta property=\"og:title\" content=\"Z\u00fcrich Marathon 2026 \u2013 Ein Tag voller Energie, Teamgeist und Emotionen - Interiman Group\" \/>\n<meta property=\"og:description\" content=\"Trotz k\u00fchlem und regnerischem Wetter zeigte sich Z\u00fcrich am Marathonwochenende vom 12. April 2026 von seiner sportlichsten Seite. Entlang der Strecke, im Finish Village und in den Cheering Zones war war eine positive und mitreissende Stimmung zu sp\u00fcren. Tausende L\u00e4uferinnen und L\u00e4ufer sowie zahlreiche Zuschauerinnen und Zuschauer machten den Zurich Marathon einmal mehr zu einem [...]Weiterlesen... from Z\u00fcrich Marathon 2026 \u2013 Ein Tag voller Energie, Teamgeist und Emotionen\" \/>\n<meta property=\"og:url\" content=\"https:\/\/www.interiman-group.ch\/de\/zuerich-marathon-2026-ein-tag-voller-energie-teamgeist-und-emotionen\/\" \/>\n<meta property=\"og:site_name\" content=\"Interiman Group\" \/>\n<meta property=\"article:publisher\" content=\"https:\/\/www.facebook.com\/Medicalis-1737325559702106\/\" \/>\n<meta property=\"article:published_time\" content=\"2026-04-28T09:42:31+00:00\" \/>\n<meta property=\"article:modified_time\" content=\"2026-04-28T11:22:53+00:00\" \/>\n<meta property=\"og:image\" content=\"https:\/\/www.interiman-group.ch\/wp-content\/uploads\/2026\/04\/1.png\" \/>\n\t<meta property=\"og:image:width\" content=\"1200\" \/>\n\t<meta property=\"og:image:height\" content=\"628\" \/>\n\t<meta property=\"og:image:type\" content=\"image\/png\" \/>\n<meta name=\"author\" content=\"Marketing\" \/>\n<meta name=\"twitter:card\" content=\"summary_large_image\" \/>\n<meta name=\"twitter:label1\" content=\"Verfasst von\" \/>\n\t<meta name=\"twitter:data1\" content=\"Marketing\" \/>\n\t<meta name=\"twitter:label2\" content=\"Gesch\u00e4tzte Lesezeit\" \/>\n\t<meta name=\"twitter:data2\" content=\"4\u00a0Minuten\" \/>\n<script type=\"application\/ld+json\" class=\"yoast-schema-graph\">{\"@context\":\"https:\/\/schema.org\",\"@graph\":[{\"@type\":\"Article\",\"@id\":\"https:\/\/www.interiman-group.ch\/de\/zuerich-marathon-2026-ein-tag-voller-energie-teamgeist-und-emotionen\/#article\",\"isPartOf\":{\"@id\":\"https:\/\/www.interiman-group.ch\/de\/zuerich-marathon-2026-ein-tag-voller-energie-teamgeist-und-emotionen\/\"},\"author\":{\"name\":\"Marketing\",\"@id\":\"https:\/\/www.interiman-group.ch\/de\/#\/schema\/person\/c95334f32105153884e49c46e4721983\"},\"headline\":\"Z\u00fcrich Marathon 2026 \u2013 Ein Tag voller Energie, Teamgeist und Emotionen\",\"datePublished\":\"2026-04-28T09:42:31+00:00\",\"dateModified\":\"2026-04-28T11:22:53+00:00\",\"mainEntityOfPage\":{\"@id\":\"https:\/\/www.interiman-group.ch\/de\/zuerich-marathon-2026-ein-tag-voller-energie-teamgeist-und-emotionen\/\"},\"wordCount\":358,\"publisher\":{\"@id\":\"https:\/\/www.interiman-group.ch\/de\/#organization\"},\"image\":{\"@id\":\"https:\/\/www.interiman-group.ch\/de\/zuerich-marathon-2026-ein-tag-voller-energie-teamgeist-und-emotionen\/#primaryimage\"},\"thumbnailUrl\":\"https:\/\/www.interiman-group.ch\/wp-content\/uploads\/2026\/04\/1.png\",\"articleSection\":[\"Aktuelles\"],\"inLanguage\":\"de\"},{\"@type\":\"WebPage\",\"@id\":\"https:\/\/www.interiman-group.ch\/de\/zuerich-marathon-2026-ein-tag-voller-energie-teamgeist-und-emotionen\/\",\"url\":\"https:\/\/www.interiman-group.ch\/de\/zuerich-marathon-2026-ein-tag-voller-energie-teamgeist-und-emotionen\/\",\"name\":\"Z\u00fcrich Marathon 2026 \u2013 Ein Tag voller Energie, Teamgeist und Emotionen - Interiman Group\",\"isPartOf\":{\"@id\":\"https:\/\/www.interiman-group.ch\/de\/#website\"},\"primaryImageOfPage\":{\"@id\":\"https:\/\/www.interiman-group.ch\/de\/zuerich-marathon-2026-ein-tag-voller-energie-teamgeist-und-emotionen\/#primaryimage\"},\"image\":{\"@id\":\"https:\/\/www.interiman-group.ch\/de\/zuerich-marathon-2026-ein-tag-voller-energie-teamgeist-und-emotionen\/#primaryimage\"},\"thumbnailUrl\":\"https:\/\/www.interiman-group.ch\/wp-content\/uploads\/2026\/04\/1.png\",\"datePublished\":\"2026-04-28T09:42:31+00:00\",\"dateModified\":\"2026-04-28T11:22:53+00:00\",\"breadcrumb\":{\"@id\":\"https:\/\/www.interiman-group.ch\/de\/zuerich-marathon-2026-ein-tag-voller-energie-teamgeist-und-emotionen\/#breadcrumb\"},\"inLanguage\":\"de\",\"potentialAction\":[{\"@type\":\"ReadAction\",\"target\":[\"https:\/\/www.interiman-group.ch\/de\/zuerich-marathon-2026-ein-tag-voller-energie-teamgeist-und-emotionen\/\"]}]},{\"@type\":\"ImageObject\",\"inLanguage\":\"de\",\"@id\":\"https:\/\/www.interiman-group.ch\/de\/zuerich-marathon-2026-ein-tag-voller-energie-teamgeist-und-emotionen\/#primaryimage\",\"url\":\"https:\/\/www.interiman-group.ch\/wp-content\/uploads\/2026\/04\/1.png\",\"contentUrl\":\"https:\/\/www.interiman-group.ch\/wp-content\/uploads\/2026\/04\/1.png\",\"width\":1200,\"height\":628},{\"@type\":\"BreadcrumbList\",\"@id\":\"https:\/\/www.interiman-group.ch\/de\/zuerich-marathon-2026-ein-tag-voller-energie-teamgeist-und-emotionen\/#breadcrumb\",\"itemListElement\":[{\"@type\":\"ListItem\",\"position\":1,\"name\":\"Accueil\",\"item\":\"https:\/\/www.interiman-group.ch\/de\/\"},{\"@type\":\"ListItem\",\"position\":2,\"name\":\"Z\u00fcrich Marathon 2026 \u2013 Ein Tag voller Energie, Teamgeist und Emotionen\"}]},{\"@type\":\"WebSite\",\"@id\":\"https:\/\/www.interiman-group.ch\/de\/#website\",\"url\":\"https:\/\/www.interiman-group.ch\/de\/\",\"name\":\"Interiman Group\",\"description\":\"\",\"publisher\":{\"@id\":\"https:\/\/www.interiman-group.ch\/de\/#organization\"},\"potentialAction\":[{\"@type\":\"SearchAction\",\"target\":{\"@type\":\"EntryPoint\",\"urlTemplate\":\"https:\/\/www.interiman-group.ch\/de\/?s={search_term_string}\"},\"query-input\":{\"@type\":\"PropertyValueSpecification\",\"valueRequired\":true,\"valueName\":\"search_term_string\"}}],\"inLanguage\":\"de\"},{\"@type\":\"Organization\",\"@id\":\"https:\/\/www.interiman-group.ch\/de\/#organization\",\"name\":\"Interiman Group\",\"url\":\"https:\/\/www.interiman-group.ch\/de\/\",\"logo\":{\"@type\":\"ImageObject\",\"inLanguage\":\"de\",\"@id\":\"https:\/\/www.interiman-group.ch\/de\/#\/schema\/logo\/image\/\",\"url\":\"https:\/\/www.interiman-group.ch\/wp-content\/uploads\/2022\/10\/igs-nav.png\",\"contentUrl\":\"https:\/\/www.interiman-group.ch\/wp-content\/uploads\/2022\/10\/igs-nav.png\",\"width\":157,\"height\":62,\"caption\":\"Interiman Group\"},\"image\":{\"@id\":\"https:\/\/www.interiman-group.ch\/de\/#\/schema\/logo\/image\/\"},\"sameAs\":[\"https:\/\/www.facebook.com\/Medicalis-1737325559702106\/\",\"https:\/\/www.linkedin.com\/company\/19057976\/\"]},{\"@type\":\"Person\",\"@id\":\"https:\/\/www.interiman-group.ch\/de\/#\/schema\/person\/c95334f32105153884e49c46e4721983\",\"name\":\"Marketing\",\"image\":{\"@type\":\"ImageObject\",\"inLanguage\":\"de\",\"@id\":\"https:\/\/www.interiman-group.ch\/de\/#\/schema\/person\/image\/\",\"url\":\"https:\/\/secure.gravatar.com\/avatar\/f195d15fff822d4a270e0b5fb1a9e8c2747b615b4a99b3fcec5f6fcaf8b72d03?s=96&d=mm&r=g\",\"contentUrl\":\"https:\/\/secure.gravatar.com\/avatar\/f195d15fff822d4a270e0b5fb1a9e8c2747b615b4a99b3fcec5f6fcaf8b72d03?s=96&d=mm&r=g\",\"caption\":\"Marketing\"},\"url\":\"https:\/\/www.interiman-group.ch\/de\/author\/teammarketing\/\"}]}<\/script>\n<!-- \/ Yoast SEO plugin. -->","yoast_head_json":{"title":"Z\u00fcrich Marathon 2026 \u2013 Ein Tag voller Energie, Teamgeist und Emotionen - Interiman Group","robots":{"index":"index","follow":"follow","max-snippet":"max-snippet:-1","max-image-preview":"max-image-preview:large","max-video-preview":"max-video-preview:-1"},"canonical":"https:\/\/www.interiman-group.ch\/de\/zuerich-marathon-2026-ein-tag-voller-energie-teamgeist-und-emotionen\/","og_locale":"de_DE","og_type":"article","og_title":"Z\u00fcrich Marathon 2026 \u2013 Ein Tag voller Energie, Teamgeist und Emotionen - Interiman Group","og_description":"Trotz k\u00fchlem und regnerischem Wetter zeigte sich Z\u00fcrich am Marathonwochenende vom 12. April 2026 von seiner sportlichsten Seite. Entlang der Strecke, im Finish Village und in den Cheering Zones war war eine positive und mitreissende Stimmung zu sp\u00fcren. Tausende L\u00e4uferinnen und L\u00e4ufer sowie zahlreiche Zuschauerinnen und Zuschauer machten den Zurich Marathon einmal mehr zu einem [...]Weiterlesen... from Z\u00fcrich Marathon 2026 \u2013 Ein Tag voller Energie, Teamgeist und Emotionen","og_url":"https:\/\/www.interiman-group.ch\/de\/zuerich-marathon-2026-ein-tag-voller-energie-teamgeist-und-emotionen\/","og_site_name":"Interiman Group","article_publisher":"https:\/\/www.facebook.com\/Medicalis-1737325559702106\/","article_published_time":"2026-04-28T09:42:31+00:00","article_modified_time":"2026-04-28T11:22:53+00:00","og_image":[{"width":1200,"height":628,"url":"https:\/\/www.interiman-group.ch\/wp-content\/uploads\/2026\/04\/1.png","type":"image\/png"}],"author":"Marketing","twitter_card":"summary_large_image","twitter_misc":{"Verfasst von":"Marketing","Gesch\u00e4tzte Lesezeit":"4\u00a0Minuten"},"schema":{"@context":"https:\/\/schema.org","@graph":[{"@type":"Article","@id":"https:\/\/www.interiman-group.ch\/de\/zuerich-marathon-2026-ein-tag-voller-energie-teamgeist-und-emotionen\/#article","isPartOf":{"@id":"https:\/\/www.interiman-group.ch\/de\/zuerich-marathon-2026-ein-tag-voller-energie-teamgeist-und-emotionen\/"},"author":{"name":"Marketing","@id":"https:\/\/www.interiman-group.ch\/de\/#\/schema\/person\/c95334f32105153884e49c46e4721983"},"headline":"Z\u00fcrich Marathon 2026 \u2013 Ein Tag voller Energie, Teamgeist und Emotionen","datePublished":"2026-04-28T09:42:31+00:00","dateModified":"2026-04-28T11:22:53+00:00","mainEntityOfPage":{"@id":"https:\/\/www.interiman-group.ch\/de\/zuerich-marathon-2026-ein-tag-voller-energie-teamgeist-und-emotionen\/"},"wordCount":358,"publisher":{"@id":"https:\/\/www.interiman-group.ch\/de\/#organization"},"image":{"@id":"https:\/\/www.interiman-group.ch\/de\/zuerich-marathon-2026-ein-tag-voller-energie-teamgeist-und-emotionen\/#primaryimage"},"thumbnailUrl":"https:\/\/www.interiman-group.ch\/wp-content\/uploads\/2026\/04\/1.png","articleSection":["Aktuelles"],"inLanguage":"de"},{"@type":"WebPage","@id":"https:\/\/www.interiman-group.ch\/de\/zuerich-marathon-2026-ein-tag-voller-energie-teamgeist-und-emotionen\/","url":"https:\/\/www.interiman-group.ch\/de\/zuerich-marathon-2026-ein-tag-voller-energie-teamgeist-und-emotionen\/","name":"Z\u00fcrich Marathon 2026 \u2013 Ein Tag voller Energie, Teamgeist und Emotionen - Interiman Group","isPartOf":{"@id":"https:\/\/www.interiman-group.ch\/de\/#website"},"primaryImageOfPage":{"@id":"https:\/\/www.interiman-group.ch\/de\/zuerich-marathon-2026-ein-tag-voller-energie-teamgeist-und-emotionen\/#primaryimage"},"image":{"@id":"https:\/\/www.interiman-group.ch\/de\/zuerich-marathon-2026-ein-tag-voller-energie-teamgeist-und-emotionen\/#primaryimage"},"thumbnailUrl":"https:\/\/www.interiman-group.ch\/wp-content\/uploads\/2026\/04\/1.png","datePublished":"2026-04-28T09:42:31+00:00","dateModified":"2026-04-28T11:22:53+00:00","breadcrumb":{"@id":"https:\/\/www.interiman-group.ch\/de\/zuerich-marathon-2026-ein-tag-voller-energie-teamgeist-und-emotionen\/#breadcrumb"},"inLanguage":"de","potentialAction":[{"@type":"ReadAction","target":["https:\/\/www.interiman-group.ch\/de\/zuerich-marathon-2026-ein-tag-voller-energie-teamgeist-und-emotionen\/"]}]},{"@type":"ImageObject","inLanguage":"de","@id":"https:\/\/www.interiman-group.ch\/de\/zuerich-marathon-2026-ein-tag-voller-energie-teamgeist-und-emotionen\/#primaryimage","url":"https:\/\/www.interiman-group.ch\/wp-content\/uploads\/2026\/04\/1.png","contentUrl":"https:\/\/www.interiman-group.ch\/wp-content\/uploads\/2026\/04\/1.png","width":1200,"height":628},{"@type":"BreadcrumbList","@id":"https:\/\/www.interiman-group.ch\/de\/zuerich-marathon-2026-ein-tag-voller-energie-teamgeist-und-emotionen\/#breadcrumb","itemListElement":[{"@type":"ListItem","position":1,"name":"Accueil","item":"https:\/\/www.interiman-group.ch\/de\/"},{"@type":"ListItem","position":2,"name":"Z\u00fcrich Marathon 2026 \u2013 Ein Tag voller Energie, Teamgeist und Emotionen"}]},{"@type":"WebSite","@id":"https:\/\/www.interiman-group.ch\/de\/#website","url":"https:\/\/www.interiman-group.ch\/de\/","name":"Interiman Group","description":"","publisher":{"@id":"https:\/\/www.interiman-group.ch\/de\/#organization"},"potentialAction":[{"@type":"SearchAction","target":{"@type":"EntryPoint","urlTemplate":"https:\/\/www.interiman-group.ch\/de\/?s={search_term_string}"},"query-input":{"@type":"PropertyValueSpecification","valueRequired":true,"valueName":"search_term_string"}}],"inLanguage":"de"},{"@type":"Organization","@id":"https:\/\/www.interiman-group.ch\/de\/#organization","name":"Interiman Group","url":"https:\/\/www.interiman-group.ch\/de\/","logo":{"@type":"ImageObject","inLanguage":"de","@id":"https:\/\/www.interiman-group.ch\/de\/#\/schema\/logo\/image\/","url":"https:\/\/www.interiman-group.ch\/wp-content\/uploads\/2022\/10\/igs-nav.png","contentUrl":"https:\/\/www.interiman-group.ch\/wp-content\/uploads\/2022\/10\/igs-nav.png","width":157,"height":62,"caption":"Interiman Group"},"image":{"@id":"https:\/\/www.interiman-group.ch\/de\/#\/schema\/logo\/image\/"},"sameAs":["https:\/\/www.facebook.com\/Medicalis-1737325559702106\/","https:\/\/www.linkedin.com\/company\/19057976\/"]},{"@type":"Person","@id":"https:\/\/www.interiman-group.ch\/de\/#\/schema\/person\/c95334f32105153884e49c46e4721983","name":"Marketing","image":{"@type":"ImageObject","inLanguage":"de","@id":"https:\/\/www.interiman-group.ch\/de\/#\/schema\/person\/image\/","url":"https:\/\/secure.gravatar.com\/avatar\/f195d15fff822d4a270e0b5fb1a9e8c2747b615b4a99b3fcec5f6fcaf8b72d03?s=96&d=mm&r=g","contentUrl":"https:\/\/secure.gravatar.com\/avatar\/f195d15fff822d4a270e0b5fb1a9e8c2747b615b4a99b3fcec5f6fcaf8b72d03?s=96&d=mm&r=g","caption":"Marketing"},"url":"https:\/\/www.interiman-group.ch\/de\/author\/teammarketing\/"}]}},"_links":{"self":[{"href":"https:\/\/www.interiman-group.ch\/de\/wp-json\/wp\/v2\/posts\/1287888","targetHints":{"allow":["GET"]}}],"collection":[{"href":"https:\/\/www.interiman-group.ch\/de\/wp-json\/wp\/v2\/posts"}],"about":[{"href":"https:\/\/www.interiman-group.ch\/de\/wp-json\/wp\/v2\/types\/post"}],"author":[{"embeddable":true,"href":"https:\/\/www.interiman-group.ch\/de\/wp-json\/wp\/v2\/users\/15"}],"replies":[{"embeddable":true,"href":"https:\/\/www.interiman-group.ch\/de\/wp-json\/wp\/v2\/comments?post=1287888"}],"version-history":[{"count":2,"href":"https:\/\/www.interiman-group.ch\/de\/wp-json\/wp\/v2\/posts\/1287888\/revisions"}],"predecessor-version":[{"id":1287895,"href":"https:\/\/www.interiman-group.ch\/de\/wp-json\/wp\/v2\/posts\/1287888\/revisions\/1287895"}],"wp:featuredmedia":[{"embeddable":true,"href":"https:\/\/www.interiman-group.ch\/de\/wp-json\/wp\/v2\/media\/1287781"}],"wp:attachment":[{"href":"https:\/\/www.interiman-group.ch\/de\/wp-json\/wp\/v2\/media?parent=1287888"}],"wp:term":[{"taxonomy":"category","embeddable":true,"href":"https:\/\/www.interiman-group.ch\/de\/wp-json\/wp\/v2\/categories?post=1287888"},{"taxonomy":"post_tag","embeddable":true,"href":"https:\/\/www.interiman-group.ch\/de\/wp-json\/wp\/v2\/tags?post=1287888"}],"curies":[{"name":"wp","href":"https:\/\/api.w.org\/{rel}","templated":true}]}}