{"id":1257728,"date":"2020-02-26T00:00:00","date_gmt":"2020-02-25T23:00:00","guid":{"rendered":"https:\/\/www.interiman-group.ch\/indice-di-riferimento-hr-chiaramente-superato-interiman-group-raggiunge-una-crescita-del-fatturato-del-12-nel-2019\/"},"modified":"2023-01-06T11:14:33","modified_gmt":"2023-01-06T10:14:33","slug":"indice-di-riferimento-hr-chiaramente-superato-interiman-group-raggiunge-una-crescita-del-fatturato-del-12-nel-2019","status":"publish","type":"post","link":"https:\/\/www.interiman-group.ch\/it\/indice-di-riferimento-hr-chiaramente-superato-interiman-group-raggiunge-una-crescita-del-fatturato-del-12-nel-2019\/","title":{"rendered":"Indice di riferimento HR chiaramente superato Interiman Group raggiunge una crescita del fatturato del 12% nel 2019"},"content":{"rendered":"\n<p><strong>Losanna, 26.02.2020 &#8211; Interiman Group, fornitore di servizi di reclutamento e risorse umane, consolida la sua posizione di leader di mercato nella Svizzera romanda e come numero 3 in Svizzera. Nell&#8217;esercizio 2019 il fatturato \u00e8 aumentato del 12% a 365 milioni di franchi.<\/strong><\/p>\n\n\n\n<p>L&#8217;indice svizzero di riferimento HR Realisator \u00e8 sceso di quasi il -5,5% nel 2019, mentre il contesto economico \u00e8 rimasto stabile e il livello di disoccupazione basso. Per quanto riguarda Interiman Group, tutti i segmenti di clientela, le PMI, il governo e le multinazionali in tutte le regioni del Paese hanno contribuito alla forte prestazione con un aumento del 12% del fatturato.<\/p>\n\n\n\n<p><strong>Ulteriori filiali a Berna e San Gallo<\/strong><br>Interiman Group ha proseguito il suo sviluppo nel 2019. Sono state aperte nuove filiali a Montreux, Nyon, San Gallo e Berna (Hotelis). \u00c8 stata inoltre costituita la nuova consociata Syentec. Si concentra sulle scienze della vita, sull\u2019industria farmaceutica e sull&#8217;ingegneria per soddisfare la domanda sempre crescente di personale specializzato in questi settori.<\/p>\n\n\n\n<p>Lo sviluppo del gruppo \u00e8 visibile anche all&#8217;interno delle squadre. Il numero dei dipendenti \u00e8 passato da 260 a 310 nel 2019. Ci\u00f2 \u00e8 dovuto principalmente all&#8217;apertura di nuove filiali, ma anche al rafforzamento delle capacit\u00e0 del Gruppo nel marketing e nel settore digitale &#8211; gestione delle reti sociali e monitoraggio della tecnologia.<\/p>\n\n\n\n<p><strong>Digitalizzazione come driver<\/strong><br>&#8220;La digitalizzazione \u00e8 stato il nostro tema principale nel 2019. Ora che la fase di selezione \u00e8 terminata, nel 2020 saranno introdotte nuove soluzioni digitali. La nostra piattaforma digitale migliorer\u00e0 l&#8217;esperienza utente per i clienti, i candidati e i dipendenti part-time, oltre ad accelerare la reattivit\u00e0. Questo \u00e8 un fattore chiave in un ambiente in cui la velocit\u00e0 di reazione \u00e8 fondamentale. Ci\u00f2 \u00e8 anche in linea con il nostro approccio globale ESG. Comprende l&#8217;automazione dei processi di lavoro, la dematerializzazione dei dossier di applicazione e il loro seguito\u201d, spiega Robin Gordon, CEO di Interiman Group.<\/p>\n\n\n\n<p><strong>Tripla certificazione<\/strong><br>Da questo punto di vista ESG, Interiman Group \u00e8 orgoglioso di aver ottenuto la certificazione ISO 45001 per la gestione della salute e la sicurezza sul lavoro nel 2019, oltre alle certificazioni ISO 9001 e ISO 14001.<\/p>\n\n\n\n<p>&#8220;Con la certificazione ISO 45001 per la gestione della salute e la sicurezza sul lavoro, siamo l&#8217;unica azienda del settore delle risorse umane a detenere queste tre certificazioni chiave. Esse rappresentano il nucleo del nostro approccio sostenibile, responsabile e sociale. Questo triplo riconoscimento ci posiziona come una delle aziende pi\u00f9 progressiste nel campo delle risorse umane in termini di gestione<br>della salute e sicurezza sul lavoro. In questo modo, contribuiamo attivamente a creare un ambiente pi\u00f9 sicuro e pi\u00f9 umano per tutti i nostri dipendenti interni e temporanei&#8221;, dice Raymond Knigge, Presidente di Interiman Group.<\/p>\n","protected":false},"excerpt":{"rendered":"<p>Losanna, 26.02.2020 &#8211; Interiman Group, fornitore di servizi di reclutamento e risorse umane, consolida la sua posizione di leader di mercato nella Svizzera romanda e come numero 3 in Svizzera. Nell&#8217;esercizio 2019 il fatturato \u00e8 aumentato del 12% a 365 milioni di franchi. L&#8217;indice svizzero di riferimento HR Realisator \u00e8 sceso di quasi il -5,5% [&#8230;]<\/p>\n<p><a class=\"btn btn-secondary understrap-read-more-link\" href=\"https:\/\/www.interiman-group.ch\/it\/indice-di-riferimento-hr-chiaramente-superato-interiman-group-raggiunge-una-crescita-del-fatturato-del-12-nel-2019\/\">Leggi tutto&#8230;<span class=\"screen-reader-text\"> from Indice di riferimento HR chiaramente superato Interiman Group raggiunge una crescita del fatturato del 12% nel 2019<\/span><\/a><\/p>\n","protected":false},"author":3,"featured_media":1258214,"comment_status":"closed","ping_status":"open","sticky":false,"template":"","format":"standard","meta":{"_monsterinsights_skip_tracking":false,"_monsterinsights_sitenote_active":false,"_monsterinsights_sitenote_note":"","_monsterinsights_sitenote_category":0,"footnotes":""},"categories":[117],"tags":[150],"class_list":["post-1257728","post","type-post","status-publish","format-standard","has-post-thumbnail","hentry","category-news-it","tag-igs-it"],"yoast_head":"<!-- This site is optimized with the Yoast SEO plugin v26.9 - https:\/\/yoast.com\/product\/yoast-seo-wordpress\/ -->\n<title>Indice di riferimento HR chiaramente superato Interiman Group raggiunge una crescita del fatturato del 12% nel 2019 - Interiman Group<\/title>\n<meta name=\"robots\" content=\"index, follow, max-snippet:-1, max-image-preview:large, max-video-preview:-1\" \/>\n<link rel=\"canonical\" href=\"https:\/\/www.interiman-group.ch\/it\/indice-di-riferimento-hr-chiaramente-superato-interiman-group-raggiunge-una-crescita-del-fatturato-del-12-nel-2019\/\" \/>\n<meta property=\"og:locale\" content=\"it_IT\" \/>\n<meta property=\"og:type\" content=\"article\" \/>\n<meta property=\"og:title\" content=\"Indice di riferimento HR chiaramente superato Interiman Group raggiunge una crescita del fatturato del 12% nel 2019 - Interiman Group\" \/>\n<meta property=\"og:description\" content=\"Losanna, 26.02.2020 &#8211; Interiman Group, fornitore di servizi di reclutamento e risorse umane, consolida la sua posizione di leader di mercato nella Svizzera romanda e come numero 3 in Svizzera. Nell&#8217;esercizio 2019 il fatturato \u00e8 aumentato del 12% a 365 milioni di franchi. L&#8217;indice svizzero di riferimento HR Realisator \u00e8 sceso di quasi il -5,5% [...]Leggi tutto... from Indice di riferimento HR chiaramente superato Interiman Group raggiunge una crescita del fatturato del 12% nel 2019\" \/>\n<meta property=\"og:url\" content=\"https:\/\/www.interiman-group.ch\/it\/indice-di-riferimento-hr-chiaramente-superato-interiman-group-raggiunge-una-crescita-del-fatturato-del-12-nel-2019\/\" \/>\n<meta property=\"og:site_name\" content=\"Interiman Group\" \/>\n<meta property=\"article:publisher\" content=\"https:\/\/www.facebook.com\/Medicalis-1737325559702106\/\" \/>\n<meta property=\"article:published_time\" content=\"2020-02-25T23:00:00+00:00\" \/>\n<meta property=\"article:modified_time\" content=\"2023-01-06T10:14:33+00:00\" \/>\n<meta property=\"og:image\" content=\"https:\/\/www.interiman-group.ch\/wp-content\/uploads\/2022\/11\/CEO-Interiman-Group-009.jpg\" \/>\n\t<meta property=\"og:image:width\" content=\"1000\" \/>\n\t<meta property=\"og:image:height\" content=\"667\" \/>\n\t<meta property=\"og:image:type\" content=\"image\/jpeg\" \/>\n<meta name=\"author\" content=\"mabbet\" \/>\n<meta name=\"twitter:card\" content=\"summary_large_image\" \/>\n<meta name=\"twitter:label1\" content=\"Scritto da\" \/>\n\t<meta name=\"twitter:data1\" content=\"mabbet\" \/>\n\t<meta name=\"twitter:label2\" content=\"Tempo di lettura stimato\" \/>\n\t<meta name=\"twitter:data2\" content=\"3 minuti\" \/>\n<script type=\"application\/ld+json\" class=\"yoast-schema-graph\">{\"@context\":\"https:\/\/schema.org\",\"@graph\":[{\"@type\":\"Article\",\"@id\":\"https:\/\/www.interiman-group.ch\/it\/indice-di-riferimento-hr-chiaramente-superato-interiman-group-raggiunge-una-crescita-del-fatturato-del-12-nel-2019\/#article\",\"isPartOf\":{\"@id\":\"https:\/\/www.interiman-group.ch\/it\/indice-di-riferimento-hr-chiaramente-superato-interiman-group-raggiunge-una-crescita-del-fatturato-del-12-nel-2019\/\"},\"author\":{\"name\":\"mabbet\",\"@id\":\"https:\/\/www.interiman-group.ch\/it\/#\/schema\/person\/6d4536c0fadd9a53bb7844aa8bc173de\"},\"headline\":\"Indice di riferimento HR chiaramente superato Interiman Group raggiunge una crescita del fatturato del 12% nel 2019\",\"datePublished\":\"2020-02-25T23:00:00+00:00\",\"dateModified\":\"2023-01-06T10:14:33+00:00\",\"mainEntityOfPage\":{\"@id\":\"https:\/\/www.interiman-group.ch\/it\/indice-di-riferimento-hr-chiaramente-superato-interiman-group-raggiunge-una-crescita-del-fatturato-del-12-nel-2019\/\"},\"wordCount\":442,\"publisher\":{\"@id\":\"https:\/\/www.interiman-group.ch\/it\/#organization\"},\"image\":{\"@id\":\"https:\/\/www.interiman-group.ch\/it\/indice-di-riferimento-hr-chiaramente-superato-interiman-group-raggiunge-una-crescita-del-fatturato-del-12-nel-2019\/#primaryimage\"},\"thumbnailUrl\":\"https:\/\/www.interiman-group.ch\/wp-content\/uploads\/2022\/11\/CEO-Interiman-Group-009.jpg\",\"keywords\":[\"Interiman Group\"],\"articleSection\":[\"Notizie\"],\"inLanguage\":\"it-IT\"},{\"@type\":\"WebPage\",\"@id\":\"https:\/\/www.interiman-group.ch\/it\/indice-di-riferimento-hr-chiaramente-superato-interiman-group-raggiunge-una-crescita-del-fatturato-del-12-nel-2019\/\",\"url\":\"https:\/\/www.interiman-group.ch\/it\/indice-di-riferimento-hr-chiaramente-superato-interiman-group-raggiunge-una-crescita-del-fatturato-del-12-nel-2019\/\",\"name\":\"Indice di riferimento HR chiaramente superato Interiman Group raggiunge una crescita del fatturato del 12% nel 2019 - Interiman Group\",\"isPartOf\":{\"@id\":\"https:\/\/www.interiman-group.ch\/it\/#website\"},\"primaryImageOfPage\":{\"@id\":\"https:\/\/www.interiman-group.ch\/it\/indice-di-riferimento-hr-chiaramente-superato-interiman-group-raggiunge-una-crescita-del-fatturato-del-12-nel-2019\/#primaryimage\"},\"image\":{\"@id\":\"https:\/\/www.interiman-group.ch\/it\/indice-di-riferimento-hr-chiaramente-superato-interiman-group-raggiunge-una-crescita-del-fatturato-del-12-nel-2019\/#primaryimage\"},\"thumbnailUrl\":\"https:\/\/www.interiman-group.ch\/wp-content\/uploads\/2022\/11\/CEO-Interiman-Group-009.jpg\",\"datePublished\":\"2020-02-25T23:00:00+00:00\",\"dateModified\":\"2023-01-06T10:14:33+00:00\",\"breadcrumb\":{\"@id\":\"https:\/\/www.interiman-group.ch\/it\/indice-di-riferimento-hr-chiaramente-superato-interiman-group-raggiunge-una-crescita-del-fatturato-del-12-nel-2019\/#breadcrumb\"},\"inLanguage\":\"it-IT\",\"potentialAction\":[{\"@type\":\"ReadAction\",\"target\":[\"https:\/\/www.interiman-group.ch\/it\/indice-di-riferimento-hr-chiaramente-superato-interiman-group-raggiunge-una-crescita-del-fatturato-del-12-nel-2019\/\"]}]},{\"@type\":\"ImageObject\",\"inLanguage\":\"it-IT\",\"@id\":\"https:\/\/www.interiman-group.ch\/it\/indice-di-riferimento-hr-chiaramente-superato-interiman-group-raggiunge-una-crescita-del-fatturato-del-12-nel-2019\/#primaryimage\",\"url\":\"https:\/\/www.interiman-group.ch\/wp-content\/uploads\/2022\/11\/CEO-Interiman-Group-009.jpg\",\"contentUrl\":\"https:\/\/www.interiman-group.ch\/wp-content\/uploads\/2022\/11\/CEO-Interiman-Group-009.jpg\",\"width\":1000,\"height\":667},{\"@type\":\"BreadcrumbList\",\"@id\":\"https:\/\/www.interiman-group.ch\/it\/indice-di-riferimento-hr-chiaramente-superato-interiman-group-raggiunge-una-crescita-del-fatturato-del-12-nel-2019\/#breadcrumb\",\"itemListElement\":[{\"@type\":\"ListItem\",\"position\":1,\"name\":\"Accueil\",\"item\":\"https:\/\/www.interiman-group.ch\/it\/\"},{\"@type\":\"ListItem\",\"position\":2,\"name\":\"Indice di riferimento HR chiaramente superato Interiman Group raggiunge una crescita del fatturato del 12% nel 2019\"}]},{\"@type\":\"WebSite\",\"@id\":\"https:\/\/www.interiman-group.ch\/it\/#website\",\"url\":\"https:\/\/www.interiman-group.ch\/it\/\",\"name\":\"Interiman Group\",\"description\":\"\",\"publisher\":{\"@id\":\"https:\/\/www.interiman-group.ch\/it\/#organization\"},\"potentialAction\":[{\"@type\":\"SearchAction\",\"target\":{\"@type\":\"EntryPoint\",\"urlTemplate\":\"https:\/\/www.interiman-group.ch\/it\/?s={search_term_string}\"},\"query-input\":{\"@type\":\"PropertyValueSpecification\",\"valueRequired\":true,\"valueName\":\"search_term_string\"}}],\"inLanguage\":\"it-IT\"},{\"@type\":\"Organization\",\"@id\":\"https:\/\/www.interiman-group.ch\/it\/#organization\",\"name\":\"Interiman Group\",\"url\":\"https:\/\/www.interiman-group.ch\/it\/\",\"logo\":{\"@type\":\"ImageObject\",\"inLanguage\":\"it-IT\",\"@id\":\"https:\/\/www.interiman-group.ch\/it\/#\/schema\/logo\/image\/\",\"url\":\"https:\/\/www.interiman-group.ch\/wp-content\/uploads\/2022\/10\/igs-nav.png\",\"contentUrl\":\"https:\/\/www.interiman-group.ch\/wp-content\/uploads\/2022\/10\/igs-nav.png\",\"width\":157,\"height\":62,\"caption\":\"Interiman Group\"},\"image\":{\"@id\":\"https:\/\/www.interiman-group.ch\/it\/#\/schema\/logo\/image\/\"},\"sameAs\":[\"https:\/\/www.facebook.com\/Medicalis-1737325559702106\/\",\"https:\/\/www.linkedin.com\/company\/19057976\/\"]},{\"@type\":\"Person\",\"@id\":\"https:\/\/www.interiman-group.ch\/it\/#\/schema\/person\/6d4536c0fadd9a53bb7844aa8bc173de\",\"name\":\"mabbet\",\"image\":{\"@type\":\"ImageObject\",\"inLanguage\":\"it-IT\",\"@id\":\"https:\/\/www.interiman-group.ch\/it\/#\/schema\/person\/image\/\",\"url\":\"https:\/\/secure.gravatar.com\/avatar\/c9b8558dd936c0aabcc45d180fce99dccde96ff74ab27f8bbd6345c035cac21d?s=96&d=mm&r=g\",\"contentUrl\":\"https:\/\/secure.gravatar.com\/avatar\/c9b8558dd936c0aabcc45d180fce99dccde96ff74ab27f8bbd6345c035cac21d?s=96&d=mm&r=g\",\"caption\":\"mabbet\"},\"url\":\"https:\/\/www.interiman-group.ch\/it\/author\/mabbet\/\"}]}<\/script>\n<!-- \/ Yoast SEO plugin. -->","yoast_head_json":{"title":"Indice di riferimento HR chiaramente superato Interiman Group raggiunge una crescita del fatturato del 12% nel 2019 - Interiman Group","robots":{"index":"index","follow":"follow","max-snippet":"max-snippet:-1","max-image-preview":"max-image-preview:large","max-video-preview":"max-video-preview:-1"},"canonical":"https:\/\/www.interiman-group.ch\/it\/indice-di-riferimento-hr-chiaramente-superato-interiman-group-raggiunge-una-crescita-del-fatturato-del-12-nel-2019\/","og_locale":"it_IT","og_type":"article","og_title":"Indice di riferimento HR chiaramente superato Interiman Group raggiunge una crescita del fatturato del 12% nel 2019 - Interiman Group","og_description":"Losanna, 26.02.2020 &#8211; Interiman Group, fornitore di servizi di reclutamento e risorse umane, consolida la sua posizione di leader di mercato nella Svizzera romanda e come numero 3 in Svizzera. Nell&#8217;esercizio 2019 il fatturato \u00e8 aumentato del 12% a 365 milioni di franchi. L&#8217;indice svizzero di riferimento HR Realisator \u00e8 sceso di quasi il -5,5% [...]Leggi tutto... from Indice di riferimento HR chiaramente superato Interiman Group raggiunge una crescita del fatturato del 12% nel 2019","og_url":"https:\/\/www.interiman-group.ch\/it\/indice-di-riferimento-hr-chiaramente-superato-interiman-group-raggiunge-una-crescita-del-fatturato-del-12-nel-2019\/","og_site_name":"Interiman Group","article_publisher":"https:\/\/www.facebook.com\/Medicalis-1737325559702106\/","article_published_time":"2020-02-25T23:00:00+00:00","article_modified_time":"2023-01-06T10:14:33+00:00","og_image":[{"width":1000,"height":667,"url":"https:\/\/www.interiman-group.ch\/wp-content\/uploads\/2022\/11\/CEO-Interiman-Group-009.jpg","type":"image\/jpeg"}],"author":"mabbet","twitter_card":"summary_large_image","twitter_misc":{"Scritto da":"mabbet","Tempo di lettura stimato":"3 minuti"},"schema":{"@context":"https:\/\/schema.org","@graph":[{"@type":"Article","@id":"https:\/\/www.interiman-group.ch\/it\/indice-di-riferimento-hr-chiaramente-superato-interiman-group-raggiunge-una-crescita-del-fatturato-del-12-nel-2019\/#article","isPartOf":{"@id":"https:\/\/www.interiman-group.ch\/it\/indice-di-riferimento-hr-chiaramente-superato-interiman-group-raggiunge-una-crescita-del-fatturato-del-12-nel-2019\/"},"author":{"name":"mabbet","@id":"https:\/\/www.interiman-group.ch\/it\/#\/schema\/person\/6d4536c0fadd9a53bb7844aa8bc173de"},"headline":"Indice di riferimento HR chiaramente superato Interiman Group raggiunge una crescita del fatturato del 12% nel 2019","datePublished":"2020-02-25T23:00:00+00:00","dateModified":"2023-01-06T10:14:33+00:00","mainEntityOfPage":{"@id":"https:\/\/www.interiman-group.ch\/it\/indice-di-riferimento-hr-chiaramente-superato-interiman-group-raggiunge-una-crescita-del-fatturato-del-12-nel-2019\/"},"wordCount":442,"publisher":{"@id":"https:\/\/www.interiman-group.ch\/it\/#organization"},"image":{"@id":"https:\/\/www.interiman-group.ch\/it\/indice-di-riferimento-hr-chiaramente-superato-interiman-group-raggiunge-una-crescita-del-fatturato-del-12-nel-2019\/#primaryimage"},"thumbnailUrl":"https:\/\/www.interiman-group.ch\/wp-content\/uploads\/2022\/11\/CEO-Interiman-Group-009.jpg","keywords":["Interiman Group"],"articleSection":["Notizie"],"inLanguage":"it-IT"},{"@type":"WebPage","@id":"https:\/\/www.interiman-group.ch\/it\/indice-di-riferimento-hr-chiaramente-superato-interiman-group-raggiunge-una-crescita-del-fatturato-del-12-nel-2019\/","url":"https:\/\/www.interiman-group.ch\/it\/indice-di-riferimento-hr-chiaramente-superato-interiman-group-raggiunge-una-crescita-del-fatturato-del-12-nel-2019\/","name":"Indice di riferimento HR chiaramente superato Interiman Group raggiunge una crescita del fatturato del 12% nel 2019 - Interiman Group","isPartOf":{"@id":"https:\/\/www.interiman-group.ch\/it\/#website"},"primaryImageOfPage":{"@id":"https:\/\/www.interiman-group.ch\/it\/indice-di-riferimento-hr-chiaramente-superato-interiman-group-raggiunge-una-crescita-del-fatturato-del-12-nel-2019\/#primaryimage"},"image":{"@id":"https:\/\/www.interiman-group.ch\/it\/indice-di-riferimento-hr-chiaramente-superato-interiman-group-raggiunge-una-crescita-del-fatturato-del-12-nel-2019\/#primaryimage"},"thumbnailUrl":"https:\/\/www.interiman-group.ch\/wp-content\/uploads\/2022\/11\/CEO-Interiman-Group-009.jpg","datePublished":"2020-02-25T23:00:00+00:00","dateModified":"2023-01-06T10:14:33+00:00","breadcrumb":{"@id":"https:\/\/www.interiman-group.ch\/it\/indice-di-riferimento-hr-chiaramente-superato-interiman-group-raggiunge-una-crescita-del-fatturato-del-12-nel-2019\/#breadcrumb"},"inLanguage":"it-IT","potentialAction":[{"@type":"ReadAction","target":["https:\/\/www.interiman-group.ch\/it\/indice-di-riferimento-hr-chiaramente-superato-interiman-group-raggiunge-una-crescita-del-fatturato-del-12-nel-2019\/"]}]},{"@type":"ImageObject","inLanguage":"it-IT","@id":"https:\/\/www.interiman-group.ch\/it\/indice-di-riferimento-hr-chiaramente-superato-interiman-group-raggiunge-una-crescita-del-fatturato-del-12-nel-2019\/#primaryimage","url":"https:\/\/www.interiman-group.ch\/wp-content\/uploads\/2022\/11\/CEO-Interiman-Group-009.jpg","contentUrl":"https:\/\/www.interiman-group.ch\/wp-content\/uploads\/2022\/11\/CEO-Interiman-Group-009.jpg","width":1000,"height":667},{"@type":"BreadcrumbList","@id":"https:\/\/www.interiman-group.ch\/it\/indice-di-riferimento-hr-chiaramente-superato-interiman-group-raggiunge-una-crescita-del-fatturato-del-12-nel-2019\/#breadcrumb","itemListElement":[{"@type":"ListItem","position":1,"name":"Accueil","item":"https:\/\/www.interiman-group.ch\/it\/"},{"@type":"ListItem","position":2,"name":"Indice di riferimento HR chiaramente superato Interiman Group raggiunge una crescita del fatturato del 12% nel 2019"}]},{"@type":"WebSite","@id":"https:\/\/www.interiman-group.ch\/it\/#website","url":"https:\/\/www.interiman-group.ch\/it\/","name":"Interiman Group","description":"","publisher":{"@id":"https:\/\/www.interiman-group.ch\/it\/#organization"},"potentialAction":[{"@type":"SearchAction","target":{"@type":"EntryPoint","urlTemplate":"https:\/\/www.interiman-group.ch\/it\/?s={search_term_string}"},"query-input":{"@type":"PropertyValueSpecification","valueRequired":true,"valueName":"search_term_string"}}],"inLanguage":"it-IT"},{"@type":"Organization","@id":"https:\/\/www.interiman-group.ch\/it\/#organization","name":"Interiman Group","url":"https:\/\/www.interiman-group.ch\/it\/","logo":{"@type":"ImageObject","inLanguage":"it-IT","@id":"https:\/\/www.interiman-group.ch\/it\/#\/schema\/logo\/image\/","url":"https:\/\/www.interiman-group.ch\/wp-content\/uploads\/2022\/10\/igs-nav.png","contentUrl":"https:\/\/www.interiman-group.ch\/wp-content\/uploads\/2022\/10\/igs-nav.png","width":157,"height":62,"caption":"Interiman Group"},"image":{"@id":"https:\/\/www.interiman-group.ch\/it\/#\/schema\/logo\/image\/"},"sameAs":["https:\/\/www.facebook.com\/Medicalis-1737325559702106\/","https:\/\/www.linkedin.com\/company\/19057976\/"]},{"@type":"Person","@id":"https:\/\/www.interiman-group.ch\/it\/#\/schema\/person\/6d4536c0fadd9a53bb7844aa8bc173de","name":"mabbet","image":{"@type":"ImageObject","inLanguage":"it-IT","@id":"https:\/\/www.interiman-group.ch\/it\/#\/schema\/person\/image\/","url":"https:\/\/secure.gravatar.com\/avatar\/c9b8558dd936c0aabcc45d180fce99dccde96ff74ab27f8bbd6345c035cac21d?s=96&d=mm&r=g","contentUrl":"https:\/\/secure.gravatar.com\/avatar\/c9b8558dd936c0aabcc45d180fce99dccde96ff74ab27f8bbd6345c035cac21d?s=96&d=mm&r=g","caption":"mabbet"},"url":"https:\/\/www.interiman-group.ch\/it\/author\/mabbet\/"}]}},"_links":{"self":[{"href":"https:\/\/www.interiman-group.ch\/it\/wp-json\/wp\/v2\/posts\/1257728","targetHints":{"allow":["GET"]}}],"collection":[{"href":"https:\/\/www.interiman-group.ch\/it\/wp-json\/wp\/v2\/posts"}],"about":[{"href":"https:\/\/www.interiman-group.ch\/it\/wp-json\/wp\/v2\/types\/post"}],"author":[{"embeddable":true,"href":"https:\/\/www.interiman-group.ch\/it\/wp-json\/wp\/v2\/users\/3"}],"replies":[{"embeddable":true,"href":"https:\/\/www.interiman-group.ch\/it\/wp-json\/wp\/v2\/comments?post=1257728"}],"version-history":[{"count":1,"href":"https:\/\/www.interiman-group.ch\/it\/wp-json\/wp\/v2\/posts\/1257728\/revisions"}],"predecessor-version":[{"id":1258442,"href":"https:\/\/www.interiman-group.ch\/it\/wp-json\/wp\/v2\/posts\/1257728\/revisions\/1258442"}],"wp:featuredmedia":[{"embeddable":true,"href":"https:\/\/www.interiman-group.ch\/it\/wp-json\/wp\/v2\/media\/1258214"}],"wp:attachment":[{"href":"https:\/\/www.interiman-group.ch\/it\/wp-json\/wp\/v2\/media?parent=1257728"}],"wp:term":[{"taxonomy":"category","embeddable":true,"href":"https:\/\/www.interiman-group.ch\/it\/wp-json\/wp\/v2\/categories?post=1257728"},{"taxonomy":"post_tag","embeddable":true,"href":"https:\/\/www.interiman-group.ch\/it\/wp-json\/wp\/v2\/tags?post=1257728"}],"curies":[{"name":"wp","href":"https:\/\/api.w.org\/{rel}","templated":true}]}}