{"id":1257746,"date":"2020-06-19T00:00:00","date_gmt":"2020-06-18T22:00:00","guid":{"rendered":"https:\/\/www.interiman-group.ch\/in-che-modo-gpp-sviluppa-lespace-mittelland\/"},"modified":"2023-01-06T09:58:48","modified_gmt":"2023-01-06T08:58:48","slug":"in-che-modo-gpp-sviluppa-lespace-mittelland","status":"publish","type":"post","link":"https:\/\/www.interiman-group.ch\/it\/in-che-modo-gpp-sviluppa-lespace-mittelland\/","title":{"rendered":"In che modo GPP sviluppa l\u2019Espace Mittelland"},"content":{"rendered":"\n<p><strong>A partire dallo scorso novembre, le agenzie di Global Personal Partner (GPP) dell&#8217;Espace Mittelland si trovano sotto la responsabilit\u00e0 di Andr\u00e9 Affolter. Appena nominato, Affolter si \u00e8 dovuto confrontare con la crisi del coronavirus che, sebbene non abbia colpito la Svizzera tedesca quanto quella romanda, ha comunque avuto ripercussioni sul mercato economico. Ma le cinque succursali da lui gestite, dove lavorano una ventina di collaboratori, hanno mantenuto la loro rotta e pullulano ora di progetti.&nbsp;<\/strong><\/p>\n\n\n<p class=\"ql-align-justify\"><em>Andr\u00e9 Affolter, lei \u00e8 direttore presso GPP dell&#8217;Espace Mittelland. Che bilancio trae da questo primo semestre segnato dalla pandemia di Covid-19?<\/em><\/p>\n<p class=\"ql-align-justify\">L&#8217;anno 2020 era iniziato bene. Avevamo previsto di intraprendere un certo numero di azioni sul mercato, oltre che di sviluppare sinergie tra le nostre diverse succursali. L&#8217;istituzione del semi-confinamento e del distanziamento sociale hanno logicamente comportato la sospensione dei nostri progetti. Ma se io personalmente ho vissuto questa crisi come una frenata d&#8217;emergenza sull&#8217;autostrada, quindi come un&#8217;azione brutale ma necessaria per arginare la diffusione del virus, bisogna dire che abbiamo registrato un massiccio aumento della domanda nel commercio al dettaglio online.<\/p>\n<p class=\"ql-align-justify\"><em>Ci\u00f2 significa che gli effetti della crisi sono stati limitati?<\/em><\/p>\n<p class=\"ql-align-justify\">Parliamoci chiaro: la situazione ha sollevato un gran numero di questioni, in particolare se assegnare o meno al personale interinale un&#8217;indennit\u00e0 in caso di riduzione dell&#8217;orario di lavoro (ROL), ed \u00e8 ancora presto per dire che il peggio \u00e8 passato. Detto questo, la crisi \u00e8 stata per molti operatori un&#8217;occasione per ripensare e adeguare i propri processi, potendo spesso contare sull&#8217;impegno di nuovi collaboratori.<\/p>\n<p class=\"ql-align-justify\"><em>Quali sono i vostri obiettivi da qui alla fine dell&#8217;anno?<\/em><\/p>\n<p class=\"ql-align-justify\">Ci auguriamo di rafforzare la nostra presenza nell&#8217;Espace Mittelland, dove disponiamo di cinque succursali, ad Aarau, Berna, Egerkingen, Soletta e, da poco, a Thun, per cui prevediamo di sviluppare le nostre attivit\u00e0 nell&#8217;Oberland bernese. La regione, \u00e8 vero, presenta un importante potenziale di crescita, e la nostra missione sar\u00e0 quella di intensificare la nostra collaborazione con i clienti esistenti e stringere forti legami con nuove imprese.&nbsp;<\/p>\n<p class=\"ql-align-justify\"><em>Qual \u00e8 ad oggi lo stato d&#8217;animo prevalente nella Svizzera tedesca?<\/em><\/p>\n<p class=\"ql-align-justify\">Secondo molti osservatori l&#8217;economia sta entrando in una fase di recessione. E vero che settori come quello turistico, alberghiero, della ristorazione, orologiero e meccanico stanno affrontando grosse sfide, senza sapere se le misure di allentamento adottate in queste ultime settimane avranno un impatto positivo.&nbsp;Ma se gli investitori dimostreranno come immagino prudenza, prevedo una ripresa graduale, in alcuni settori, della domanda in termini di collocamento fisso e temporaneo.<\/p>\n<p class=\"ql-align-justify\"><em>Qual \u00e8 ad oggi la vostra sfida principale?<\/em><\/p>\n<p class=\"ql-align-justify\">Crisi o non crisi, in Svizzera la scarsit\u00e0 di manodopera qualificata resta elevata. Dobbiamo quindi giocarci il nostro asso nella manica, individuando i migliori profili in grado di rispondere ai bisogni delle imprese con le quali collaboriamo e quelle su cui investiamo. In quest&#8217;ottica, l&#8217;appartenenza di GPP a Interiman Group \u00e8 un sicuro vantaggio: il fatto di coprire tutto il territorio ci consente di configurarci come un operatore imprescindibile in Svizzera, oltre che di beneficiare di preziose sinergie.<\/p>\n<p class=\"ql-align-justify\"><em>Il suo percorso in poche parole?<\/em><\/p>\n<p class=\"ql-align-justify\">Sono cresciuto nella bella e tranquilla terra d&#8217;Emmental, dove ho effettuato un apprendistato come meccanico su macchinari. Dall&#8217;et\u00e0 di 24 anni, ho avuto l&#8217;occasione di essere nominato in un posto di responsabilit\u00e0, che non mi ha comunque impedito di intraprendere un corso aggiuntivo come esperto in automazione. In seguito, ho avuto l&#8217;opportunit\u00e0 di lavorare nella Svizzera romanda a capo di una squadra di montaggio presso un fabbricante di automobili.<\/p>\n<p class=\"ql-align-justify\"><em>Che ricordo conserva di questa esperienza in territorio romando?<\/em><\/p>\n<p class=\"ql-align-justify\">Ho potuto innanzi tutto perfezionare le mie conoscenze in francese, cosa di cui sono entusiasta. E, a posteriori, direi che \u00e8 il posto che mi ha di pi\u00f9 forgiato, a livello sia personale che professionale. Ci\u00f2 si deve ai tempi di consegna sempre pressanti e alla tolleranza zero nei confronti dei difetti delle componenti che, insieme al team, fabbricavamo 365 giorni l&#8217;anno. Successivamente mi sono unito in qualit\u00e0 di capo operazioni a un noto subappaltatore dell&#8217;industria orologiera, presso cui ho gestito un centinaio di dipendenti e seguito in contemporanea un corso di due anni in gestione d&#8217;impresa, prima di diventare direttore di produzione e poi vicedirettore generale di un&#8217;azienda bernese di rivestimenti. Infine, quando nel 2015 ho incontrato Roman Cornu, CEO di GPP, che mi ha proposto di aprire la succursale di Soletta, non ho esitato un secondo a raccogliere questa nuova sfida.<\/p>","protected":false},"excerpt":{"rendered":"<p>A partire dallo scorso novembre, le agenzie di Global Personal Partner (GPP) dell&#8217;Espace Mittelland si trovano sotto la responsabilit\u00e0 di Andr\u00e9 Affolter. Appena nominato, Affolter si \u00e8 dovuto confrontare con la crisi del coronavirus che, sebbene non abbia colpito la Svizzera tedesca quanto quella romanda, ha comunque avuto ripercussioni sul mercato economico. Ma le cinque [&#8230;]<\/p>\n<p><a class=\"btn btn-secondary understrap-read-more-link\" href=\"https:\/\/www.interiman-group.ch\/it\/in-che-modo-gpp-sviluppa-lespace-mittelland\/\">Leggi tutto&#8230;<span class=\"screen-reader-text\"> from In che modo GPP sviluppa l\u2019Espace Mittelland<\/span><\/a><\/p>\n","protected":false},"author":3,"featured_media":1258259,"comment_status":"closed","ping_status":"open","sticky":false,"template":"","format":"standard","meta":{"_monsterinsights_skip_tracking":false,"_monsterinsights_sitenote_active":false,"_monsterinsights_sitenote_note":"","_monsterinsights_sitenote_category":0,"footnotes":""},"categories":[117],"tags":[],"class_list":["post-1257746","post","type-post","status-publish","format-standard","has-post-thumbnail","hentry","category-news-it"],"yoast_head":"<!-- This site is optimized with the Yoast SEO plugin v26.9 - https:\/\/yoast.com\/product\/yoast-seo-wordpress\/ -->\n<title>In che modo GPP sviluppa l\u2019Espace Mittelland - Interiman Group<\/title>\n<meta name=\"robots\" content=\"index, follow, max-snippet:-1, max-image-preview:large, max-video-preview:-1\" \/>\n<link rel=\"canonical\" href=\"https:\/\/www.interiman-group.ch\/it\/in-che-modo-gpp-sviluppa-lespace-mittelland\/\" \/>\n<meta property=\"og:locale\" content=\"it_IT\" \/>\n<meta property=\"og:type\" content=\"article\" \/>\n<meta property=\"og:title\" content=\"In che modo GPP sviluppa l\u2019Espace Mittelland - Interiman Group\" \/>\n<meta property=\"og:description\" content=\"A partire dallo scorso novembre, le agenzie di Global Personal Partner (GPP) dell&#8217;Espace Mittelland si trovano sotto la responsabilit\u00e0 di Andr\u00e9 Affolter. Appena nominato, Affolter si \u00e8 dovuto confrontare con la crisi del coronavirus che, sebbene non abbia colpito la Svizzera tedesca quanto quella romanda, ha comunque avuto ripercussioni sul mercato economico. Ma le cinque [...]Leggi tutto... from In che modo GPP sviluppa l\u2019Espace Mittelland\" \/>\n<meta property=\"og:url\" content=\"https:\/\/www.interiman-group.ch\/it\/in-che-modo-gpp-sviluppa-lespace-mittelland\/\" \/>\n<meta property=\"og:site_name\" content=\"Interiman Group\" \/>\n<meta property=\"article:publisher\" content=\"https:\/\/www.facebook.com\/Medicalis-1737325559702106\/\" \/>\n<meta property=\"article:published_time\" content=\"2020-06-18T22:00:00+00:00\" \/>\n<meta property=\"article:modified_time\" content=\"2023-01-06T08:58:48+00:00\" \/>\n<meta property=\"og:image\" content=\"https:\/\/www.interiman-group.ch\/wp-content\/uploads\/2022\/12\/AdobeStock_290681032.jpg\" \/>\n\t<meta property=\"og:image:width\" content=\"1920\" \/>\n\t<meta property=\"og:image:height\" content=\"1280\" \/>\n\t<meta property=\"og:image:type\" content=\"image\/jpeg\" \/>\n<meta name=\"author\" content=\"mabbet\" \/>\n<meta name=\"twitter:card\" content=\"summary_large_image\" \/>\n<meta name=\"twitter:label1\" content=\"Scritto da\" \/>\n\t<meta name=\"twitter:data1\" content=\"mabbet\" \/>\n\t<meta name=\"twitter:label2\" content=\"Tempo di lettura stimato\" \/>\n\t<meta name=\"twitter:data2\" content=\"4 minuti\" \/>\n<script type=\"application\/ld+json\" class=\"yoast-schema-graph\">{\"@context\":\"https:\/\/schema.org\",\"@graph\":[{\"@type\":\"Article\",\"@id\":\"https:\/\/www.interiman-group.ch\/it\/in-che-modo-gpp-sviluppa-lespace-mittelland\/#article\",\"isPartOf\":{\"@id\":\"https:\/\/www.interiman-group.ch\/it\/in-che-modo-gpp-sviluppa-lespace-mittelland\/\"},\"author\":{\"name\":\"mabbet\",\"@id\":\"https:\/\/www.interiman-group.ch\/it\/#\/schema\/person\/6d4536c0fadd9a53bb7844aa8bc173de\"},\"headline\":\"In che modo GPP sviluppa l\u2019Espace Mittelland\",\"datePublished\":\"2020-06-18T22:00:00+00:00\",\"dateModified\":\"2023-01-06T08:58:48+00:00\",\"mainEntityOfPage\":{\"@id\":\"https:\/\/www.interiman-group.ch\/it\/in-che-modo-gpp-sviluppa-lespace-mittelland\/\"},\"wordCount\":742,\"publisher\":{\"@id\":\"https:\/\/www.interiman-group.ch\/it\/#organization\"},\"image\":{\"@id\":\"https:\/\/www.interiman-group.ch\/it\/in-che-modo-gpp-sviluppa-lespace-mittelland\/#primaryimage\"},\"thumbnailUrl\":\"https:\/\/www.interiman-group.ch\/wp-content\/uploads\/2022\/12\/AdobeStock_290681032.jpg\",\"articleSection\":[\"Notizie\"],\"inLanguage\":\"it-IT\"},{\"@type\":\"WebPage\",\"@id\":\"https:\/\/www.interiman-group.ch\/it\/in-che-modo-gpp-sviluppa-lespace-mittelland\/\",\"url\":\"https:\/\/www.interiman-group.ch\/it\/in-che-modo-gpp-sviluppa-lespace-mittelland\/\",\"name\":\"In che modo GPP sviluppa l\u2019Espace Mittelland - Interiman Group\",\"isPartOf\":{\"@id\":\"https:\/\/www.interiman-group.ch\/it\/#website\"},\"primaryImageOfPage\":{\"@id\":\"https:\/\/www.interiman-group.ch\/it\/in-che-modo-gpp-sviluppa-lespace-mittelland\/#primaryimage\"},\"image\":{\"@id\":\"https:\/\/www.interiman-group.ch\/it\/in-che-modo-gpp-sviluppa-lespace-mittelland\/#primaryimage\"},\"thumbnailUrl\":\"https:\/\/www.interiman-group.ch\/wp-content\/uploads\/2022\/12\/AdobeStock_290681032.jpg\",\"datePublished\":\"2020-06-18T22:00:00+00:00\",\"dateModified\":\"2023-01-06T08:58:48+00:00\",\"breadcrumb\":{\"@id\":\"https:\/\/www.interiman-group.ch\/it\/in-che-modo-gpp-sviluppa-lespace-mittelland\/#breadcrumb\"},\"inLanguage\":\"it-IT\",\"potentialAction\":[{\"@type\":\"ReadAction\",\"target\":[\"https:\/\/www.interiman-group.ch\/it\/in-che-modo-gpp-sviluppa-lespace-mittelland\/\"]}]},{\"@type\":\"ImageObject\",\"inLanguage\":\"it-IT\",\"@id\":\"https:\/\/www.interiman-group.ch\/it\/in-che-modo-gpp-sviluppa-lespace-mittelland\/#primaryimage\",\"url\":\"https:\/\/www.interiman-group.ch\/wp-content\/uploads\/2022\/12\/AdobeStock_290681032.jpg\",\"contentUrl\":\"https:\/\/www.interiman-group.ch\/wp-content\/uploads\/2022\/12\/AdobeStock_290681032.jpg\",\"width\":1920,\"height\":1280},{\"@type\":\"BreadcrumbList\",\"@id\":\"https:\/\/www.interiman-group.ch\/it\/in-che-modo-gpp-sviluppa-lespace-mittelland\/#breadcrumb\",\"itemListElement\":[{\"@type\":\"ListItem\",\"position\":1,\"name\":\"Accueil\",\"item\":\"https:\/\/www.interiman-group.ch\/it\/\"},{\"@type\":\"ListItem\",\"position\":2,\"name\":\"In che modo GPP sviluppa l\u2019Espace Mittelland\"}]},{\"@type\":\"WebSite\",\"@id\":\"https:\/\/www.interiman-group.ch\/it\/#website\",\"url\":\"https:\/\/www.interiman-group.ch\/it\/\",\"name\":\"Interiman Group\",\"description\":\"\",\"publisher\":{\"@id\":\"https:\/\/www.interiman-group.ch\/it\/#organization\"},\"potentialAction\":[{\"@type\":\"SearchAction\",\"target\":{\"@type\":\"EntryPoint\",\"urlTemplate\":\"https:\/\/www.interiman-group.ch\/it\/?s={search_term_string}\"},\"query-input\":{\"@type\":\"PropertyValueSpecification\",\"valueRequired\":true,\"valueName\":\"search_term_string\"}}],\"inLanguage\":\"it-IT\"},{\"@type\":\"Organization\",\"@id\":\"https:\/\/www.interiman-group.ch\/it\/#organization\",\"name\":\"Interiman Group\",\"url\":\"https:\/\/www.interiman-group.ch\/it\/\",\"logo\":{\"@type\":\"ImageObject\",\"inLanguage\":\"it-IT\",\"@id\":\"https:\/\/www.interiman-group.ch\/it\/#\/schema\/logo\/image\/\",\"url\":\"https:\/\/www.interiman-group.ch\/wp-content\/uploads\/2022\/10\/igs-nav.png\",\"contentUrl\":\"https:\/\/www.interiman-group.ch\/wp-content\/uploads\/2022\/10\/igs-nav.png\",\"width\":157,\"height\":62,\"caption\":\"Interiman Group\"},\"image\":{\"@id\":\"https:\/\/www.interiman-group.ch\/it\/#\/schema\/logo\/image\/\"},\"sameAs\":[\"https:\/\/www.facebook.com\/Medicalis-1737325559702106\/\",\"https:\/\/www.linkedin.com\/company\/19057976\/\"]},{\"@type\":\"Person\",\"@id\":\"https:\/\/www.interiman-group.ch\/it\/#\/schema\/person\/6d4536c0fadd9a53bb7844aa8bc173de\",\"name\":\"mabbet\",\"image\":{\"@type\":\"ImageObject\",\"inLanguage\":\"it-IT\",\"@id\":\"https:\/\/www.interiman-group.ch\/it\/#\/schema\/person\/image\/\",\"url\":\"https:\/\/secure.gravatar.com\/avatar\/c9b8558dd936c0aabcc45d180fce99dccde96ff74ab27f8bbd6345c035cac21d?s=96&d=mm&r=g\",\"contentUrl\":\"https:\/\/secure.gravatar.com\/avatar\/c9b8558dd936c0aabcc45d180fce99dccde96ff74ab27f8bbd6345c035cac21d?s=96&d=mm&r=g\",\"caption\":\"mabbet\"},\"url\":\"https:\/\/www.interiman-group.ch\/it\/author\/mabbet\/\"}]}<\/script>\n<!-- \/ Yoast SEO plugin. -->","yoast_head_json":{"title":"In che modo GPP sviluppa l\u2019Espace Mittelland - Interiman Group","robots":{"index":"index","follow":"follow","max-snippet":"max-snippet:-1","max-image-preview":"max-image-preview:large","max-video-preview":"max-video-preview:-1"},"canonical":"https:\/\/www.interiman-group.ch\/it\/in-che-modo-gpp-sviluppa-lespace-mittelland\/","og_locale":"it_IT","og_type":"article","og_title":"In che modo GPP sviluppa l\u2019Espace Mittelland - Interiman Group","og_description":"A partire dallo scorso novembre, le agenzie di Global Personal Partner (GPP) dell&#8217;Espace Mittelland si trovano sotto la responsabilit\u00e0 di Andr\u00e9 Affolter. Appena nominato, Affolter si \u00e8 dovuto confrontare con la crisi del coronavirus che, sebbene non abbia colpito la Svizzera tedesca quanto quella romanda, ha comunque avuto ripercussioni sul mercato economico. Ma le cinque [...]Leggi tutto... from In che modo GPP sviluppa l\u2019Espace Mittelland","og_url":"https:\/\/www.interiman-group.ch\/it\/in-che-modo-gpp-sviluppa-lespace-mittelland\/","og_site_name":"Interiman Group","article_publisher":"https:\/\/www.facebook.com\/Medicalis-1737325559702106\/","article_published_time":"2020-06-18T22:00:00+00:00","article_modified_time":"2023-01-06T08:58:48+00:00","og_image":[{"width":1920,"height":1280,"url":"https:\/\/www.interiman-group.ch\/wp-content\/uploads\/2022\/12\/AdobeStock_290681032.jpg","type":"image\/jpeg"}],"author":"mabbet","twitter_card":"summary_large_image","twitter_misc":{"Scritto da":"mabbet","Tempo di lettura stimato":"4 minuti"},"schema":{"@context":"https:\/\/schema.org","@graph":[{"@type":"Article","@id":"https:\/\/www.interiman-group.ch\/it\/in-che-modo-gpp-sviluppa-lespace-mittelland\/#article","isPartOf":{"@id":"https:\/\/www.interiman-group.ch\/it\/in-che-modo-gpp-sviluppa-lespace-mittelland\/"},"author":{"name":"mabbet","@id":"https:\/\/www.interiman-group.ch\/it\/#\/schema\/person\/6d4536c0fadd9a53bb7844aa8bc173de"},"headline":"In che modo GPP sviluppa l\u2019Espace Mittelland","datePublished":"2020-06-18T22:00:00+00:00","dateModified":"2023-01-06T08:58:48+00:00","mainEntityOfPage":{"@id":"https:\/\/www.interiman-group.ch\/it\/in-che-modo-gpp-sviluppa-lespace-mittelland\/"},"wordCount":742,"publisher":{"@id":"https:\/\/www.interiman-group.ch\/it\/#organization"},"image":{"@id":"https:\/\/www.interiman-group.ch\/it\/in-che-modo-gpp-sviluppa-lespace-mittelland\/#primaryimage"},"thumbnailUrl":"https:\/\/www.interiman-group.ch\/wp-content\/uploads\/2022\/12\/AdobeStock_290681032.jpg","articleSection":["Notizie"],"inLanguage":"it-IT"},{"@type":"WebPage","@id":"https:\/\/www.interiman-group.ch\/it\/in-che-modo-gpp-sviluppa-lespace-mittelland\/","url":"https:\/\/www.interiman-group.ch\/it\/in-che-modo-gpp-sviluppa-lespace-mittelland\/","name":"In che modo GPP sviluppa l\u2019Espace Mittelland - Interiman Group","isPartOf":{"@id":"https:\/\/www.interiman-group.ch\/it\/#website"},"primaryImageOfPage":{"@id":"https:\/\/www.interiman-group.ch\/it\/in-che-modo-gpp-sviluppa-lespace-mittelland\/#primaryimage"},"image":{"@id":"https:\/\/www.interiman-group.ch\/it\/in-che-modo-gpp-sviluppa-lespace-mittelland\/#primaryimage"},"thumbnailUrl":"https:\/\/www.interiman-group.ch\/wp-content\/uploads\/2022\/12\/AdobeStock_290681032.jpg","datePublished":"2020-06-18T22:00:00+00:00","dateModified":"2023-01-06T08:58:48+00:00","breadcrumb":{"@id":"https:\/\/www.interiman-group.ch\/it\/in-che-modo-gpp-sviluppa-lespace-mittelland\/#breadcrumb"},"inLanguage":"it-IT","potentialAction":[{"@type":"ReadAction","target":["https:\/\/www.interiman-group.ch\/it\/in-che-modo-gpp-sviluppa-lespace-mittelland\/"]}]},{"@type":"ImageObject","inLanguage":"it-IT","@id":"https:\/\/www.interiman-group.ch\/it\/in-che-modo-gpp-sviluppa-lespace-mittelland\/#primaryimage","url":"https:\/\/www.interiman-group.ch\/wp-content\/uploads\/2022\/12\/AdobeStock_290681032.jpg","contentUrl":"https:\/\/www.interiman-group.ch\/wp-content\/uploads\/2022\/12\/AdobeStock_290681032.jpg","width":1920,"height":1280},{"@type":"BreadcrumbList","@id":"https:\/\/www.interiman-group.ch\/it\/in-che-modo-gpp-sviluppa-lespace-mittelland\/#breadcrumb","itemListElement":[{"@type":"ListItem","position":1,"name":"Accueil","item":"https:\/\/www.interiman-group.ch\/it\/"},{"@type":"ListItem","position":2,"name":"In che modo GPP sviluppa l\u2019Espace Mittelland"}]},{"@type":"WebSite","@id":"https:\/\/www.interiman-group.ch\/it\/#website","url":"https:\/\/www.interiman-group.ch\/it\/","name":"Interiman Group","description":"","publisher":{"@id":"https:\/\/www.interiman-group.ch\/it\/#organization"},"potentialAction":[{"@type":"SearchAction","target":{"@type":"EntryPoint","urlTemplate":"https:\/\/www.interiman-group.ch\/it\/?s={search_term_string}"},"query-input":{"@type":"PropertyValueSpecification","valueRequired":true,"valueName":"search_term_string"}}],"inLanguage":"it-IT"},{"@type":"Organization","@id":"https:\/\/www.interiman-group.ch\/it\/#organization","name":"Interiman Group","url":"https:\/\/www.interiman-group.ch\/it\/","logo":{"@type":"ImageObject","inLanguage":"it-IT","@id":"https:\/\/www.interiman-group.ch\/it\/#\/schema\/logo\/image\/","url":"https:\/\/www.interiman-group.ch\/wp-content\/uploads\/2022\/10\/igs-nav.png","contentUrl":"https:\/\/www.interiman-group.ch\/wp-content\/uploads\/2022\/10\/igs-nav.png","width":157,"height":62,"caption":"Interiman Group"},"image":{"@id":"https:\/\/www.interiman-group.ch\/it\/#\/schema\/logo\/image\/"},"sameAs":["https:\/\/www.facebook.com\/Medicalis-1737325559702106\/","https:\/\/www.linkedin.com\/company\/19057976\/"]},{"@type":"Person","@id":"https:\/\/www.interiman-group.ch\/it\/#\/schema\/person\/6d4536c0fadd9a53bb7844aa8bc173de","name":"mabbet","image":{"@type":"ImageObject","inLanguage":"it-IT","@id":"https:\/\/www.interiman-group.ch\/it\/#\/schema\/person\/image\/","url":"https:\/\/secure.gravatar.com\/avatar\/c9b8558dd936c0aabcc45d180fce99dccde96ff74ab27f8bbd6345c035cac21d?s=96&d=mm&r=g","contentUrl":"https:\/\/secure.gravatar.com\/avatar\/c9b8558dd936c0aabcc45d180fce99dccde96ff74ab27f8bbd6345c035cac21d?s=96&d=mm&r=g","caption":"mabbet"},"url":"https:\/\/www.interiman-group.ch\/it\/author\/mabbet\/"}]}},"_links":{"self":[{"href":"https:\/\/www.interiman-group.ch\/it\/wp-json\/wp\/v2\/posts\/1257746","targetHints":{"allow":["GET"]}}],"collection":[{"href":"https:\/\/www.interiman-group.ch\/it\/wp-json\/wp\/v2\/posts"}],"about":[{"href":"https:\/\/www.interiman-group.ch\/it\/wp-json\/wp\/v2\/types\/post"}],"author":[{"embeddable":true,"href":"https:\/\/www.interiman-group.ch\/it\/wp-json\/wp\/v2\/users\/3"}],"replies":[{"embeddable":true,"href":"https:\/\/www.interiman-group.ch\/it\/wp-json\/wp\/v2\/comments?post=1257746"}],"version-history":[{"count":1,"href":"https:\/\/www.interiman-group.ch\/it\/wp-json\/wp\/v2\/posts\/1257746\/revisions"}],"predecessor-version":[{"id":1258431,"href":"https:\/\/www.interiman-group.ch\/it\/wp-json\/wp\/v2\/posts\/1257746\/revisions\/1258431"}],"wp:featuredmedia":[{"embeddable":true,"href":"https:\/\/www.interiman-group.ch\/it\/wp-json\/wp\/v2\/media\/1258259"}],"wp:attachment":[{"href":"https:\/\/www.interiman-group.ch\/it\/wp-json\/wp\/v2\/media?parent=1257746"}],"wp:term":[{"taxonomy":"category","embeddable":true,"href":"https:\/\/www.interiman-group.ch\/it\/wp-json\/wp\/v2\/categories?post=1257746"},{"taxonomy":"post_tag","embeddable":true,"href":"https:\/\/www.interiman-group.ch\/it\/wp-json\/wp\/v2\/tags?post=1257746"}],"curies":[{"name":"wp","href":"https:\/\/api.w.org\/{rel}","templated":true}]}}