{"id":1257748,"date":"2020-11-23T00:00:00","date_gmt":"2020-11-22T23:00:00","guid":{"rendered":"https:\/\/www.interiman-group.ch\/sps-switzerland-payroll-services-in-difesa-del-portage-salarial\/"},"modified":"2023-01-06T09:28:08","modified_gmt":"2023-01-06T08:28:08","slug":"sps-switzerland-payroll-services-in-difesa-del-portage-salarial","status":"publish","type":"post","link":"https:\/\/www.interiman-group.ch\/it\/sps-switzerland-payroll-services-in-difesa-del-portage-salarial\/","title":{"rendered":"SPS &#8211; Switzerland Payroll Services: in difesa del portage salarial"},"content":{"rendered":"\n<p><em><strong>Mentre in Francia, nel Regno Unito o negli Stati Uniti il portage salarial \u00e8 riconosciuto a pieno titolo, ci\u00f2 non avviene in Svizzera, dove la pratica \u00e8 disciplinata dalla Legge federale sul collocamento e il personale a prestito (LC). Con la creazione di SPS &#8211; Switzerland Payroll Services SA, Interiman Group intende promuovere questa formula forte di molti vantaggi, sia per i dipendenti che per i datori di lavoro, come spiega David Saxod, direttore della nuova struttura.<\/strong><\/em><\/p>\n\n\n<p>Si tratta di una figura ben conosciuta di Interiman Group a Ginevra. Direttore regionale per il settore terziario, David Saxod \u00e8 entrato a far parte del gruppo nel 2009 come consulente, grazie ad un percorso multidisciplinare che lo ha portato a Vancouver, in Canada, dove si \u00e8 specializzato in marketing dopo gli studi in gestione aziendale. Fine conoscitore del tessuto economico locale, oltre a essere imbevuto della filosofia del marchio all&#8217;interno del quale ha scalato tutti i livelli, Saxod, nativo di Annecy, sta ora affrontando una duplice sfida. Da un lato, ha assunto la direzione di SPS &#8211; Switzerland Payroll Services, la societ\u00e0 di <em>portage salarial<\/em> istituita quest&#8217;estate da Interiman Group; dall&#8217;altro si \u00e8 posto l&#8217;obiettivo di promuovere una formula ancora relativamente sconosciuta in Svizzera, ma destinata secondo numerosi esperti a un brillante futuro.<\/p>\n<p><u>Risparmio di tempo e denaro<\/u><\/p>\n<p>Cos&#8217;\u00e8 il <em>portage salarial<\/em>? Se dovessimo definire il concetto in poche parole, potremmo dire che \u00e8 un rapporto tripartito tra un lavoratore autonomo, un cliente e un&#8217;azienda che offre servizi di <em>portage salarial<\/em>. In parole povere, la formula consente a lavoratori autonomi di beneficiare di servizi solitamente riservati ai dipendenti (assicurazione contro la disoccupazione, Legge federale sulla previdenza professionale, ecc.), offrendo al contempo alle aziende che incaricano collaboratori esterni la garanzia di essere in regola con la legge. Per fare ci\u00f2, il lavoratore autonomo accetta di essere &#8220;portato&#8221; da una societ\u00e0 terza, in questo caso SPS &#8211; Svizzera Payroll Services, che calcola una tariffa oraria, corrisposta a titolo di stipendio, sulla base dell&#8217;incarico negoziato direttamente dal libero professionista con il suo cliente.<\/p>\n<p>\u201cDal fatturato deduciamo una commissione forfettaria del 5%, che copre tutti i nostri servizi e ci consente poi di determinare l&#8217;importo da cui vengono detratti gli oneri sociali. Il vantaggio? Consente di risparmiare sia sui costi di gestione che in termini di tempo, in quanto le operazioni amministrative possono rappresentare fino al 20% dell&#8217;attivit\u00e0 di un lavoratore autonomo. Grazie al <em>portage<\/em>, quest&#8217;ultimo \u00e8 in grado di dedicarsi interamente alla ricerca e all&#8217;esecuzione degli incarichi&#8221;, spiega David Saxod. Ci\u00f2 permette inoltre al libero professionista di percepire, se del caso, delle indennit\u00e0 di disoccupazione, esonerandolo dalle formalit\u00e0 necessarie per ottenere lo status di lavoratore autonomo, soggetto a determinate condizioni.&nbsp;<\/p>\n<p>Qual \u00e8 il profilo tipico di chi utilizza i servizi di SPS &#8211; Switzerland Payroll Services? I settori di attivit\u00e0 maggiormente rappresentati sono l&#8217;informatica, la finanza, la catena di approvvigionamento o ancora la ricerca e lo sviluppo, tutte attivit\u00e0 ad alto valore aggiunto nel settore terziario, il pi\u00f9 delle volte svolte da liberi professionisti esperti.<\/p>\n<p><u>Sicurezza e flessibilit\u00e0<\/u><\/p>\n<p>Mentre in Francia, nel Regno Unito o negli Stati Uniti il <em>portage salarial<\/em> \u00e8 riconosciuto a pieno titolo, ci\u00f2 non avviene in Svizzera. \u201cDa noi \u00e8 disciplinato dalla Legge federale sul collocamento e il personale a prestito (LC), che lo assimila di fatto alla sfera di attivit\u00e0 di gruppi come il nostro. Tuttavia, la mia ambizione a lungo termine \u00e8 quella di far riconoscere pienamente questo status. Si tratterebbe di un modo per promuovere la comunit\u00e0 dei lavoratori autonomi, assai forte in Svizzera, sebbene relativamente discreta, soprattutto quando si tratta di difendere i propri interessi&#8221;.<\/p>\n<p class=\"ql-align-justify\"><span style=\"font-size: inherit;\">Pi\u00f9 in generale, il direttore di SPS &#8211; Switzerland Payroll Services ritiene che il <em>portage salarial<\/em> rappresenti un modello del futuro. A suo avviso corrisponde infatti alle aspirazioni di una nuova generazione di lavoratori che attribuisce grande importanza alla libert\u00e0, ma che non vuole tralasciare il fronte della previdenza. \u201cIl fatto di beneficiare delle coperture sociali di un dipendente pur mantenendo il controllo dei propri incarichi rende questa formula particolarmente allettante. \u00c8, in altre parole, un modo per combinare sicurezza e flessibilit\u00e0&#8221;. <\/span><\/p>","protected":false},"excerpt":{"rendered":"<p>Mentre in Francia, nel Regno Unito o negli Stati Uniti il portage salarial \u00e8 riconosciuto a pieno titolo, ci\u00f2 non avviene in Svizzera, dove la pratica \u00e8 disciplinata dalla Legge federale sul collocamento e il personale a prestito (LC). Con la creazione di SPS &#8211; Switzerland Payroll Services SA, Interiman Group intende promuovere questa formula [&#8230;]<\/p>\n<p><a class=\"btn btn-secondary understrap-read-more-link\" href=\"https:\/\/www.interiman-group.ch\/it\/sps-switzerland-payroll-services-in-difesa-del-portage-salarial\/\">Leggi tutto&#8230;<span class=\"screen-reader-text\"> from SPS &#8211; Switzerland Payroll Services: in difesa del portage salarial<\/span><\/a><\/p>\n","protected":false},"author":3,"featured_media":1258243,"comment_status":"closed","ping_status":"open","sticky":false,"template":"","format":"standard","meta":{"_monsterinsights_skip_tracking":false,"_monsterinsights_sitenote_active":false,"_monsterinsights_sitenote_note":"","_monsterinsights_sitenote_category":0,"footnotes":""},"categories":[117],"tags":[161],"class_list":["post-1257748","post","type-post","status-publish","format-standard","has-post-thumbnail","hentry","category-news-it","tag-sps-it"],"yoast_head":"<!-- This site is optimized with the Yoast SEO plugin v26.9 - https:\/\/yoast.com\/product\/yoast-seo-wordpress\/ -->\n<title>SPS - Switzerland Payroll Services: in difesa del portage salarial - Interiman Group<\/title>\n<meta name=\"robots\" content=\"index, follow, max-snippet:-1, max-image-preview:large, max-video-preview:-1\" \/>\n<link rel=\"canonical\" href=\"https:\/\/www.interiman-group.ch\/it\/sps-switzerland-payroll-services-in-difesa-del-portage-salarial\/\" \/>\n<meta property=\"og:locale\" content=\"it_IT\" \/>\n<meta property=\"og:type\" content=\"article\" \/>\n<meta property=\"og:title\" content=\"SPS - Switzerland Payroll Services: in difesa del portage salarial - Interiman Group\" \/>\n<meta property=\"og:description\" content=\"Mentre in Francia, nel Regno Unito o negli Stati Uniti il portage salarial \u00e8 riconosciuto a pieno titolo, ci\u00f2 non avviene in Svizzera, dove la pratica \u00e8 disciplinata dalla Legge federale sul collocamento e il personale a prestito (LC). Con la creazione di SPS &#8211; Switzerland Payroll Services SA, Interiman Group intende promuovere questa formula [...]Leggi tutto... from SPS &#8211; Switzerland Payroll Services: in difesa del portage salarial\" \/>\n<meta property=\"og:url\" content=\"https:\/\/www.interiman-group.ch\/it\/sps-switzerland-payroll-services-in-difesa-del-portage-salarial\/\" \/>\n<meta property=\"og:site_name\" content=\"Interiman Group\" \/>\n<meta property=\"article:publisher\" content=\"https:\/\/www.facebook.com\/Medicalis-1737325559702106\/\" \/>\n<meta property=\"article:published_time\" content=\"2020-11-22T23:00:00+00:00\" \/>\n<meta property=\"article:modified_time\" content=\"2023-01-06T08:28:08+00:00\" \/>\n<meta property=\"og:image\" content=\"https:\/\/www.interiman-group.ch\/wp-content\/uploads\/2022\/12\/AdobeStock_185164574.jpg\" \/>\n\t<meta property=\"og:image:width\" content=\"1920\" \/>\n\t<meta property=\"og:image:height\" content=\"1280\" \/>\n\t<meta property=\"og:image:type\" content=\"image\/jpeg\" \/>\n<meta name=\"author\" content=\"mabbet\" \/>\n<meta name=\"twitter:card\" content=\"summary_large_image\" \/>\n<meta name=\"twitter:label1\" content=\"Scritto da\" \/>\n\t<meta name=\"twitter:data1\" content=\"mabbet\" \/>\n\t<meta name=\"twitter:label2\" content=\"Tempo di lettura stimato\" \/>\n\t<meta name=\"twitter:data2\" content=\"4 minuti\" \/>\n<script type=\"application\/ld+json\" class=\"yoast-schema-graph\">{\"@context\":\"https:\/\/schema.org\",\"@graph\":[{\"@type\":\"Article\",\"@id\":\"https:\/\/www.interiman-group.ch\/it\/sps-switzerland-payroll-services-in-difesa-del-portage-salarial\/#article\",\"isPartOf\":{\"@id\":\"https:\/\/www.interiman-group.ch\/it\/sps-switzerland-payroll-services-in-difesa-del-portage-salarial\/\"},\"author\":{\"name\":\"mabbet\",\"@id\":\"https:\/\/www.interiman-group.ch\/it\/#\/schema\/person\/6d4536c0fadd9a53bb7844aa8bc173de\"},\"headline\":\"SPS &#8211; Switzerland Payroll Services: in difesa del portage salarial\",\"datePublished\":\"2020-11-22T23:00:00+00:00\",\"dateModified\":\"2023-01-06T08:28:08+00:00\",\"mainEntityOfPage\":{\"@id\":\"https:\/\/www.interiman-group.ch\/it\/sps-switzerland-payroll-services-in-difesa-del-portage-salarial\/\"},\"wordCount\":687,\"publisher\":{\"@id\":\"https:\/\/www.interiman-group.ch\/it\/#organization\"},\"image\":{\"@id\":\"https:\/\/www.interiman-group.ch\/it\/sps-switzerland-payroll-services-in-difesa-del-portage-salarial\/#primaryimage\"},\"thumbnailUrl\":\"https:\/\/www.interiman-group.ch\/wp-content\/uploads\/2022\/12\/AdobeStock_185164574.jpg\",\"keywords\":[\"SPS\"],\"articleSection\":[\"Notizie\"],\"inLanguage\":\"it-IT\"},{\"@type\":\"WebPage\",\"@id\":\"https:\/\/www.interiman-group.ch\/it\/sps-switzerland-payroll-services-in-difesa-del-portage-salarial\/\",\"url\":\"https:\/\/www.interiman-group.ch\/it\/sps-switzerland-payroll-services-in-difesa-del-portage-salarial\/\",\"name\":\"SPS - Switzerland Payroll Services: in difesa del portage salarial - Interiman Group\",\"isPartOf\":{\"@id\":\"https:\/\/www.interiman-group.ch\/it\/#website\"},\"primaryImageOfPage\":{\"@id\":\"https:\/\/www.interiman-group.ch\/it\/sps-switzerland-payroll-services-in-difesa-del-portage-salarial\/#primaryimage\"},\"image\":{\"@id\":\"https:\/\/www.interiman-group.ch\/it\/sps-switzerland-payroll-services-in-difesa-del-portage-salarial\/#primaryimage\"},\"thumbnailUrl\":\"https:\/\/www.interiman-group.ch\/wp-content\/uploads\/2022\/12\/AdobeStock_185164574.jpg\",\"datePublished\":\"2020-11-22T23:00:00+00:00\",\"dateModified\":\"2023-01-06T08:28:08+00:00\",\"breadcrumb\":{\"@id\":\"https:\/\/www.interiman-group.ch\/it\/sps-switzerland-payroll-services-in-difesa-del-portage-salarial\/#breadcrumb\"},\"inLanguage\":\"it-IT\",\"potentialAction\":[{\"@type\":\"ReadAction\",\"target\":[\"https:\/\/www.interiman-group.ch\/it\/sps-switzerland-payroll-services-in-difesa-del-portage-salarial\/\"]}]},{\"@type\":\"ImageObject\",\"inLanguage\":\"it-IT\",\"@id\":\"https:\/\/www.interiman-group.ch\/it\/sps-switzerland-payroll-services-in-difesa-del-portage-salarial\/#primaryimage\",\"url\":\"https:\/\/www.interiman-group.ch\/wp-content\/uploads\/2022\/12\/AdobeStock_185164574.jpg\",\"contentUrl\":\"https:\/\/www.interiman-group.ch\/wp-content\/uploads\/2022\/12\/AdobeStock_185164574.jpg\",\"width\":1920,\"height\":1280},{\"@type\":\"BreadcrumbList\",\"@id\":\"https:\/\/www.interiman-group.ch\/it\/sps-switzerland-payroll-services-in-difesa-del-portage-salarial\/#breadcrumb\",\"itemListElement\":[{\"@type\":\"ListItem\",\"position\":1,\"name\":\"Accueil\",\"item\":\"https:\/\/www.interiman-group.ch\/it\/\"},{\"@type\":\"ListItem\",\"position\":2,\"name\":\"SPS &#8211; Switzerland Payroll Services: in difesa del portage salarial\"}]},{\"@type\":\"WebSite\",\"@id\":\"https:\/\/www.interiman-group.ch\/it\/#website\",\"url\":\"https:\/\/www.interiman-group.ch\/it\/\",\"name\":\"Interiman Group\",\"description\":\"\",\"publisher\":{\"@id\":\"https:\/\/www.interiman-group.ch\/it\/#organization\"},\"potentialAction\":[{\"@type\":\"SearchAction\",\"target\":{\"@type\":\"EntryPoint\",\"urlTemplate\":\"https:\/\/www.interiman-group.ch\/it\/?s={search_term_string}\"},\"query-input\":{\"@type\":\"PropertyValueSpecification\",\"valueRequired\":true,\"valueName\":\"search_term_string\"}}],\"inLanguage\":\"it-IT\"},{\"@type\":\"Organization\",\"@id\":\"https:\/\/www.interiman-group.ch\/it\/#organization\",\"name\":\"Interiman Group\",\"url\":\"https:\/\/www.interiman-group.ch\/it\/\",\"logo\":{\"@type\":\"ImageObject\",\"inLanguage\":\"it-IT\",\"@id\":\"https:\/\/www.interiman-group.ch\/it\/#\/schema\/logo\/image\/\",\"url\":\"https:\/\/www.interiman-group.ch\/wp-content\/uploads\/2022\/10\/igs-nav.png\",\"contentUrl\":\"https:\/\/www.interiman-group.ch\/wp-content\/uploads\/2022\/10\/igs-nav.png\",\"width\":157,\"height\":62,\"caption\":\"Interiman Group\"},\"image\":{\"@id\":\"https:\/\/www.interiman-group.ch\/it\/#\/schema\/logo\/image\/\"},\"sameAs\":[\"https:\/\/www.facebook.com\/Medicalis-1737325559702106\/\",\"https:\/\/www.linkedin.com\/company\/19057976\/\"]},{\"@type\":\"Person\",\"@id\":\"https:\/\/www.interiman-group.ch\/it\/#\/schema\/person\/6d4536c0fadd9a53bb7844aa8bc173de\",\"name\":\"mabbet\",\"image\":{\"@type\":\"ImageObject\",\"inLanguage\":\"it-IT\",\"@id\":\"https:\/\/www.interiman-group.ch\/it\/#\/schema\/person\/image\/\",\"url\":\"https:\/\/secure.gravatar.com\/avatar\/c9b8558dd936c0aabcc45d180fce99dccde96ff74ab27f8bbd6345c035cac21d?s=96&d=mm&r=g\",\"contentUrl\":\"https:\/\/secure.gravatar.com\/avatar\/c9b8558dd936c0aabcc45d180fce99dccde96ff74ab27f8bbd6345c035cac21d?s=96&d=mm&r=g\",\"caption\":\"mabbet\"},\"url\":\"https:\/\/www.interiman-group.ch\/it\/author\/mabbet\/\"}]}<\/script>\n<!-- \/ Yoast SEO plugin. -->","yoast_head_json":{"title":"SPS - Switzerland Payroll Services: in difesa del portage salarial - Interiman Group","robots":{"index":"index","follow":"follow","max-snippet":"max-snippet:-1","max-image-preview":"max-image-preview:large","max-video-preview":"max-video-preview:-1"},"canonical":"https:\/\/www.interiman-group.ch\/it\/sps-switzerland-payroll-services-in-difesa-del-portage-salarial\/","og_locale":"it_IT","og_type":"article","og_title":"SPS - Switzerland Payroll Services: in difesa del portage salarial - Interiman Group","og_description":"Mentre in Francia, nel Regno Unito o negli Stati Uniti il portage salarial \u00e8 riconosciuto a pieno titolo, ci\u00f2 non avviene in Svizzera, dove la pratica \u00e8 disciplinata dalla Legge federale sul collocamento e il personale a prestito (LC). Con la creazione di SPS &#8211; Switzerland Payroll Services SA, Interiman Group intende promuovere questa formula [...]Leggi tutto... from SPS &#8211; Switzerland Payroll Services: in difesa del portage salarial","og_url":"https:\/\/www.interiman-group.ch\/it\/sps-switzerland-payroll-services-in-difesa-del-portage-salarial\/","og_site_name":"Interiman Group","article_publisher":"https:\/\/www.facebook.com\/Medicalis-1737325559702106\/","article_published_time":"2020-11-22T23:00:00+00:00","article_modified_time":"2023-01-06T08:28:08+00:00","og_image":[{"width":1920,"height":1280,"url":"https:\/\/www.interiman-group.ch\/wp-content\/uploads\/2022\/12\/AdobeStock_185164574.jpg","type":"image\/jpeg"}],"author":"mabbet","twitter_card":"summary_large_image","twitter_misc":{"Scritto da":"mabbet","Tempo di lettura stimato":"4 minuti"},"schema":{"@context":"https:\/\/schema.org","@graph":[{"@type":"Article","@id":"https:\/\/www.interiman-group.ch\/it\/sps-switzerland-payroll-services-in-difesa-del-portage-salarial\/#article","isPartOf":{"@id":"https:\/\/www.interiman-group.ch\/it\/sps-switzerland-payroll-services-in-difesa-del-portage-salarial\/"},"author":{"name":"mabbet","@id":"https:\/\/www.interiman-group.ch\/it\/#\/schema\/person\/6d4536c0fadd9a53bb7844aa8bc173de"},"headline":"SPS &#8211; Switzerland Payroll Services: in difesa del portage salarial","datePublished":"2020-11-22T23:00:00+00:00","dateModified":"2023-01-06T08:28:08+00:00","mainEntityOfPage":{"@id":"https:\/\/www.interiman-group.ch\/it\/sps-switzerland-payroll-services-in-difesa-del-portage-salarial\/"},"wordCount":687,"publisher":{"@id":"https:\/\/www.interiman-group.ch\/it\/#organization"},"image":{"@id":"https:\/\/www.interiman-group.ch\/it\/sps-switzerland-payroll-services-in-difesa-del-portage-salarial\/#primaryimage"},"thumbnailUrl":"https:\/\/www.interiman-group.ch\/wp-content\/uploads\/2022\/12\/AdobeStock_185164574.jpg","keywords":["SPS"],"articleSection":["Notizie"],"inLanguage":"it-IT"},{"@type":"WebPage","@id":"https:\/\/www.interiman-group.ch\/it\/sps-switzerland-payroll-services-in-difesa-del-portage-salarial\/","url":"https:\/\/www.interiman-group.ch\/it\/sps-switzerland-payroll-services-in-difesa-del-portage-salarial\/","name":"SPS - Switzerland Payroll Services: in difesa del portage salarial - Interiman Group","isPartOf":{"@id":"https:\/\/www.interiman-group.ch\/it\/#website"},"primaryImageOfPage":{"@id":"https:\/\/www.interiman-group.ch\/it\/sps-switzerland-payroll-services-in-difesa-del-portage-salarial\/#primaryimage"},"image":{"@id":"https:\/\/www.interiman-group.ch\/it\/sps-switzerland-payroll-services-in-difesa-del-portage-salarial\/#primaryimage"},"thumbnailUrl":"https:\/\/www.interiman-group.ch\/wp-content\/uploads\/2022\/12\/AdobeStock_185164574.jpg","datePublished":"2020-11-22T23:00:00+00:00","dateModified":"2023-01-06T08:28:08+00:00","breadcrumb":{"@id":"https:\/\/www.interiman-group.ch\/it\/sps-switzerland-payroll-services-in-difesa-del-portage-salarial\/#breadcrumb"},"inLanguage":"it-IT","potentialAction":[{"@type":"ReadAction","target":["https:\/\/www.interiman-group.ch\/it\/sps-switzerland-payroll-services-in-difesa-del-portage-salarial\/"]}]},{"@type":"ImageObject","inLanguage":"it-IT","@id":"https:\/\/www.interiman-group.ch\/it\/sps-switzerland-payroll-services-in-difesa-del-portage-salarial\/#primaryimage","url":"https:\/\/www.interiman-group.ch\/wp-content\/uploads\/2022\/12\/AdobeStock_185164574.jpg","contentUrl":"https:\/\/www.interiman-group.ch\/wp-content\/uploads\/2022\/12\/AdobeStock_185164574.jpg","width":1920,"height":1280},{"@type":"BreadcrumbList","@id":"https:\/\/www.interiman-group.ch\/it\/sps-switzerland-payroll-services-in-difesa-del-portage-salarial\/#breadcrumb","itemListElement":[{"@type":"ListItem","position":1,"name":"Accueil","item":"https:\/\/www.interiman-group.ch\/it\/"},{"@type":"ListItem","position":2,"name":"SPS &#8211; Switzerland Payroll Services: in difesa del portage salarial"}]},{"@type":"WebSite","@id":"https:\/\/www.interiman-group.ch\/it\/#website","url":"https:\/\/www.interiman-group.ch\/it\/","name":"Interiman Group","description":"","publisher":{"@id":"https:\/\/www.interiman-group.ch\/it\/#organization"},"potentialAction":[{"@type":"SearchAction","target":{"@type":"EntryPoint","urlTemplate":"https:\/\/www.interiman-group.ch\/it\/?s={search_term_string}"},"query-input":{"@type":"PropertyValueSpecification","valueRequired":true,"valueName":"search_term_string"}}],"inLanguage":"it-IT"},{"@type":"Organization","@id":"https:\/\/www.interiman-group.ch\/it\/#organization","name":"Interiman Group","url":"https:\/\/www.interiman-group.ch\/it\/","logo":{"@type":"ImageObject","inLanguage":"it-IT","@id":"https:\/\/www.interiman-group.ch\/it\/#\/schema\/logo\/image\/","url":"https:\/\/www.interiman-group.ch\/wp-content\/uploads\/2022\/10\/igs-nav.png","contentUrl":"https:\/\/www.interiman-group.ch\/wp-content\/uploads\/2022\/10\/igs-nav.png","width":157,"height":62,"caption":"Interiman Group"},"image":{"@id":"https:\/\/www.interiman-group.ch\/it\/#\/schema\/logo\/image\/"},"sameAs":["https:\/\/www.facebook.com\/Medicalis-1737325559702106\/","https:\/\/www.linkedin.com\/company\/19057976\/"]},{"@type":"Person","@id":"https:\/\/www.interiman-group.ch\/it\/#\/schema\/person\/6d4536c0fadd9a53bb7844aa8bc173de","name":"mabbet","image":{"@type":"ImageObject","inLanguage":"it-IT","@id":"https:\/\/www.interiman-group.ch\/it\/#\/schema\/person\/image\/","url":"https:\/\/secure.gravatar.com\/avatar\/c9b8558dd936c0aabcc45d180fce99dccde96ff74ab27f8bbd6345c035cac21d?s=96&d=mm&r=g","contentUrl":"https:\/\/secure.gravatar.com\/avatar\/c9b8558dd936c0aabcc45d180fce99dccde96ff74ab27f8bbd6345c035cac21d?s=96&d=mm&r=g","caption":"mabbet"},"url":"https:\/\/www.interiman-group.ch\/it\/author\/mabbet\/"}]}},"_links":{"self":[{"href":"https:\/\/www.interiman-group.ch\/it\/wp-json\/wp\/v2\/posts\/1257748","targetHints":{"allow":["GET"]}}],"collection":[{"href":"https:\/\/www.interiman-group.ch\/it\/wp-json\/wp\/v2\/posts"}],"about":[{"href":"https:\/\/www.interiman-group.ch\/it\/wp-json\/wp\/v2\/types\/post"}],"author":[{"embeddable":true,"href":"https:\/\/www.interiman-group.ch\/it\/wp-json\/wp\/v2\/users\/3"}],"replies":[{"embeddable":true,"href":"https:\/\/www.interiman-group.ch\/it\/wp-json\/wp\/v2\/comments?post=1257748"}],"version-history":[{"count":1,"href":"https:\/\/www.interiman-group.ch\/it\/wp-json\/wp\/v2\/posts\/1257748\/revisions"}],"predecessor-version":[{"id":1258418,"href":"https:\/\/www.interiman-group.ch\/it\/wp-json\/wp\/v2\/posts\/1257748\/revisions\/1258418"}],"wp:featuredmedia":[{"embeddable":true,"href":"https:\/\/www.interiman-group.ch\/it\/wp-json\/wp\/v2\/media\/1258243"}],"wp:attachment":[{"href":"https:\/\/www.interiman-group.ch\/it\/wp-json\/wp\/v2\/media?parent=1257748"}],"wp:term":[{"taxonomy":"category","embeddable":true,"href":"https:\/\/www.interiman-group.ch\/it\/wp-json\/wp\/v2\/categories?post=1257748"},{"taxonomy":"post_tag","embeddable":true,"href":"https:\/\/www.interiman-group.ch\/it\/wp-json\/wp\/v2\/tags?post=1257748"}],"curies":[{"name":"wp","href":"https:\/\/api.w.org\/{rel}","templated":true}]}}