{"id":1257755,"date":"2021-02-08T00:00:00","date_gmt":"2021-02-07T23:00:00","guid":{"rendered":"https:\/\/www.interiman-group.ch\/thomas-deburggraeve-nominato-business-units-director\/"},"modified":"2023-01-05T16:43:16","modified_gmt":"2023-01-05T15:43:16","slug":"thomas-deburggraeve-nominato-business-units-director","status":"publish","type":"post","link":"https:\/\/www.interiman-group.ch\/it\/thomas-deburggraeve-nominato-business-units-director\/","title":{"rendered":"Thomas Deburggraeve nominato Business Units Director"},"content":{"rendered":"<p class=\"ql-align-justify\"><em>Dopo aver lanciato nel 2017 TACK TMI International (Switzerland) in qualit\u00e0 di direttore generale, Thomas Deburggraeve \u00e8 stato di recente nominato Business Units Director. Nell&#8217;ambito del suo nuovo ruolo, sovrintende ora a tutte le attivit\u00e0 del Gruppo Interiman nel settore terziario. I suoi principali obiettivi? Supportare i team e creare sinergie tra i diversi marchi del gruppo, sviluppando servizi innovativi.<\/em><\/p>\n<p class=\"ql-align-justify\">&nbsp;<\/p>\n<p class=\"ql-align-justify\"><strong>Thomas Deburggraeve, lei ricopre dal 1<\/strong><sup><strong>\u00b0<\/strong><\/sup><strong> ottobre??2020 la carica di Business Units Director, appena creata all&#8217;interno di Interiman Group. In cosa consiste la sua missione? <\/strong><\/p>\n<p class=\"ql-align-justify\">Il mio ruolo \u00e8 quello di sovrintendere alle attivit\u00e0 del gruppo nel settore terziario. Fino ad oggi, i responsabili dei vari marchi riferivano direttamente al CEO Robin Gordon, ma il rapido sviluppo delle nostre attivit\u00e0 ha richiesto un profondo ripensamento della nostra organizzazione. Queste riflessioni hanno portato alla creazione di un nuovo polo terziario, di cui ho avuto l&#8217;opportunit\u00e0 di assumere la direzione, e che comprende sei entit\u00e0: Interiman, Albedis, Arobase, Finansys, TACK TMI International (Switzerland) e SPS-Switzerland Payroll Services.<\/p>\n<p class=\"ql-align-justify\">&nbsp;<\/p>\n<p class=\"ql-align-justify\"><strong>Quali sono i suoi compiti?<\/strong><\/p>\n<p class=\"ql-align-justify\">A me spetta supportare i team nell&#8217;implementazione della loro strategia commerciale e nel raggiungimento dei loro obiettivi, creando interessanti sinergie tra i marchi in questione. Sebbene questi ultimi lavorino a stretto contatto gi\u00e0 da molto tempo, siamo convinti di avere ulteriori margini di miglioramento. Fin dalla sua creazione, Interiman Group si \u00e8 concentrato sulla specializzazione, incentrando ciascuna delle sue entit\u00e0 su un particolare settore di attivit\u00e0. Bench\u00e9 questo approccio dedicato sia gi\u00e0 conosciuto e apprezzato dai nostri clienti, era per noi altrettanto importante ricordare a tutti che offriamo un approccio olistico. In parole povere, il nostro campo d&#8217;azione particolarmente ampio e la diversit\u00e0 dei nostri servizi fanno s\u00ec che possiamo soddisfare tutte le esigenze delle aziende, mettendo a disposizione le nostre risorse.<\/p>\n<p class=\"ql-align-justify\">&nbsp;<\/p>\n<p class=\"ql-align-justify\"><strong>Ha intenzione di lanciare nuovi servizi?<\/strong><\/p>\n<p class=\"ql-align-justify\">Stiamo per potenziare la nostra offerta RPO (Recruitment Process Outsourcing), in base alla quale le aziende ci affidano la responsabilit\u00e0 di reclutare alcuni profili complessi o che rappresentano grandi volumi. Il vantaggio per loro \u00e8 di poter contare stabilmente su consulenti qualificati e su professionisti specializzati nel proprio settore di attivit\u00e0, oltre che di beneficiare di una strategia di sourcing in grado di attrarre candidati con un profilo ritagliato su misura, che evita carenze di manodopera qualificata. Si tratta di un modello ampiamente diffuso in Asia, ma che in Europa \u00e8 ancora appannaggio di aziende di grandi dimensioni. Il nostro obiettivo \u00e8 di diffonderlo presso le aziende nostre clienti in parallelo a un&#8217;altra formula, quella dell&#8217;MSP (Master Supplier Provider).<\/p>\n<p class=\"ql-align-justify\">&nbsp;<\/p>\n<p class=\"ql-align-justify\"><strong>Di cosa si tratta?<\/strong><\/p>\n<p class=\"ql-align-justify\">\u00c8 un modello interessante, che si applica quando un&#8217;azienda lavora con diversi fornitori di servizi e necessita di un partner per coordinarne le azioni. Molti marchi di Interiman Group offrono gi\u00e0 il RPO e il MSP, in particolare a Procter &amp; Gamble, Palexpo e diverse altre istituzioni di Ginevra, presso cui non solo reclutiamo profili specifici (RPO), ma coordiniamo anche servizi forniti da terze parti (MSP). Gi\u00e0 ben consolidati all&#8217;interno della nostra rete, in futuro questi servizi saranno offerti ancora pi\u00f9 attivamente, in quanto rispondono alle esigenze dei nostri clienti in termini di flessibilit\u00e0, qualit\u00e0 e rapidit\u00e0.<\/p>\n<p class=\"ql-align-justify\">&nbsp;<\/p>\n<p class=\"ql-align-justify\"><strong>Un&#8217;ultima osservazione su TACK TMI International (Switzerland), di cui ha partecipato al lancio sul mercato svizzero nel 2017. Il marchio da lei diretto \u00e8 sulla buona strada? <\/strong><\/p>\n<p class=\"ql-align-justify\">Abbiamo effettivamente raggiunto gli obiettivi che ci eravamo prefissati poco pi\u00f9 di tre anni fa. Per me, che ho praticato sport agonistico prima di orientarmi verso il collocamento fisso e temporaneo, si tratta soprattutto di una bellissima avventura di gruppo. Ho avuto la fortuna di essere circondato da un team di collaboratori che \u00e8 cresciuto di anno in anno. Tra questi c&#8217;\u00e8 Arnaud Kahn, che ha assunto la direzione il 1<sup>\u00b0<\/sup> ?gennaio 2021, e con il quale condivido la soddisfazione di aver articolato l&#8217;offerta formativa di TACK TMI International (Switzerland) attorno a valori a noi cari, quali performance, eccellenza e gentilezza. &nbsp;<\/p>\n","protected":false},"excerpt":{"rendered":"<p>Dopo aver lanciato nel 2017 TACK TMI International (Switzerland) in qualit\u00e0 di direttore generale, Thomas Deburggraeve \u00e8 stato di recente nominato Business Units Director. Nell&#8217;ambito del suo nuovo ruolo, sovrintende ora a tutte le attivit\u00e0 del Gruppo Interiman nel settore terziario. I suoi principali obiettivi? Supportare i team e creare sinergie tra i diversi marchi [&#8230;]<\/p>\n<p><a class=\"btn btn-secondary understrap-read-more-link\" href=\"https:\/\/www.interiman-group.ch\/it\/thomas-deburggraeve-nominato-business-units-director\/\">Leggi tutto&#8230;<span class=\"screen-reader-text\"> from Thomas Deburggraeve nominato Business Units Director<\/span><\/a><\/p>\n","protected":false},"author":3,"featured_media":1258372,"comment_status":"closed","ping_status":"open","sticky":false,"template":"","format":"standard","meta":{"_monsterinsights_skip_tracking":false,"_monsterinsights_sitenote_active":false,"_monsterinsights_sitenote_note":"","_monsterinsights_sitenote_category":0,"footnotes":""},"categories":[117],"tags":[150],"class_list":["post-1257755","post","type-post","status-publish","format-standard","has-post-thumbnail","hentry","category-news-it","tag-igs-it"],"yoast_head":"<!-- This site is optimized with the Yoast SEO plugin v26.9 - https:\/\/yoast.com\/product\/yoast-seo-wordpress\/ -->\n<title>Thomas Deburggraeve nominato Business Units Director - Interiman Group<\/title>\n<meta name=\"robots\" content=\"index, follow, max-snippet:-1, max-image-preview:large, max-video-preview:-1\" \/>\n<link rel=\"canonical\" href=\"https:\/\/www.interiman-group.ch\/it\/thomas-deburggraeve-nominato-business-units-director\/\" \/>\n<meta property=\"og:locale\" content=\"it_IT\" \/>\n<meta property=\"og:type\" content=\"article\" \/>\n<meta property=\"og:title\" content=\"Thomas Deburggraeve nominato Business Units Director - Interiman Group\" \/>\n<meta property=\"og:description\" content=\"Dopo aver lanciato nel 2017 TACK TMI International (Switzerland) in qualit\u00e0 di direttore generale, Thomas Deburggraeve \u00e8 stato di recente nominato Business Units Director. Nell&#8217;ambito del suo nuovo ruolo, sovrintende ora a tutte le attivit\u00e0 del Gruppo Interiman nel settore terziario. I suoi principali obiettivi? Supportare i team e creare sinergie tra i diversi marchi [...]Leggi tutto... from Thomas Deburggraeve nominato Business Units Director\" \/>\n<meta property=\"og:url\" content=\"https:\/\/www.interiman-group.ch\/it\/thomas-deburggraeve-nominato-business-units-director\/\" \/>\n<meta property=\"og:site_name\" content=\"Interiman Group\" \/>\n<meta property=\"article:publisher\" content=\"https:\/\/www.facebook.com\/Medicalis-1737325559702106\/\" \/>\n<meta property=\"article:published_time\" content=\"2021-02-07T23:00:00+00:00\" \/>\n<meta property=\"article:modified_time\" content=\"2023-01-05T15:43:16+00:00\" \/>\n<meta property=\"og:image\" content=\"https:\/\/www.interiman-group.ch\/wp-content\/uploads\/2021\/12\/Thomas-Deburggraeve-040.jpg\" \/>\n\t<meta property=\"og:image:width\" content=\"1000\" \/>\n\t<meta property=\"og:image:height\" content=\"667\" \/>\n\t<meta property=\"og:image:type\" content=\"image\/jpeg\" \/>\n<meta name=\"author\" content=\"mabbet\" \/>\n<meta name=\"twitter:card\" content=\"summary_large_image\" \/>\n<meta name=\"twitter:label1\" content=\"Scritto da\" \/>\n\t<meta name=\"twitter:data1\" content=\"mabbet\" \/>\n\t<meta name=\"twitter:label2\" content=\"Tempo di lettura stimato\" \/>\n\t<meta name=\"twitter:data2\" content=\"4 minuti\" \/>\n<script type=\"application\/ld+json\" class=\"yoast-schema-graph\">{\"@context\":\"https:\/\/schema.org\",\"@graph\":[{\"@type\":\"Article\",\"@id\":\"https:\/\/www.interiman-group.ch\/it\/thomas-deburggraeve-nominato-business-units-director\/#article\",\"isPartOf\":{\"@id\":\"https:\/\/www.interiman-group.ch\/it\/thomas-deburggraeve-nominato-business-units-director\/\"},\"author\":{\"name\":\"mabbet\",\"@id\":\"https:\/\/www.interiman-group.ch\/it\/#\/schema\/person\/6d4536c0fadd9a53bb7844aa8bc173de\"},\"headline\":\"Thomas Deburggraeve nominato Business Units Director\",\"datePublished\":\"2021-02-07T23:00:00+00:00\",\"dateModified\":\"2023-01-05T15:43:16+00:00\",\"mainEntityOfPage\":{\"@id\":\"https:\/\/www.interiman-group.ch\/it\/thomas-deburggraeve-nominato-business-units-director\/\"},\"wordCount\":655,\"publisher\":{\"@id\":\"https:\/\/www.interiman-group.ch\/it\/#organization\"},\"image\":{\"@id\":\"https:\/\/www.interiman-group.ch\/it\/thomas-deburggraeve-nominato-business-units-director\/#primaryimage\"},\"thumbnailUrl\":\"https:\/\/www.interiman-group.ch\/wp-content\/uploads\/2021\/12\/Thomas-Deburggraeve-040.jpg\",\"keywords\":[\"Interiman Group\"],\"articleSection\":[\"Notizie\"],\"inLanguage\":\"it-IT\"},{\"@type\":\"WebPage\",\"@id\":\"https:\/\/www.interiman-group.ch\/it\/thomas-deburggraeve-nominato-business-units-director\/\",\"url\":\"https:\/\/www.interiman-group.ch\/it\/thomas-deburggraeve-nominato-business-units-director\/\",\"name\":\"Thomas Deburggraeve nominato Business Units Director - Interiman Group\",\"isPartOf\":{\"@id\":\"https:\/\/www.interiman-group.ch\/it\/#website\"},\"primaryImageOfPage\":{\"@id\":\"https:\/\/www.interiman-group.ch\/it\/thomas-deburggraeve-nominato-business-units-director\/#primaryimage\"},\"image\":{\"@id\":\"https:\/\/www.interiman-group.ch\/it\/thomas-deburggraeve-nominato-business-units-director\/#primaryimage\"},\"thumbnailUrl\":\"https:\/\/www.interiman-group.ch\/wp-content\/uploads\/2021\/12\/Thomas-Deburggraeve-040.jpg\",\"datePublished\":\"2021-02-07T23:00:00+00:00\",\"dateModified\":\"2023-01-05T15:43:16+00:00\",\"breadcrumb\":{\"@id\":\"https:\/\/www.interiman-group.ch\/it\/thomas-deburggraeve-nominato-business-units-director\/#breadcrumb\"},\"inLanguage\":\"it-IT\",\"potentialAction\":[{\"@type\":\"ReadAction\",\"target\":[\"https:\/\/www.interiman-group.ch\/it\/thomas-deburggraeve-nominato-business-units-director\/\"]}]},{\"@type\":\"ImageObject\",\"inLanguage\":\"it-IT\",\"@id\":\"https:\/\/www.interiman-group.ch\/it\/thomas-deburggraeve-nominato-business-units-director\/#primaryimage\",\"url\":\"https:\/\/www.interiman-group.ch\/wp-content\/uploads\/2021\/12\/Thomas-Deburggraeve-040.jpg\",\"contentUrl\":\"https:\/\/www.interiman-group.ch\/wp-content\/uploads\/2021\/12\/Thomas-Deburggraeve-040.jpg\",\"width\":1000,\"height\":667},{\"@type\":\"BreadcrumbList\",\"@id\":\"https:\/\/www.interiman-group.ch\/it\/thomas-deburggraeve-nominato-business-units-director\/#breadcrumb\",\"itemListElement\":[{\"@type\":\"ListItem\",\"position\":1,\"name\":\"Accueil\",\"item\":\"https:\/\/www.interiman-group.ch\/it\/\"},{\"@type\":\"ListItem\",\"position\":2,\"name\":\"Thomas Deburggraeve nominato Business Units Director\"}]},{\"@type\":\"WebSite\",\"@id\":\"https:\/\/www.interiman-group.ch\/it\/#website\",\"url\":\"https:\/\/www.interiman-group.ch\/it\/\",\"name\":\"Interiman Group\",\"description\":\"\",\"publisher\":{\"@id\":\"https:\/\/www.interiman-group.ch\/it\/#organization\"},\"potentialAction\":[{\"@type\":\"SearchAction\",\"target\":{\"@type\":\"EntryPoint\",\"urlTemplate\":\"https:\/\/www.interiman-group.ch\/it\/?s={search_term_string}\"},\"query-input\":{\"@type\":\"PropertyValueSpecification\",\"valueRequired\":true,\"valueName\":\"search_term_string\"}}],\"inLanguage\":\"it-IT\"},{\"@type\":\"Organization\",\"@id\":\"https:\/\/www.interiman-group.ch\/it\/#organization\",\"name\":\"Interiman Group\",\"url\":\"https:\/\/www.interiman-group.ch\/it\/\",\"logo\":{\"@type\":\"ImageObject\",\"inLanguage\":\"it-IT\",\"@id\":\"https:\/\/www.interiman-group.ch\/it\/#\/schema\/logo\/image\/\",\"url\":\"https:\/\/www.interiman-group.ch\/wp-content\/uploads\/2022\/10\/igs-nav.png\",\"contentUrl\":\"https:\/\/www.interiman-group.ch\/wp-content\/uploads\/2022\/10\/igs-nav.png\",\"width\":157,\"height\":62,\"caption\":\"Interiman Group\"},\"image\":{\"@id\":\"https:\/\/www.interiman-group.ch\/it\/#\/schema\/logo\/image\/\"},\"sameAs\":[\"https:\/\/www.facebook.com\/Medicalis-1737325559702106\/\",\"https:\/\/www.linkedin.com\/company\/19057976\/\"]},{\"@type\":\"Person\",\"@id\":\"https:\/\/www.interiman-group.ch\/it\/#\/schema\/person\/6d4536c0fadd9a53bb7844aa8bc173de\",\"name\":\"mabbet\",\"image\":{\"@type\":\"ImageObject\",\"inLanguage\":\"it-IT\",\"@id\":\"https:\/\/www.interiman-group.ch\/it\/#\/schema\/person\/image\/\",\"url\":\"https:\/\/secure.gravatar.com\/avatar\/c9b8558dd936c0aabcc45d180fce99dccde96ff74ab27f8bbd6345c035cac21d?s=96&d=mm&r=g\",\"contentUrl\":\"https:\/\/secure.gravatar.com\/avatar\/c9b8558dd936c0aabcc45d180fce99dccde96ff74ab27f8bbd6345c035cac21d?s=96&d=mm&r=g\",\"caption\":\"mabbet\"},\"url\":\"https:\/\/www.interiman-group.ch\/it\/author\/mabbet\/\"}]}<\/script>\n<!-- \/ Yoast SEO plugin. -->","yoast_head_json":{"title":"Thomas Deburggraeve nominato Business Units Director - Interiman Group","robots":{"index":"index","follow":"follow","max-snippet":"max-snippet:-1","max-image-preview":"max-image-preview:large","max-video-preview":"max-video-preview:-1"},"canonical":"https:\/\/www.interiman-group.ch\/it\/thomas-deburggraeve-nominato-business-units-director\/","og_locale":"it_IT","og_type":"article","og_title":"Thomas Deburggraeve nominato Business Units Director - Interiman Group","og_description":"Dopo aver lanciato nel 2017 TACK TMI International (Switzerland) in qualit\u00e0 di direttore generale, Thomas Deburggraeve \u00e8 stato di recente nominato Business Units Director. Nell&#8217;ambito del suo nuovo ruolo, sovrintende ora a tutte le attivit\u00e0 del Gruppo Interiman nel settore terziario. I suoi principali obiettivi? Supportare i team e creare sinergie tra i diversi marchi [...]Leggi tutto... from Thomas Deburggraeve nominato Business Units Director","og_url":"https:\/\/www.interiman-group.ch\/it\/thomas-deburggraeve-nominato-business-units-director\/","og_site_name":"Interiman Group","article_publisher":"https:\/\/www.facebook.com\/Medicalis-1737325559702106\/","article_published_time":"2021-02-07T23:00:00+00:00","article_modified_time":"2023-01-05T15:43:16+00:00","og_image":[{"width":1000,"height":667,"url":"https:\/\/www.interiman-group.ch\/wp-content\/uploads\/2021\/12\/Thomas-Deburggraeve-040.jpg","type":"image\/jpeg"}],"author":"mabbet","twitter_card":"summary_large_image","twitter_misc":{"Scritto da":"mabbet","Tempo di lettura stimato":"4 minuti"},"schema":{"@context":"https:\/\/schema.org","@graph":[{"@type":"Article","@id":"https:\/\/www.interiman-group.ch\/it\/thomas-deburggraeve-nominato-business-units-director\/#article","isPartOf":{"@id":"https:\/\/www.interiman-group.ch\/it\/thomas-deburggraeve-nominato-business-units-director\/"},"author":{"name":"mabbet","@id":"https:\/\/www.interiman-group.ch\/it\/#\/schema\/person\/6d4536c0fadd9a53bb7844aa8bc173de"},"headline":"Thomas Deburggraeve nominato Business Units Director","datePublished":"2021-02-07T23:00:00+00:00","dateModified":"2023-01-05T15:43:16+00:00","mainEntityOfPage":{"@id":"https:\/\/www.interiman-group.ch\/it\/thomas-deburggraeve-nominato-business-units-director\/"},"wordCount":655,"publisher":{"@id":"https:\/\/www.interiman-group.ch\/it\/#organization"},"image":{"@id":"https:\/\/www.interiman-group.ch\/it\/thomas-deburggraeve-nominato-business-units-director\/#primaryimage"},"thumbnailUrl":"https:\/\/www.interiman-group.ch\/wp-content\/uploads\/2021\/12\/Thomas-Deburggraeve-040.jpg","keywords":["Interiman Group"],"articleSection":["Notizie"],"inLanguage":"it-IT"},{"@type":"WebPage","@id":"https:\/\/www.interiman-group.ch\/it\/thomas-deburggraeve-nominato-business-units-director\/","url":"https:\/\/www.interiman-group.ch\/it\/thomas-deburggraeve-nominato-business-units-director\/","name":"Thomas Deburggraeve nominato Business Units Director - Interiman Group","isPartOf":{"@id":"https:\/\/www.interiman-group.ch\/it\/#website"},"primaryImageOfPage":{"@id":"https:\/\/www.interiman-group.ch\/it\/thomas-deburggraeve-nominato-business-units-director\/#primaryimage"},"image":{"@id":"https:\/\/www.interiman-group.ch\/it\/thomas-deburggraeve-nominato-business-units-director\/#primaryimage"},"thumbnailUrl":"https:\/\/www.interiman-group.ch\/wp-content\/uploads\/2021\/12\/Thomas-Deburggraeve-040.jpg","datePublished":"2021-02-07T23:00:00+00:00","dateModified":"2023-01-05T15:43:16+00:00","breadcrumb":{"@id":"https:\/\/www.interiman-group.ch\/it\/thomas-deburggraeve-nominato-business-units-director\/#breadcrumb"},"inLanguage":"it-IT","potentialAction":[{"@type":"ReadAction","target":["https:\/\/www.interiman-group.ch\/it\/thomas-deburggraeve-nominato-business-units-director\/"]}]},{"@type":"ImageObject","inLanguage":"it-IT","@id":"https:\/\/www.interiman-group.ch\/it\/thomas-deburggraeve-nominato-business-units-director\/#primaryimage","url":"https:\/\/www.interiman-group.ch\/wp-content\/uploads\/2021\/12\/Thomas-Deburggraeve-040.jpg","contentUrl":"https:\/\/www.interiman-group.ch\/wp-content\/uploads\/2021\/12\/Thomas-Deburggraeve-040.jpg","width":1000,"height":667},{"@type":"BreadcrumbList","@id":"https:\/\/www.interiman-group.ch\/it\/thomas-deburggraeve-nominato-business-units-director\/#breadcrumb","itemListElement":[{"@type":"ListItem","position":1,"name":"Accueil","item":"https:\/\/www.interiman-group.ch\/it\/"},{"@type":"ListItem","position":2,"name":"Thomas Deburggraeve nominato Business Units Director"}]},{"@type":"WebSite","@id":"https:\/\/www.interiman-group.ch\/it\/#website","url":"https:\/\/www.interiman-group.ch\/it\/","name":"Interiman Group","description":"","publisher":{"@id":"https:\/\/www.interiman-group.ch\/it\/#organization"},"potentialAction":[{"@type":"SearchAction","target":{"@type":"EntryPoint","urlTemplate":"https:\/\/www.interiman-group.ch\/it\/?s={search_term_string}"},"query-input":{"@type":"PropertyValueSpecification","valueRequired":true,"valueName":"search_term_string"}}],"inLanguage":"it-IT"},{"@type":"Organization","@id":"https:\/\/www.interiman-group.ch\/it\/#organization","name":"Interiman Group","url":"https:\/\/www.interiman-group.ch\/it\/","logo":{"@type":"ImageObject","inLanguage":"it-IT","@id":"https:\/\/www.interiman-group.ch\/it\/#\/schema\/logo\/image\/","url":"https:\/\/www.interiman-group.ch\/wp-content\/uploads\/2022\/10\/igs-nav.png","contentUrl":"https:\/\/www.interiman-group.ch\/wp-content\/uploads\/2022\/10\/igs-nav.png","width":157,"height":62,"caption":"Interiman Group"},"image":{"@id":"https:\/\/www.interiman-group.ch\/it\/#\/schema\/logo\/image\/"},"sameAs":["https:\/\/www.facebook.com\/Medicalis-1737325559702106\/","https:\/\/www.linkedin.com\/company\/19057976\/"]},{"@type":"Person","@id":"https:\/\/www.interiman-group.ch\/it\/#\/schema\/person\/6d4536c0fadd9a53bb7844aa8bc173de","name":"mabbet","image":{"@type":"ImageObject","inLanguage":"it-IT","@id":"https:\/\/www.interiman-group.ch\/it\/#\/schema\/person\/image\/","url":"https:\/\/secure.gravatar.com\/avatar\/c9b8558dd936c0aabcc45d180fce99dccde96ff74ab27f8bbd6345c035cac21d?s=96&d=mm&r=g","contentUrl":"https:\/\/secure.gravatar.com\/avatar\/c9b8558dd936c0aabcc45d180fce99dccde96ff74ab27f8bbd6345c035cac21d?s=96&d=mm&r=g","caption":"mabbet"},"url":"https:\/\/www.interiman-group.ch\/it\/author\/mabbet\/"}]}},"_links":{"self":[{"href":"https:\/\/www.interiman-group.ch\/it\/wp-json\/wp\/v2\/posts\/1257755","targetHints":{"allow":["GET"]}}],"collection":[{"href":"https:\/\/www.interiman-group.ch\/it\/wp-json\/wp\/v2\/posts"}],"about":[{"href":"https:\/\/www.interiman-group.ch\/it\/wp-json\/wp\/v2\/types\/post"}],"author":[{"embeddable":true,"href":"https:\/\/www.interiman-group.ch\/it\/wp-json\/wp\/v2\/users\/3"}],"replies":[{"embeddable":true,"href":"https:\/\/www.interiman-group.ch\/it\/wp-json\/wp\/v2\/comments?post=1257755"}],"version-history":[{"count":1,"href":"https:\/\/www.interiman-group.ch\/it\/wp-json\/wp\/v2\/posts\/1257755\/revisions"}],"predecessor-version":[{"id":1258399,"href":"https:\/\/www.interiman-group.ch\/it\/wp-json\/wp\/v2\/posts\/1257755\/revisions\/1258399"}],"wp:featuredmedia":[{"embeddable":true,"href":"https:\/\/www.interiman-group.ch\/it\/wp-json\/wp\/v2\/media\/1258372"}],"wp:attachment":[{"href":"https:\/\/www.interiman-group.ch\/it\/wp-json\/wp\/v2\/media?parent=1257755"}],"wp:term":[{"taxonomy":"category","embeddable":true,"href":"https:\/\/www.interiman-group.ch\/it\/wp-json\/wp\/v2\/categories?post=1257755"},{"taxonomy":"post_tag","embeddable":true,"href":"https:\/\/www.interiman-group.ch\/it\/wp-json\/wp\/v2\/tags?post=1257755"}],"curies":[{"name":"wp","href":"https:\/\/api.w.org\/{rel}","templated":true}]}}