{"id":1257794,"date":"2021-12-21T00:00:00","date_gmt":"2021-12-20T23:00:00","guid":{"rendered":"https:\/\/www.interiman-group.ch\/medicalis-inaugura-unagenzia-a-neuchatel\/"},"modified":"2023-01-06T11:06:36","modified_gmt":"2023-01-06T10:06:36","slug":"medicalis-inaugura-unagenzia-a-neuchatel","status":"publish","type":"post","link":"https:\/\/www.interiman-group.ch\/it\/medicalis-inaugura-unagenzia-a-neuchatel\/","title":{"rendered":"Medicalis inaugura un&#8217;agenzia a Neuch\u00e2tel"},"content":{"rendered":"\n<p><em>Lo specialista del collocamento fisso e temporaneo nel settore della salute e dell&#8217;assistenza continua la propria espansione nella Svizzera romanda. Da settembre 2021, il marchio di Interiman Group \u00e8 presente a Neuch\u00e2tel; l&#8217;agenzia, collocata nel centro citt\u00e0, \u00e8 affidata a Delphine Houg, che vanta grande esperienza nell&#8217;assistenza e nella gestione dei team. Avere una sede a Neuch\u00e2tel permette alla struttura di soddisfare le esigenze del territorio e di ampliare il proprio bacino di reclutamento, come ha dichiarato David Paulou, direttore di Medicalis.<\/em><\/p>\n\n\n\n<p>La specializzazione e la vicinanza ai clienti appartengono da sempre al DNA di Interiman Group. L&#8217;inaugurazione a settembre di una filiale Medicalis nel centro di Neuch\u00e2tel, pertanto, sembra la logica prosecuzione di una strategia che favorisce le piccole unit\u00e0 specializzate, disposte strategicamente su tutto il territorio. &#8220;In futuro, l&#8217;obiettivo \u00e8 essere presenti in tutti i cantoni svizzeri, sebbene ogni nuova fase del nostro sviluppo sia sottoposta a un&#8217;attenta riflessione. Non vogliamo espanderci troppo rapidamente e, in tal senso, il caso di Neuch\u00e2tel \u00e8 emblematico: abbiamo concretizzato il progetto di apertura solo dopo aver avuto la certezza che tutte le condizioni fossero soddisfatte&#8221;, illustra David Paulou, direttore di Medicalis.<\/p>\n\n\n\n<p><span style=\"text-decoration: underline;\">Un solido radicamento sul territorio<\/span><\/p>\n\n\n\n<p>Il radicamento sul territorio \u00e8 motivato, inoltre, dalla peculiarit\u00e0 del sistema sanitario svizzero, gestito autonomamente dai diversi cantoni. La disomogeneit\u00e0 dei modelli depone a favore di una presenza locale, soprattutto nel contesto della crisi sanitaria. &#8220;Le strategie adottate per contrastare il coronavirus cambiano da un cantone all&#8217;altro, il che rende indispensabile la presenza sul territorio di team che conoscano il funzionamento di ogni ecosistema&#8221;, aggiunge il direttore di Medicalis. In aggiunta, l&#8217;inaugurazione della filiale di Neuch\u00e2tel permette di ampliare il bacino di reclutamento, includendo la Borgogna-Franca Contea e persino il Grande Est, con l&#8217;obiettivo di poter reclutare rapidamente i migliori candidati.<\/p>\n\n\n\n<p>Sul territorio, le ambizioni di Medicalis sono rappresentate da Delphine Houg, che vanta oltre vent&#8217;anni di esperienza nella rete ospedaliera di Neuch\u00e2tel. Ha ricoperto fino al 2021 la posizione di responsabile Case Manager, dopo essere stata responsabile di unit\u00e0 in Medicina generale e oncologica per sei anni e infermiera in reparto di terapia intensiva per dieci. &#8220;Le eccezionali competenze di Delphine Houg e la sua conoscenza approfondita del settore della sanit\u00e0 e dell&#8217;assistenza di Neuch\u00e2tel la rendono la figura ideale per coordinare la nostra nuova struttura, che evidentemente instaura interessanti sinergie con le nostre filiali di Losanna e Ginevra, dove Delphine Houg ha avuto occasione di svolgere degli stage&#8221;, chiarisce David Paulou. Quest&#8217;ultimo cita nuovamente una risorsa preziosa: l&#8217;ampia gamma di corsi di formazione specializzata offerti dal centro di formazione Hotelis Training &amp; Development, certificazione Eduqua, a cui avr\u00e0 accesso il personale delegato da Medicalis.<\/p>\n\n\n\n<p><span style=\"text-decoration: underline;\">Competenze nell&#8217;assistenza e management<\/span><\/p>\n\n\n\n<p>Nell&#8217;ambito della sfida che la attende, Delphine Houg pu\u00f2 contare da un lato sulla propria esperienza nell&#8217;ambito dell&#8217;assistenza, e dall&#8217;altro sulle proprie competenze manageriali. Ha, infatti, seguito diversi corsi di formazione nell&#8217;ambito del management, inclusa una certificazione di management locale e un attestato professionale federale come team leader nelle istituzioni sociali e medico-sociali (2013). Senza tralasciare la certificazione per il percorso da Patient Manager (2018), la tappa pi\u00f9 recente di un percorso di formazione che ha arricchito la sua attivit\u00e0 professionale.<\/p>\n\n\n\n<p>Per quanto riguarda la scelta di dedicarsi oggi al collocamento fisso e temporaneo, Delphine Houg lo considera un mezzo per guardare con occhi nuovi la professione che esercita da oltre vent&#8217;anni. &#8220;Durante il mio percorso professionale ho avuto la possibilit\u00e0 di crescere e fare carriera. A ogni tappa ho avuto modo di contribuire per quanto potevo al corretto funzionamento del sistema sanitario. Sono felice di poter continuare a frequentare gli stabilimenti ospedalieri e i professionisti della salute e dell&#8217;assistenza insieme a Medicalis. Sfrutter\u00f2 la mia esperienza personale per soddisfare le loro necessit\u00e0 ed esigenze.&#8221;<\/p>\n","protected":false},"excerpt":{"rendered":"<p>Lo specialista del collocamento fisso e temporaneo nel settore della salute e dell&#8217;assistenza continua la propria espansione nella Svizzera romanda. Da settembre 2021, il marchio di Interiman Group \u00e8 presente a Neuch\u00e2tel; l&#8217;agenzia, collocata nel centro citt\u00e0, \u00e8 affidata a Delphine Houg, che vanta grande esperienza nell&#8217;assistenza e nella gestione dei team. Avere una sede [&#8230;]<\/p>\n<p><a class=\"btn btn-secondary understrap-read-more-link\" href=\"https:\/\/www.interiman-group.ch\/it\/medicalis-inaugura-unagenzia-a-neuchatel\/\">Leggi tutto&#8230;<span class=\"screen-reader-text\"> from Medicalis inaugura un&#8217;agenzia a Neuch\u00e2tel<\/span><\/a><\/p>\n","protected":false},"author":3,"featured_media":1257626,"comment_status":"closed","ping_status":"open","sticky":false,"template":"","format":"standard","meta":{"_monsterinsights_skip_tracking":false,"_monsterinsights_sitenote_active":false,"_monsterinsights_sitenote_note":"","_monsterinsights_sitenote_category":0,"footnotes":""},"categories":[117],"tags":[153],"class_list":["post-1257794","post","type-post","status-publish","format-standard","has-post-thumbnail","hentry","category-news-it","tag-medicalis-it"],"yoast_head":"<!-- This site is optimized with the Yoast SEO plugin v26.9 - https:\/\/yoast.com\/product\/yoast-seo-wordpress\/ -->\n<title>Medicalis inaugura un&#039;agenzia a Neuch\u00e2tel - Interiman Group<\/title>\n<meta name=\"robots\" content=\"index, follow, max-snippet:-1, max-image-preview:large, max-video-preview:-1\" \/>\n<link rel=\"canonical\" href=\"https:\/\/www.interiman-group.ch\/it\/medicalis-inaugura-unagenzia-a-neuchatel\/\" \/>\n<meta property=\"og:locale\" content=\"it_IT\" \/>\n<meta property=\"og:type\" content=\"article\" \/>\n<meta property=\"og:title\" content=\"Medicalis inaugura un&#039;agenzia a Neuch\u00e2tel - Interiman Group\" \/>\n<meta property=\"og:description\" content=\"Lo specialista del collocamento fisso e temporaneo nel settore della salute e dell&#8217;assistenza continua la propria espansione nella Svizzera romanda. Da settembre 2021, il marchio di Interiman Group \u00e8 presente a Neuch\u00e2tel; l&#8217;agenzia, collocata nel centro citt\u00e0, \u00e8 affidata a Delphine Houg, che vanta grande esperienza nell&#8217;assistenza e nella gestione dei team. Avere una sede [...]Leggi tutto... from Medicalis inaugura un&#8217;agenzia a Neuch\u00e2tel\" \/>\n<meta property=\"og:url\" content=\"https:\/\/www.interiman-group.ch\/it\/medicalis-inaugura-unagenzia-a-neuchatel\/\" \/>\n<meta property=\"og:site_name\" content=\"Interiman Group\" \/>\n<meta property=\"article:publisher\" content=\"https:\/\/www.facebook.com\/Medicalis-1737325559702106\/\" \/>\n<meta property=\"article:published_time\" content=\"2021-12-20T23:00:00+00:00\" \/>\n<meta property=\"article:modified_time\" content=\"2023-01-06T10:06:36+00:00\" \/>\n<meta property=\"og:image\" content=\"https:\/\/www.interiman-group.ch\/wp-content\/uploads\/2022\/11\/AdobeStock_296301421.png\" \/>\n\t<meta property=\"og:image:width\" content=\"1200\" \/>\n\t<meta property=\"og:image:height\" content=\"630\" \/>\n\t<meta property=\"og:image:type\" content=\"image\/png\" \/>\n<meta name=\"author\" content=\"mabbet\" \/>\n<meta name=\"twitter:card\" content=\"summary_large_image\" \/>\n<meta name=\"twitter:label1\" content=\"Scritto da\" \/>\n\t<meta name=\"twitter:data1\" content=\"mabbet\" \/>\n\t<meta name=\"twitter:label2\" content=\"Tempo di lettura stimato\" \/>\n\t<meta name=\"twitter:data2\" content=\"4 minuti\" \/>\n<script type=\"application\/ld+json\" class=\"yoast-schema-graph\">{\"@context\":\"https:\/\/schema.org\",\"@graph\":[{\"@type\":\"Article\",\"@id\":\"https:\/\/www.interiman-group.ch\/it\/medicalis-inaugura-unagenzia-a-neuchatel\/#article\",\"isPartOf\":{\"@id\":\"https:\/\/www.interiman-group.ch\/it\/medicalis-inaugura-unagenzia-a-neuchatel\/\"},\"author\":{\"name\":\"mabbet\",\"@id\":\"https:\/\/www.interiman-group.ch\/it\/#\/schema\/person\/6d4536c0fadd9a53bb7844aa8bc173de\"},\"headline\":\"Medicalis inaugura un&#8217;agenzia a Neuch\u00e2tel\",\"datePublished\":\"2021-12-20T23:00:00+00:00\",\"dateModified\":\"2023-01-06T10:06:36+00:00\",\"mainEntityOfPage\":{\"@id\":\"https:\/\/www.interiman-group.ch\/it\/medicalis-inaugura-unagenzia-a-neuchatel\/\"},\"wordCount\":646,\"publisher\":{\"@id\":\"https:\/\/www.interiman-group.ch\/it\/#organization\"},\"image\":{\"@id\":\"https:\/\/www.interiman-group.ch\/it\/medicalis-inaugura-unagenzia-a-neuchatel\/#primaryimage\"},\"thumbnailUrl\":\"https:\/\/www.interiman-group.ch\/wp-content\/uploads\/2022\/11\/AdobeStock_296301421.png\",\"keywords\":[\"Medicalis\"],\"articleSection\":[\"Notizie\"],\"inLanguage\":\"it-IT\"},{\"@type\":\"WebPage\",\"@id\":\"https:\/\/www.interiman-group.ch\/it\/medicalis-inaugura-unagenzia-a-neuchatel\/\",\"url\":\"https:\/\/www.interiman-group.ch\/it\/medicalis-inaugura-unagenzia-a-neuchatel\/\",\"name\":\"Medicalis inaugura un'agenzia a Neuch\u00e2tel - Interiman Group\",\"isPartOf\":{\"@id\":\"https:\/\/www.interiman-group.ch\/it\/#website\"},\"primaryImageOfPage\":{\"@id\":\"https:\/\/www.interiman-group.ch\/it\/medicalis-inaugura-unagenzia-a-neuchatel\/#primaryimage\"},\"image\":{\"@id\":\"https:\/\/www.interiman-group.ch\/it\/medicalis-inaugura-unagenzia-a-neuchatel\/#primaryimage\"},\"thumbnailUrl\":\"https:\/\/www.interiman-group.ch\/wp-content\/uploads\/2022\/11\/AdobeStock_296301421.png\",\"datePublished\":\"2021-12-20T23:00:00+00:00\",\"dateModified\":\"2023-01-06T10:06:36+00:00\",\"breadcrumb\":{\"@id\":\"https:\/\/www.interiman-group.ch\/it\/medicalis-inaugura-unagenzia-a-neuchatel\/#breadcrumb\"},\"inLanguage\":\"it-IT\",\"potentialAction\":[{\"@type\":\"ReadAction\",\"target\":[\"https:\/\/www.interiman-group.ch\/it\/medicalis-inaugura-unagenzia-a-neuchatel\/\"]}]},{\"@type\":\"ImageObject\",\"inLanguage\":\"it-IT\",\"@id\":\"https:\/\/www.interiman-group.ch\/it\/medicalis-inaugura-unagenzia-a-neuchatel\/#primaryimage\",\"url\":\"https:\/\/www.interiman-group.ch\/wp-content\/uploads\/2022\/11\/AdobeStock_296301421.png\",\"contentUrl\":\"https:\/\/www.interiman-group.ch\/wp-content\/uploads\/2022\/11\/AdobeStock_296301421.png\",\"width\":1200,\"height\":630},{\"@type\":\"BreadcrumbList\",\"@id\":\"https:\/\/www.interiman-group.ch\/it\/medicalis-inaugura-unagenzia-a-neuchatel\/#breadcrumb\",\"itemListElement\":[{\"@type\":\"ListItem\",\"position\":1,\"name\":\"Accueil\",\"item\":\"https:\/\/www.interiman-group.ch\/it\/\"},{\"@type\":\"ListItem\",\"position\":2,\"name\":\"Medicalis inaugura un&rsquo;agenzia a Neuch\u00e2tel\"}]},{\"@type\":\"WebSite\",\"@id\":\"https:\/\/www.interiman-group.ch\/it\/#website\",\"url\":\"https:\/\/www.interiman-group.ch\/it\/\",\"name\":\"Interiman Group\",\"description\":\"\",\"publisher\":{\"@id\":\"https:\/\/www.interiman-group.ch\/it\/#organization\"},\"potentialAction\":[{\"@type\":\"SearchAction\",\"target\":{\"@type\":\"EntryPoint\",\"urlTemplate\":\"https:\/\/www.interiman-group.ch\/it\/?s={search_term_string}\"},\"query-input\":{\"@type\":\"PropertyValueSpecification\",\"valueRequired\":true,\"valueName\":\"search_term_string\"}}],\"inLanguage\":\"it-IT\"},{\"@type\":\"Organization\",\"@id\":\"https:\/\/www.interiman-group.ch\/it\/#organization\",\"name\":\"Interiman Group\",\"url\":\"https:\/\/www.interiman-group.ch\/it\/\",\"logo\":{\"@type\":\"ImageObject\",\"inLanguage\":\"it-IT\",\"@id\":\"https:\/\/www.interiman-group.ch\/it\/#\/schema\/logo\/image\/\",\"url\":\"https:\/\/www.interiman-group.ch\/wp-content\/uploads\/2022\/10\/igs-nav.png\",\"contentUrl\":\"https:\/\/www.interiman-group.ch\/wp-content\/uploads\/2022\/10\/igs-nav.png\",\"width\":157,\"height\":62,\"caption\":\"Interiman Group\"},\"image\":{\"@id\":\"https:\/\/www.interiman-group.ch\/it\/#\/schema\/logo\/image\/\"},\"sameAs\":[\"https:\/\/www.facebook.com\/Medicalis-1737325559702106\/\",\"https:\/\/www.linkedin.com\/company\/19057976\/\"]},{\"@type\":\"Person\",\"@id\":\"https:\/\/www.interiman-group.ch\/it\/#\/schema\/person\/6d4536c0fadd9a53bb7844aa8bc173de\",\"name\":\"mabbet\",\"image\":{\"@type\":\"ImageObject\",\"inLanguage\":\"it-IT\",\"@id\":\"https:\/\/www.interiman-group.ch\/it\/#\/schema\/person\/image\/\",\"url\":\"https:\/\/secure.gravatar.com\/avatar\/c9b8558dd936c0aabcc45d180fce99dccde96ff74ab27f8bbd6345c035cac21d?s=96&d=mm&r=g\",\"contentUrl\":\"https:\/\/secure.gravatar.com\/avatar\/c9b8558dd936c0aabcc45d180fce99dccde96ff74ab27f8bbd6345c035cac21d?s=96&d=mm&r=g\",\"caption\":\"mabbet\"},\"url\":\"https:\/\/www.interiman-group.ch\/it\/author\/mabbet\/\"}]}<\/script>\n<!-- \/ Yoast SEO plugin. -->","yoast_head_json":{"title":"Medicalis inaugura un'agenzia a Neuch\u00e2tel - Interiman Group","robots":{"index":"index","follow":"follow","max-snippet":"max-snippet:-1","max-image-preview":"max-image-preview:large","max-video-preview":"max-video-preview:-1"},"canonical":"https:\/\/www.interiman-group.ch\/it\/medicalis-inaugura-unagenzia-a-neuchatel\/","og_locale":"it_IT","og_type":"article","og_title":"Medicalis inaugura un'agenzia a Neuch\u00e2tel - Interiman Group","og_description":"Lo specialista del collocamento fisso e temporaneo nel settore della salute e dell&#8217;assistenza continua la propria espansione nella Svizzera romanda. Da settembre 2021, il marchio di Interiman Group \u00e8 presente a Neuch\u00e2tel; l&#8217;agenzia, collocata nel centro citt\u00e0, \u00e8 affidata a Delphine Houg, che vanta grande esperienza nell&#8217;assistenza e nella gestione dei team. Avere una sede [...]Leggi tutto... from Medicalis inaugura un&#8217;agenzia a Neuch\u00e2tel","og_url":"https:\/\/www.interiman-group.ch\/it\/medicalis-inaugura-unagenzia-a-neuchatel\/","og_site_name":"Interiman Group","article_publisher":"https:\/\/www.facebook.com\/Medicalis-1737325559702106\/","article_published_time":"2021-12-20T23:00:00+00:00","article_modified_time":"2023-01-06T10:06:36+00:00","og_image":[{"width":1200,"height":630,"url":"https:\/\/www.interiman-group.ch\/wp-content\/uploads\/2022\/11\/AdobeStock_296301421.png","type":"image\/png"}],"author":"mabbet","twitter_card":"summary_large_image","twitter_misc":{"Scritto da":"mabbet","Tempo di lettura stimato":"4 minuti"},"schema":{"@context":"https:\/\/schema.org","@graph":[{"@type":"Article","@id":"https:\/\/www.interiman-group.ch\/it\/medicalis-inaugura-unagenzia-a-neuchatel\/#article","isPartOf":{"@id":"https:\/\/www.interiman-group.ch\/it\/medicalis-inaugura-unagenzia-a-neuchatel\/"},"author":{"name":"mabbet","@id":"https:\/\/www.interiman-group.ch\/it\/#\/schema\/person\/6d4536c0fadd9a53bb7844aa8bc173de"},"headline":"Medicalis inaugura un&#8217;agenzia a Neuch\u00e2tel","datePublished":"2021-12-20T23:00:00+00:00","dateModified":"2023-01-06T10:06:36+00:00","mainEntityOfPage":{"@id":"https:\/\/www.interiman-group.ch\/it\/medicalis-inaugura-unagenzia-a-neuchatel\/"},"wordCount":646,"publisher":{"@id":"https:\/\/www.interiman-group.ch\/it\/#organization"},"image":{"@id":"https:\/\/www.interiman-group.ch\/it\/medicalis-inaugura-unagenzia-a-neuchatel\/#primaryimage"},"thumbnailUrl":"https:\/\/www.interiman-group.ch\/wp-content\/uploads\/2022\/11\/AdobeStock_296301421.png","keywords":["Medicalis"],"articleSection":["Notizie"],"inLanguage":"it-IT"},{"@type":"WebPage","@id":"https:\/\/www.interiman-group.ch\/it\/medicalis-inaugura-unagenzia-a-neuchatel\/","url":"https:\/\/www.interiman-group.ch\/it\/medicalis-inaugura-unagenzia-a-neuchatel\/","name":"Medicalis inaugura un'agenzia a Neuch\u00e2tel - Interiman Group","isPartOf":{"@id":"https:\/\/www.interiman-group.ch\/it\/#website"},"primaryImageOfPage":{"@id":"https:\/\/www.interiman-group.ch\/it\/medicalis-inaugura-unagenzia-a-neuchatel\/#primaryimage"},"image":{"@id":"https:\/\/www.interiman-group.ch\/it\/medicalis-inaugura-unagenzia-a-neuchatel\/#primaryimage"},"thumbnailUrl":"https:\/\/www.interiman-group.ch\/wp-content\/uploads\/2022\/11\/AdobeStock_296301421.png","datePublished":"2021-12-20T23:00:00+00:00","dateModified":"2023-01-06T10:06:36+00:00","breadcrumb":{"@id":"https:\/\/www.interiman-group.ch\/it\/medicalis-inaugura-unagenzia-a-neuchatel\/#breadcrumb"},"inLanguage":"it-IT","potentialAction":[{"@type":"ReadAction","target":["https:\/\/www.interiman-group.ch\/it\/medicalis-inaugura-unagenzia-a-neuchatel\/"]}]},{"@type":"ImageObject","inLanguage":"it-IT","@id":"https:\/\/www.interiman-group.ch\/it\/medicalis-inaugura-unagenzia-a-neuchatel\/#primaryimage","url":"https:\/\/www.interiman-group.ch\/wp-content\/uploads\/2022\/11\/AdobeStock_296301421.png","contentUrl":"https:\/\/www.interiman-group.ch\/wp-content\/uploads\/2022\/11\/AdobeStock_296301421.png","width":1200,"height":630},{"@type":"BreadcrumbList","@id":"https:\/\/www.interiman-group.ch\/it\/medicalis-inaugura-unagenzia-a-neuchatel\/#breadcrumb","itemListElement":[{"@type":"ListItem","position":1,"name":"Accueil","item":"https:\/\/www.interiman-group.ch\/it\/"},{"@type":"ListItem","position":2,"name":"Medicalis inaugura un&rsquo;agenzia a Neuch\u00e2tel"}]},{"@type":"WebSite","@id":"https:\/\/www.interiman-group.ch\/it\/#website","url":"https:\/\/www.interiman-group.ch\/it\/","name":"Interiman Group","description":"","publisher":{"@id":"https:\/\/www.interiman-group.ch\/it\/#organization"},"potentialAction":[{"@type":"SearchAction","target":{"@type":"EntryPoint","urlTemplate":"https:\/\/www.interiman-group.ch\/it\/?s={search_term_string}"},"query-input":{"@type":"PropertyValueSpecification","valueRequired":true,"valueName":"search_term_string"}}],"inLanguage":"it-IT"},{"@type":"Organization","@id":"https:\/\/www.interiman-group.ch\/it\/#organization","name":"Interiman Group","url":"https:\/\/www.interiman-group.ch\/it\/","logo":{"@type":"ImageObject","inLanguage":"it-IT","@id":"https:\/\/www.interiman-group.ch\/it\/#\/schema\/logo\/image\/","url":"https:\/\/www.interiman-group.ch\/wp-content\/uploads\/2022\/10\/igs-nav.png","contentUrl":"https:\/\/www.interiman-group.ch\/wp-content\/uploads\/2022\/10\/igs-nav.png","width":157,"height":62,"caption":"Interiman Group"},"image":{"@id":"https:\/\/www.interiman-group.ch\/it\/#\/schema\/logo\/image\/"},"sameAs":["https:\/\/www.facebook.com\/Medicalis-1737325559702106\/","https:\/\/www.linkedin.com\/company\/19057976\/"]},{"@type":"Person","@id":"https:\/\/www.interiman-group.ch\/it\/#\/schema\/person\/6d4536c0fadd9a53bb7844aa8bc173de","name":"mabbet","image":{"@type":"ImageObject","inLanguage":"it-IT","@id":"https:\/\/www.interiman-group.ch\/it\/#\/schema\/person\/image\/","url":"https:\/\/secure.gravatar.com\/avatar\/c9b8558dd936c0aabcc45d180fce99dccde96ff74ab27f8bbd6345c035cac21d?s=96&d=mm&r=g","contentUrl":"https:\/\/secure.gravatar.com\/avatar\/c9b8558dd936c0aabcc45d180fce99dccde96ff74ab27f8bbd6345c035cac21d?s=96&d=mm&r=g","caption":"mabbet"},"url":"https:\/\/www.interiman-group.ch\/it\/author\/mabbet\/"}]}},"_links":{"self":[{"href":"https:\/\/www.interiman-group.ch\/it\/wp-json\/wp\/v2\/posts\/1257794","targetHints":{"allow":["GET"]}}],"collection":[{"href":"https:\/\/www.interiman-group.ch\/it\/wp-json\/wp\/v2\/posts"}],"about":[{"href":"https:\/\/www.interiman-group.ch\/it\/wp-json\/wp\/v2\/types\/post"}],"author":[{"embeddable":true,"href":"https:\/\/www.interiman-group.ch\/it\/wp-json\/wp\/v2\/users\/3"}],"replies":[{"embeddable":true,"href":"https:\/\/www.interiman-group.ch\/it\/wp-json\/wp\/v2\/comments?post=1257794"}],"version-history":[{"count":1,"href":"https:\/\/www.interiman-group.ch\/it\/wp-json\/wp\/v2\/posts\/1257794\/revisions"}],"predecessor-version":[{"id":1258366,"href":"https:\/\/www.interiman-group.ch\/it\/wp-json\/wp\/v2\/posts\/1257794\/revisions\/1258366"}],"wp:featuredmedia":[{"embeddable":true,"href":"https:\/\/www.interiman-group.ch\/it\/wp-json\/wp\/v2\/media\/1257626"}],"wp:attachment":[{"href":"https:\/\/www.interiman-group.ch\/it\/wp-json\/wp\/v2\/media?parent=1257794"}],"wp:term":[{"taxonomy":"category","embeddable":true,"href":"https:\/\/www.interiman-group.ch\/it\/wp-json\/wp\/v2\/categories?post=1257794"},{"taxonomy":"post_tag","embeddable":true,"href":"https:\/\/www.interiman-group.ch\/it\/wp-json\/wp\/v2\/tags?post=1257794"}],"curies":[{"name":"wp","href":"https:\/\/api.w.org\/{rel}","templated":true}]}}