{"id":1257796,"date":"2021-12-21T00:00:00","date_gmt":"2021-12-20T23:00:00","guid":{"rendered":"https:\/\/www.interiman-group.ch\/premio-swiss-digital-hr-il-premio-del-pubblico-a-interiman-group\/"},"modified":"2023-01-06T11:06:10","modified_gmt":"2023-01-06T10:06:10","slug":"premio-swiss-digital-hr-il-premio-del-pubblico-a-interiman-group","status":"publish","type":"post","link":"https:\/\/www.interiman-group.ch\/it\/premio-swiss-digital-hr-il-premio-del-pubblico-a-interiman-group\/","title":{"rendered":"Premio Swiss Digital HR: il premio del pubblico a Interiman Group"},"content":{"rendered":"\n<p><em>Per riconoscere l&#8217;impegno delle aziende in materia di trasformazione digitale, nel 2019 gli operatori dell&#8217;innovazione e delle Risorse umane hanno istituito il Premio Swiss Digital HR. Quest&#8217;anno, Interiman Group ha vinto il premio del pubblico, nel corso di una cerimonia ibrida che ha riunito circa duecento professionisti del settore delle Risorse umane. Questo riconoscimento ha premiato &#8220;Connect&#8221;, il social network aziendale nato dall&#8217;estensione della certificazione Great Place to Work. Le sue funzionalit\u00e0 sono state presentate da Jasmine Leuthold, direttrice delle Risorse umane di Interiman Group.<\/em><\/p>\n\n\n\n<p>Si sono sfidate dodici aziende, divise in due categorie (PMI con meno di 400 collaboratori e aziende con pi\u00f9 di 400). Ognuna proponeva un progetto digitale innovativo, tutte dovevano affrontare l&#8217;arduo compito di presentarlo a un pubblico di 200 professionisti, che osservavano <em>in loco<\/em> e attraverso uno schermo. Jasmine Leuthold, direttrice delle Risorse umane di Interiman Group, ha avuto l&#8217;onore di iniziare. La sua presentazione, disinvolta ma formativa, ha catturato l&#8217;attenzione del pubblico e conquistato i voti della maggior parte dei partecipanti. In risposta Christian Oberson, Presidente dell&#8217;associazione Risorse umane di Ginevra, durante un comunicato stampa ha elogiato l&#8217;impegno di un gruppo &#8220;che ha saputo sviluppare uno strumento cooperativo per la comunicazione interna fra collaboratori&#8221;.<\/p>\n\n\n\n<p><span style=\"text-decoration: underline;\">Una comunicazione multidirezionale e semplice<\/span><\/p>\n\n\n\n<p>Lo strumento in questione? Si chiama &#8220;Connect&#8221; e opera come un social network aziendale riservato ai collaboratori di Interiman Group. &#8220;Il progetto \u00e8 nato dall&#8217;ampliamento di Great Place to Work, la nostra certificazione rilasciata da un ente indipendente, che premia le aziende che offrono un ambiente di lavoro piacevole e stimolante. \u00c8 inoltre il degno erede dell&#8217;intranet lanciata nel 2018 e volta a favorire la circolazione di informazioni all&#8217;interno del gruppo. Tuttavia ci siamo resi conto, durante gli scambi fra colleghi, che era poco intuitiva&#8221;, spiega Jasmine Leuthold.<\/p>\n\n\n\n<p>Per questo motivo, le Risorse umane hanno collaborato con i dipartimenti Digitale e Marketing e sviluppato sia una nuova piattaforma, sia un&#8217;applicazione per dispositivi mobili. Le nuove funzionalit\u00e0 di &#8220;Connect&#8221; includono Marketplace, Sport e tempo libero, Vita aziendale e Uscite, con l&#8217;obiettivo di instaurare legami e avvicinare i 370 collaboratori attraverso attivit\u00e0 ludiche. Il sentimento di appartenenza al gruppo \u00e8 a sua volta valorizzato attraverso la condivisione di esperienze di volontariato sul campo, mentre l&#8217;uso di una box per suggerimenti e gruppi di discussione contribuiscono a promuovere una cultura aziendale produttiva, in grado di stimolare il coinvolgimento personale dei collaboratori. &#8220;In generale, ci siamo adoperati per predisporre un sistema di comunicazione semplice e multidirezionale, evitando le strutture gerarchiche e favorendo gli scambi spontanei attraverso numerose chat e un newsfeed&#8221;, precisa la direttrice delle Risorse umane.<\/p>\n\n\n\n<p><span style=\"text-decoration: underline;\">Un valore aggiunto anche ecologico<\/span><\/p>\n\n\n\n<p>Dopo una fase sperimentale, svoltasi negli ultimi mesi nella sede di Renens (Canton Vaud), il social &#8220;Connect&#8221; sar\u00e0 introdotto nel gruppo a partire dal 2022. Oltre alle funzioni precedentemente citate, i collaboratori troveranno i documenti di benvenuto. Non sar\u00e0 pi\u00f9 necessario stamparli, il che rappresenta un valore aggiunto ecologico, in linea con l&#8217;impegno di un gruppo gi\u00e0 certificato ISO 14001 per la gestione ambientale. &#8220;Infine, questo strumento digitale soddisfa le nuove aspettative dei nostri collaboratori, soprattutto quelli appartenenti alle nuove generazioni, secondo le quali il benessere deve essere vissuto quotidianamente. Peraltro, alcuni studi hanno dimostrato che la produttivit\u00e0 di un dipendente contento aumenta del 30% e che la sua lealt\u00e0 verso il datore di lavoro aumenta del 9%, mentre il 67% degli studenti, la forza lavoro del futuro, ha un&#8217;opinione positiva delle aziende che investono nella qualit\u00e0 della vita dei propri team.&#8221;<\/p>\n","protected":false},"excerpt":{"rendered":"<p>Per riconoscere l&#8217;impegno delle aziende in materia di trasformazione digitale, nel 2019 gli operatori dell&#8217;innovazione e delle Risorse umane hanno istituito il Premio Swiss Digital HR. Quest&#8217;anno, Interiman Group ha vinto il premio del pubblico, nel corso di una cerimonia ibrida che ha riunito circa duecento professionisti del settore delle Risorse umane. Questo riconoscimento ha [&#8230;]<\/p>\n<p><a class=\"btn btn-secondary understrap-read-more-link\" href=\"https:\/\/www.interiman-group.ch\/it\/premio-swiss-digital-hr-il-premio-del-pubblico-a-interiman-group\/\">Leggi tutto&#8230;<span class=\"screen-reader-text\"> from Premio Swiss Digital HR: il premio del pubblico a Interiman Group<\/span><\/a><\/p>\n","protected":false},"author":3,"featured_media":1258356,"comment_status":"closed","ping_status":"open","sticky":false,"template":"","format":"standard","meta":{"_monsterinsights_skip_tracking":false,"_monsterinsights_sitenote_active":false,"_monsterinsights_sitenote_note":"","_monsterinsights_sitenote_category":0,"footnotes":""},"categories":[117],"tags":[150],"class_list":["post-1257796","post","type-post","status-publish","format-standard","has-post-thumbnail","hentry","category-news-it","tag-igs-it"],"yoast_head":"<!-- This site is optimized with the Yoast SEO plugin v26.9 - https:\/\/yoast.com\/product\/yoast-seo-wordpress\/ -->\n<title>Premio Swiss Digital HR: il premio del pubblico a Interiman Group - Interiman Group<\/title>\n<meta name=\"robots\" content=\"index, follow, max-snippet:-1, max-image-preview:large, max-video-preview:-1\" \/>\n<link rel=\"canonical\" href=\"https:\/\/www.interiman-group.ch\/it\/premio-swiss-digital-hr-il-premio-del-pubblico-a-interiman-group\/\" \/>\n<meta property=\"og:locale\" content=\"it_IT\" \/>\n<meta property=\"og:type\" content=\"article\" \/>\n<meta property=\"og:title\" content=\"Premio Swiss Digital HR: il premio del pubblico a Interiman Group - Interiman Group\" \/>\n<meta property=\"og:description\" content=\"Per riconoscere l&#8217;impegno delle aziende in materia di trasformazione digitale, nel 2019 gli operatori dell&#8217;innovazione e delle Risorse umane hanno istituito il Premio Swiss Digital HR. Quest&#8217;anno, Interiman Group ha vinto il premio del pubblico, nel corso di una cerimonia ibrida che ha riunito circa duecento professionisti del settore delle Risorse umane. Questo riconoscimento ha [...]Leggi tutto... from Premio Swiss Digital HR: il premio del pubblico a Interiman Group\" \/>\n<meta property=\"og:url\" content=\"https:\/\/www.interiman-group.ch\/it\/premio-swiss-digital-hr-il-premio-del-pubblico-a-interiman-group\/\" \/>\n<meta property=\"og:site_name\" content=\"Interiman Group\" \/>\n<meta property=\"article:publisher\" content=\"https:\/\/www.facebook.com\/Medicalis-1737325559702106\/\" \/>\n<meta property=\"article:published_time\" content=\"2021-12-20T23:00:00+00:00\" \/>\n<meta property=\"article:modified_time\" content=\"2023-01-06T10:06:10+00:00\" \/>\n<meta property=\"og:image\" content=\"https:\/\/www.interiman-group.ch\/wp-content\/uploads\/2021\/12\/Jasmine-Leuthold-029.jpg\" \/>\n\t<meta property=\"og:image:width\" content=\"1000\" \/>\n\t<meta property=\"og:image:height\" content=\"667\" \/>\n\t<meta property=\"og:image:type\" content=\"image\/jpeg\" \/>\n<meta name=\"author\" content=\"mabbet\" \/>\n<meta name=\"twitter:card\" content=\"summary_large_image\" \/>\n<meta name=\"twitter:label1\" content=\"Scritto da\" \/>\n\t<meta name=\"twitter:data1\" content=\"mabbet\" \/>\n\t<meta name=\"twitter:label2\" content=\"Tempo di lettura stimato\" \/>\n\t<meta name=\"twitter:data2\" content=\"3 minuti\" \/>\n<script type=\"application\/ld+json\" class=\"yoast-schema-graph\">{\"@context\":\"https:\/\/schema.org\",\"@graph\":[{\"@type\":\"Article\",\"@id\":\"https:\/\/www.interiman-group.ch\/it\/premio-swiss-digital-hr-il-premio-del-pubblico-a-interiman-group\/#article\",\"isPartOf\":{\"@id\":\"https:\/\/www.interiman-group.ch\/it\/premio-swiss-digital-hr-il-premio-del-pubblico-a-interiman-group\/\"},\"author\":{\"name\":\"mabbet\",\"@id\":\"https:\/\/www.interiman-group.ch\/it\/#\/schema\/person\/6d4536c0fadd9a53bb7844aa8bc173de\"},\"headline\":\"Premio Swiss Digital HR: il premio del pubblico a Interiman Group\",\"datePublished\":\"2021-12-20T23:00:00+00:00\",\"dateModified\":\"2023-01-06T10:06:10+00:00\",\"mainEntityOfPage\":{\"@id\":\"https:\/\/www.interiman-group.ch\/it\/premio-swiss-digital-hr-il-premio-del-pubblico-a-interiman-group\/\"},\"wordCount\":589,\"publisher\":{\"@id\":\"https:\/\/www.interiman-group.ch\/it\/#organization\"},\"image\":{\"@id\":\"https:\/\/www.interiman-group.ch\/it\/premio-swiss-digital-hr-il-premio-del-pubblico-a-interiman-group\/#primaryimage\"},\"thumbnailUrl\":\"https:\/\/www.interiman-group.ch\/wp-content\/uploads\/2021\/12\/Jasmine-Leuthold-029.jpg\",\"keywords\":[\"Interiman Group\"],\"articleSection\":[\"Notizie\"],\"inLanguage\":\"it-IT\"},{\"@type\":\"WebPage\",\"@id\":\"https:\/\/www.interiman-group.ch\/it\/premio-swiss-digital-hr-il-premio-del-pubblico-a-interiman-group\/\",\"url\":\"https:\/\/www.interiman-group.ch\/it\/premio-swiss-digital-hr-il-premio-del-pubblico-a-interiman-group\/\",\"name\":\"Premio Swiss Digital HR: il premio del pubblico a Interiman Group - Interiman Group\",\"isPartOf\":{\"@id\":\"https:\/\/www.interiman-group.ch\/it\/#website\"},\"primaryImageOfPage\":{\"@id\":\"https:\/\/www.interiman-group.ch\/it\/premio-swiss-digital-hr-il-premio-del-pubblico-a-interiman-group\/#primaryimage\"},\"image\":{\"@id\":\"https:\/\/www.interiman-group.ch\/it\/premio-swiss-digital-hr-il-premio-del-pubblico-a-interiman-group\/#primaryimage\"},\"thumbnailUrl\":\"https:\/\/www.interiman-group.ch\/wp-content\/uploads\/2021\/12\/Jasmine-Leuthold-029.jpg\",\"datePublished\":\"2021-12-20T23:00:00+00:00\",\"dateModified\":\"2023-01-06T10:06:10+00:00\",\"breadcrumb\":{\"@id\":\"https:\/\/www.interiman-group.ch\/it\/premio-swiss-digital-hr-il-premio-del-pubblico-a-interiman-group\/#breadcrumb\"},\"inLanguage\":\"it-IT\",\"potentialAction\":[{\"@type\":\"ReadAction\",\"target\":[\"https:\/\/www.interiman-group.ch\/it\/premio-swiss-digital-hr-il-premio-del-pubblico-a-interiman-group\/\"]}]},{\"@type\":\"ImageObject\",\"inLanguage\":\"it-IT\",\"@id\":\"https:\/\/www.interiman-group.ch\/it\/premio-swiss-digital-hr-il-premio-del-pubblico-a-interiman-group\/#primaryimage\",\"url\":\"https:\/\/www.interiman-group.ch\/wp-content\/uploads\/2021\/12\/Jasmine-Leuthold-029.jpg\",\"contentUrl\":\"https:\/\/www.interiman-group.ch\/wp-content\/uploads\/2021\/12\/Jasmine-Leuthold-029.jpg\",\"width\":1000,\"height\":667},{\"@type\":\"BreadcrumbList\",\"@id\":\"https:\/\/www.interiman-group.ch\/it\/premio-swiss-digital-hr-il-premio-del-pubblico-a-interiman-group\/#breadcrumb\",\"itemListElement\":[{\"@type\":\"ListItem\",\"position\":1,\"name\":\"Accueil\",\"item\":\"https:\/\/www.interiman-group.ch\/it\/\"},{\"@type\":\"ListItem\",\"position\":2,\"name\":\"Premio Swiss Digital HR: il premio del pubblico a Interiman Group\"}]},{\"@type\":\"WebSite\",\"@id\":\"https:\/\/www.interiman-group.ch\/it\/#website\",\"url\":\"https:\/\/www.interiman-group.ch\/it\/\",\"name\":\"Interiman Group\",\"description\":\"\",\"publisher\":{\"@id\":\"https:\/\/www.interiman-group.ch\/it\/#organization\"},\"potentialAction\":[{\"@type\":\"SearchAction\",\"target\":{\"@type\":\"EntryPoint\",\"urlTemplate\":\"https:\/\/www.interiman-group.ch\/it\/?s={search_term_string}\"},\"query-input\":{\"@type\":\"PropertyValueSpecification\",\"valueRequired\":true,\"valueName\":\"search_term_string\"}}],\"inLanguage\":\"it-IT\"},{\"@type\":\"Organization\",\"@id\":\"https:\/\/www.interiman-group.ch\/it\/#organization\",\"name\":\"Interiman Group\",\"url\":\"https:\/\/www.interiman-group.ch\/it\/\",\"logo\":{\"@type\":\"ImageObject\",\"inLanguage\":\"it-IT\",\"@id\":\"https:\/\/www.interiman-group.ch\/it\/#\/schema\/logo\/image\/\",\"url\":\"https:\/\/www.interiman-group.ch\/wp-content\/uploads\/2022\/10\/igs-nav.png\",\"contentUrl\":\"https:\/\/www.interiman-group.ch\/wp-content\/uploads\/2022\/10\/igs-nav.png\",\"width\":157,\"height\":62,\"caption\":\"Interiman Group\"},\"image\":{\"@id\":\"https:\/\/www.interiman-group.ch\/it\/#\/schema\/logo\/image\/\"},\"sameAs\":[\"https:\/\/www.facebook.com\/Medicalis-1737325559702106\/\",\"https:\/\/www.linkedin.com\/company\/19057976\/\"]},{\"@type\":\"Person\",\"@id\":\"https:\/\/www.interiman-group.ch\/it\/#\/schema\/person\/6d4536c0fadd9a53bb7844aa8bc173de\",\"name\":\"mabbet\",\"image\":{\"@type\":\"ImageObject\",\"inLanguage\":\"it-IT\",\"@id\":\"https:\/\/www.interiman-group.ch\/it\/#\/schema\/person\/image\/\",\"url\":\"https:\/\/secure.gravatar.com\/avatar\/c9b8558dd936c0aabcc45d180fce99dccde96ff74ab27f8bbd6345c035cac21d?s=96&d=mm&r=g\",\"contentUrl\":\"https:\/\/secure.gravatar.com\/avatar\/c9b8558dd936c0aabcc45d180fce99dccde96ff74ab27f8bbd6345c035cac21d?s=96&d=mm&r=g\",\"caption\":\"mabbet\"},\"url\":\"https:\/\/www.interiman-group.ch\/it\/author\/mabbet\/\"}]}<\/script>\n<!-- \/ Yoast SEO plugin. -->","yoast_head_json":{"title":"Premio Swiss Digital HR: il premio del pubblico a Interiman Group - Interiman Group","robots":{"index":"index","follow":"follow","max-snippet":"max-snippet:-1","max-image-preview":"max-image-preview:large","max-video-preview":"max-video-preview:-1"},"canonical":"https:\/\/www.interiman-group.ch\/it\/premio-swiss-digital-hr-il-premio-del-pubblico-a-interiman-group\/","og_locale":"it_IT","og_type":"article","og_title":"Premio Swiss Digital HR: il premio del pubblico a Interiman Group - Interiman Group","og_description":"Per riconoscere l&#8217;impegno delle aziende in materia di trasformazione digitale, nel 2019 gli operatori dell&#8217;innovazione e delle Risorse umane hanno istituito il Premio Swiss Digital HR. Quest&#8217;anno, Interiman Group ha vinto il premio del pubblico, nel corso di una cerimonia ibrida che ha riunito circa duecento professionisti del settore delle Risorse umane. Questo riconoscimento ha [...]Leggi tutto... from Premio Swiss Digital HR: il premio del pubblico a Interiman Group","og_url":"https:\/\/www.interiman-group.ch\/it\/premio-swiss-digital-hr-il-premio-del-pubblico-a-interiman-group\/","og_site_name":"Interiman Group","article_publisher":"https:\/\/www.facebook.com\/Medicalis-1737325559702106\/","article_published_time":"2021-12-20T23:00:00+00:00","article_modified_time":"2023-01-06T10:06:10+00:00","og_image":[{"width":1000,"height":667,"url":"https:\/\/www.interiman-group.ch\/wp-content\/uploads\/2021\/12\/Jasmine-Leuthold-029.jpg","type":"image\/jpeg"}],"author":"mabbet","twitter_card":"summary_large_image","twitter_misc":{"Scritto da":"mabbet","Tempo di lettura stimato":"3 minuti"},"schema":{"@context":"https:\/\/schema.org","@graph":[{"@type":"Article","@id":"https:\/\/www.interiman-group.ch\/it\/premio-swiss-digital-hr-il-premio-del-pubblico-a-interiman-group\/#article","isPartOf":{"@id":"https:\/\/www.interiman-group.ch\/it\/premio-swiss-digital-hr-il-premio-del-pubblico-a-interiman-group\/"},"author":{"name":"mabbet","@id":"https:\/\/www.interiman-group.ch\/it\/#\/schema\/person\/6d4536c0fadd9a53bb7844aa8bc173de"},"headline":"Premio Swiss Digital HR: il premio del pubblico a Interiman Group","datePublished":"2021-12-20T23:00:00+00:00","dateModified":"2023-01-06T10:06:10+00:00","mainEntityOfPage":{"@id":"https:\/\/www.interiman-group.ch\/it\/premio-swiss-digital-hr-il-premio-del-pubblico-a-interiman-group\/"},"wordCount":589,"publisher":{"@id":"https:\/\/www.interiman-group.ch\/it\/#organization"},"image":{"@id":"https:\/\/www.interiman-group.ch\/it\/premio-swiss-digital-hr-il-premio-del-pubblico-a-interiman-group\/#primaryimage"},"thumbnailUrl":"https:\/\/www.interiman-group.ch\/wp-content\/uploads\/2021\/12\/Jasmine-Leuthold-029.jpg","keywords":["Interiman Group"],"articleSection":["Notizie"],"inLanguage":"it-IT"},{"@type":"WebPage","@id":"https:\/\/www.interiman-group.ch\/it\/premio-swiss-digital-hr-il-premio-del-pubblico-a-interiman-group\/","url":"https:\/\/www.interiman-group.ch\/it\/premio-swiss-digital-hr-il-premio-del-pubblico-a-interiman-group\/","name":"Premio Swiss Digital HR: il premio del pubblico a Interiman Group - Interiman Group","isPartOf":{"@id":"https:\/\/www.interiman-group.ch\/it\/#website"},"primaryImageOfPage":{"@id":"https:\/\/www.interiman-group.ch\/it\/premio-swiss-digital-hr-il-premio-del-pubblico-a-interiman-group\/#primaryimage"},"image":{"@id":"https:\/\/www.interiman-group.ch\/it\/premio-swiss-digital-hr-il-premio-del-pubblico-a-interiman-group\/#primaryimage"},"thumbnailUrl":"https:\/\/www.interiman-group.ch\/wp-content\/uploads\/2021\/12\/Jasmine-Leuthold-029.jpg","datePublished":"2021-12-20T23:00:00+00:00","dateModified":"2023-01-06T10:06:10+00:00","breadcrumb":{"@id":"https:\/\/www.interiman-group.ch\/it\/premio-swiss-digital-hr-il-premio-del-pubblico-a-interiman-group\/#breadcrumb"},"inLanguage":"it-IT","potentialAction":[{"@type":"ReadAction","target":["https:\/\/www.interiman-group.ch\/it\/premio-swiss-digital-hr-il-premio-del-pubblico-a-interiman-group\/"]}]},{"@type":"ImageObject","inLanguage":"it-IT","@id":"https:\/\/www.interiman-group.ch\/it\/premio-swiss-digital-hr-il-premio-del-pubblico-a-interiman-group\/#primaryimage","url":"https:\/\/www.interiman-group.ch\/wp-content\/uploads\/2021\/12\/Jasmine-Leuthold-029.jpg","contentUrl":"https:\/\/www.interiman-group.ch\/wp-content\/uploads\/2021\/12\/Jasmine-Leuthold-029.jpg","width":1000,"height":667},{"@type":"BreadcrumbList","@id":"https:\/\/www.interiman-group.ch\/it\/premio-swiss-digital-hr-il-premio-del-pubblico-a-interiman-group\/#breadcrumb","itemListElement":[{"@type":"ListItem","position":1,"name":"Accueil","item":"https:\/\/www.interiman-group.ch\/it\/"},{"@type":"ListItem","position":2,"name":"Premio Swiss Digital HR: il premio del pubblico a Interiman Group"}]},{"@type":"WebSite","@id":"https:\/\/www.interiman-group.ch\/it\/#website","url":"https:\/\/www.interiman-group.ch\/it\/","name":"Interiman Group","description":"","publisher":{"@id":"https:\/\/www.interiman-group.ch\/it\/#organization"},"potentialAction":[{"@type":"SearchAction","target":{"@type":"EntryPoint","urlTemplate":"https:\/\/www.interiman-group.ch\/it\/?s={search_term_string}"},"query-input":{"@type":"PropertyValueSpecification","valueRequired":true,"valueName":"search_term_string"}}],"inLanguage":"it-IT"},{"@type":"Organization","@id":"https:\/\/www.interiman-group.ch\/it\/#organization","name":"Interiman Group","url":"https:\/\/www.interiman-group.ch\/it\/","logo":{"@type":"ImageObject","inLanguage":"it-IT","@id":"https:\/\/www.interiman-group.ch\/it\/#\/schema\/logo\/image\/","url":"https:\/\/www.interiman-group.ch\/wp-content\/uploads\/2022\/10\/igs-nav.png","contentUrl":"https:\/\/www.interiman-group.ch\/wp-content\/uploads\/2022\/10\/igs-nav.png","width":157,"height":62,"caption":"Interiman Group"},"image":{"@id":"https:\/\/www.interiman-group.ch\/it\/#\/schema\/logo\/image\/"},"sameAs":["https:\/\/www.facebook.com\/Medicalis-1737325559702106\/","https:\/\/www.linkedin.com\/company\/19057976\/"]},{"@type":"Person","@id":"https:\/\/www.interiman-group.ch\/it\/#\/schema\/person\/6d4536c0fadd9a53bb7844aa8bc173de","name":"mabbet","image":{"@type":"ImageObject","inLanguage":"it-IT","@id":"https:\/\/www.interiman-group.ch\/it\/#\/schema\/person\/image\/","url":"https:\/\/secure.gravatar.com\/avatar\/c9b8558dd936c0aabcc45d180fce99dccde96ff74ab27f8bbd6345c035cac21d?s=96&d=mm&r=g","contentUrl":"https:\/\/secure.gravatar.com\/avatar\/c9b8558dd936c0aabcc45d180fce99dccde96ff74ab27f8bbd6345c035cac21d?s=96&d=mm&r=g","caption":"mabbet"},"url":"https:\/\/www.interiman-group.ch\/it\/author\/mabbet\/"}]}},"_links":{"self":[{"href":"https:\/\/www.interiman-group.ch\/it\/wp-json\/wp\/v2\/posts\/1257796","targetHints":{"allow":["GET"]}}],"collection":[{"href":"https:\/\/www.interiman-group.ch\/it\/wp-json\/wp\/v2\/posts"}],"about":[{"href":"https:\/\/www.interiman-group.ch\/it\/wp-json\/wp\/v2\/types\/post"}],"author":[{"embeddable":true,"href":"https:\/\/www.interiman-group.ch\/it\/wp-json\/wp\/v2\/users\/3"}],"replies":[{"embeddable":true,"href":"https:\/\/www.interiman-group.ch\/it\/wp-json\/wp\/v2\/comments?post=1257796"}],"version-history":[{"count":1,"href":"https:\/\/www.interiman-group.ch\/it\/wp-json\/wp\/v2\/posts\/1257796\/revisions"}],"predecessor-version":[{"id":1258359,"href":"https:\/\/www.interiman-group.ch\/it\/wp-json\/wp\/v2\/posts\/1257796\/revisions\/1258359"}],"wp:featuredmedia":[{"embeddable":true,"href":"https:\/\/www.interiman-group.ch\/it\/wp-json\/wp\/v2\/media\/1258356"}],"wp:attachment":[{"href":"https:\/\/www.interiman-group.ch\/it\/wp-json\/wp\/v2\/media?parent=1257796"}],"wp:term":[{"taxonomy":"category","embeddable":true,"href":"https:\/\/www.interiman-group.ch\/it\/wp-json\/wp\/v2\/categories?post=1257796"},{"taxonomy":"post_tag","embeddable":true,"href":"https:\/\/www.interiman-group.ch\/it\/wp-json\/wp\/v2\/tags?post=1257796"}],"curies":[{"name":"wp","href":"https:\/\/api.w.org\/{rel}","templated":true}]}}