{"id":1257798,"date":"2021-12-21T00:00:00","date_gmt":"2021-12-20T23:00:00","guid":{"rendered":"https:\/\/www.interiman-group.ch\/hotelis-nuova-collaborazione-per-i-grandi-eventi\/"},"modified":"2023-01-06T11:05:58","modified_gmt":"2023-01-06T10:05:58","slug":"hotelis-nuova-collaborazione-per-i-grandi-eventi","status":"publish","type":"post","link":"https:\/\/www.interiman-group.ch\/it\/hotelis-nuova-collaborazione-per-i-grandi-eventi\/","title":{"rendered":"Hotelis: nuova collaborazione per i grandi eventi"},"content":{"rendered":"\n<p><em>Nell&#8217;ambito del proprio sviluppo, Hotelis ha lanciato una nuova collaborazione con Goran Matkovic. Quest&#8217;ultimo incarica da diversi anni alcuni collaboratori interinali di seguire grandi eventi organizzati in tutta la Svizzera. L&#8217;ampia rete e il know-how nel settore degli eventi consentono alla societ\u00e0, che opera nel settore alberghiero e della ristorazione, di consolidare la propria presenza nella Svizzera tedesca, dove \u00e8 presente nelle citt\u00e0 di Berna e Zurigo.<\/em><\/p>\n\n\n\n<p>La chiusura obbligatoria di tutti gli stabilimenti pubblici a causa della pandemia ha colpito gravemente gli operatori nel settore alberghiero e della ristorazione, in Svizzera come negli altri Paesi. La progressiva vaccinazione delle popolazioni e la costante diminuzione del numero di nuovi casi ha determinato, negli ultimi mesi, un gradito ritorno a una forma di normalit\u00e0. Tutto ci\u00f2 ha comportato una ripresa delle attivit\u00e0, consentendo ai professionisti di riallacciare legami con la propria professione e i propri clienti. Sebbene il contesto di fine anno rappresenti una sfida, la nuova collaborazione fra Hotelis e Goran Matkovic invia comunque un segnale positivo a tutto il mercato, che pu\u00f2 ragionevolmente conservare l&#8217;autorizzazione legata all&#8217;organizzare eventi di medie e grandi dimensioni.<\/p>\n\n\n\n<p><span style=\"text-decoration: underline;\">Sviluppo nella Svizzera tedesca<\/span><\/p>\n\n\n\n<p>Nella Svizzera tedesca, luogo in cui lavora, Goran Matkovic collabora da diversi anni con gli organizzatori di grandi eventi emblematici. Dalla scorsa estate, la sua ampia rete e il suo know-how nel settore degli eventi sono al servizio di Hotelis. &#8220;Siamo lieti di poter attualmente contare sul contribuito di Goran Matkovic, che ci permetter\u00e0 di continuare a sviluppare le nostre attivit\u00e0 nella Svizzera tedesca. Questa partnership nasce a pochi mesi dall&#8217;apertura, nel 2020, di una succursale a Berna. Qui proponiamo i nostri servizi ai professionisti nel settore alberghiero e della ristorazione, presenti nella capitale e nella regione. La nuova sede si aggiunge alla nostra filiale di Zurigo&#8221;, commenta Lionel Fontaine, direttore di Hotelis.<\/p>\n\n\n\n<p>In generale, Hotelis assiste gi\u00e0 da qualche tempo a una significativa ripresa della domanda. Anzi, la tendenza si \u00e8 intensificata da quando si sono consolidati alcuni comportamenti. &#8220;Riceviamo segnali positivi anche dai nostri partner del settore, che rimangono generalmente fiduciosi dopo aver assistito, quest&#8217;estate, al ritorno della clientela americana, fra le altre. In questa prospettiva, Hotelis \u00e8 orgogliosa di proporre ai clienti soluzioni innovative&#8221;, prosegue Lionel Fontaine.<\/p>\n\n\n\n<p><span style=\"text-decoration: underline;\">Gestire al meglio i costi del personale<\/span><\/p>\n\n\n\n<p>Pi\u00f9 che mai, la societ\u00e0 si rivela un partner indispensabile. &#8220;Prima della pandemia, il settore alberghiero e della ristorazione riusciva a disporre di personale fisso, perch\u00e9 il numero di persone che frequentava gli stabilimenti era costante. In seguito alla contrazione del turismo mondiale e degli eventi, il settore ha dovuto fare i conti con team di dimensioni ridotte. Hotelis consente di gestire i flussi e controllare i costi del personale, una strategia vincente in questo periodo di ripresa dopo la crisi.&#8221;<\/p>\n\n\n\n<p>Per le aziende, naturalmente, il vantaggio \u00e8 dover pagare unicamente le ore di lavoro. Tale modello \u00e8 molto apprezzato poich\u00e9 offre una gradita flessibilit\u00e0 in un periodo caratterizzato da incertezze considerevoli. \u00c8 evidente che se uno stabilimento \u00e8 redditizio unicamente durante i fine settimana deve poter adattare le proprie esigenze di personale. &#8220;Si tratta di un modello per il futuro che vale sia per i datori di lavoro, sia per i dipendenti: le generazioni giovani sono <em>lavoratori flessibili<\/em> che tengono alla propria libert\u00e0 pi\u00f9 che a ogni altra cosa&#8221;, conclude Lionel Fontaine.<\/p>\n","protected":false},"excerpt":{"rendered":"<p>Nell&#8217;ambito del proprio sviluppo, Hotelis ha lanciato una nuova collaborazione con Goran Matkovic. Quest&#8217;ultimo incarica da diversi anni alcuni collaboratori interinali di seguire grandi eventi organizzati in tutta la Svizzera. L&#8217;ampia rete e il know-how nel settore degli eventi consentono alla societ\u00e0, che opera nel settore alberghiero e della ristorazione, di consolidare la propria presenza [&#8230;]<\/p>\n<p><a class=\"btn btn-secondary understrap-read-more-link\" href=\"https:\/\/www.interiman-group.ch\/it\/hotelis-nuova-collaborazione-per-i-grandi-eventi\/\">Leggi tutto&#8230;<span class=\"screen-reader-text\"> from Hotelis: nuova collaborazione per i grandi eventi<\/span><\/a><\/p>\n","protected":false},"author":3,"featured_media":1258255,"comment_status":"closed","ping_status":"closed","sticky":false,"template":"","format":"standard","meta":{"_monsterinsights_skip_tracking":false,"_monsterinsights_sitenote_active":false,"_monsterinsights_sitenote_note":"","_monsterinsights_sitenote_category":0,"footnotes":""},"categories":[117],"tags":[136],"class_list":["post-1257798","post","type-post","status-publish","format-standard","has-post-thumbnail","hentry","category-news-it","tag-hotelis-it"],"yoast_head":"<!-- This site is optimized with the Yoast SEO plugin v26.9 - https:\/\/yoast.com\/product\/yoast-seo-wordpress\/ -->\n<title>Hotelis: nuova collaborazione per i grandi eventi - Interiman Group<\/title>\n<meta name=\"robots\" content=\"index, follow, max-snippet:-1, max-image-preview:large, max-video-preview:-1\" \/>\n<link rel=\"canonical\" href=\"https:\/\/www.interiman-group.ch\/it\/hotelis-nuova-collaborazione-per-i-grandi-eventi\/\" \/>\n<meta property=\"og:locale\" content=\"it_IT\" \/>\n<meta property=\"og:type\" content=\"article\" \/>\n<meta property=\"og:title\" content=\"Hotelis: nuova collaborazione per i grandi eventi - Interiman Group\" \/>\n<meta property=\"og:description\" content=\"Nell&#8217;ambito del proprio sviluppo, Hotelis ha lanciato una nuova collaborazione con Goran Matkovic. Quest&#8217;ultimo incarica da diversi anni alcuni collaboratori interinali di seguire grandi eventi organizzati in tutta la Svizzera. L&#8217;ampia rete e il know-how nel settore degli eventi consentono alla societ\u00e0, che opera nel settore alberghiero e della ristorazione, di consolidare la propria presenza [...]Leggi tutto... from Hotelis: nuova collaborazione per i grandi eventi\" \/>\n<meta property=\"og:url\" content=\"https:\/\/www.interiman-group.ch\/it\/hotelis-nuova-collaborazione-per-i-grandi-eventi\/\" \/>\n<meta property=\"og:site_name\" content=\"Interiman Group\" \/>\n<meta property=\"article:publisher\" content=\"https:\/\/www.facebook.com\/Medicalis-1737325559702106\/\" \/>\n<meta property=\"article:published_time\" content=\"2021-12-20T23:00:00+00:00\" \/>\n<meta property=\"article:modified_time\" content=\"2023-01-06T10:05:58+00:00\" \/>\n<meta property=\"og:image\" content=\"https:\/\/www.interiman-group.ch\/wp-content\/uploads\/2022\/12\/AdobeStock_275959615.jpg\" \/>\n\t<meta property=\"og:image:width\" content=\"1920\" \/>\n\t<meta property=\"og:image:height\" content=\"1280\" \/>\n\t<meta property=\"og:image:type\" content=\"image\/jpeg\" \/>\n<meta name=\"author\" content=\"mabbet\" \/>\n<meta name=\"twitter:card\" content=\"summary_large_image\" \/>\n<meta name=\"twitter:label1\" content=\"Scritto da\" \/>\n\t<meta name=\"twitter:data1\" content=\"mabbet\" \/>\n\t<meta name=\"twitter:label2\" content=\"Tempo di lettura stimato\" \/>\n\t<meta name=\"twitter:data2\" content=\"3 minuti\" \/>\n<script type=\"application\/ld+json\" class=\"yoast-schema-graph\">{\"@context\":\"https:\/\/schema.org\",\"@graph\":[{\"@type\":\"Article\",\"@id\":\"https:\/\/www.interiman-group.ch\/it\/hotelis-nuova-collaborazione-per-i-grandi-eventi\/#article\",\"isPartOf\":{\"@id\":\"https:\/\/www.interiman-group.ch\/it\/hotelis-nuova-collaborazione-per-i-grandi-eventi\/\"},\"author\":{\"name\":\"mabbet\",\"@id\":\"https:\/\/www.interiman-group.ch\/it\/#\/schema\/person\/6d4536c0fadd9a53bb7844aa8bc173de\"},\"headline\":\"Hotelis: nuova collaborazione per i grandi eventi\",\"datePublished\":\"2021-12-20T23:00:00+00:00\",\"dateModified\":\"2023-01-06T10:05:58+00:00\",\"mainEntityOfPage\":{\"@id\":\"https:\/\/www.interiman-group.ch\/it\/hotelis-nuova-collaborazione-per-i-grandi-eventi\/\"},\"wordCount\":554,\"publisher\":{\"@id\":\"https:\/\/www.interiman-group.ch\/it\/#organization\"},\"image\":{\"@id\":\"https:\/\/www.interiman-group.ch\/it\/hotelis-nuova-collaborazione-per-i-grandi-eventi\/#primaryimage\"},\"thumbnailUrl\":\"https:\/\/www.interiman-group.ch\/wp-content\/uploads\/2022\/12\/AdobeStock_275959615.jpg\",\"keywords\":[\"Hotelis\"],\"articleSection\":[\"Notizie\"],\"inLanguage\":\"it-IT\"},{\"@type\":\"WebPage\",\"@id\":\"https:\/\/www.interiman-group.ch\/it\/hotelis-nuova-collaborazione-per-i-grandi-eventi\/\",\"url\":\"https:\/\/www.interiman-group.ch\/it\/hotelis-nuova-collaborazione-per-i-grandi-eventi\/\",\"name\":\"Hotelis: nuova collaborazione per i grandi eventi - Interiman Group\",\"isPartOf\":{\"@id\":\"https:\/\/www.interiman-group.ch\/it\/#website\"},\"primaryImageOfPage\":{\"@id\":\"https:\/\/www.interiman-group.ch\/it\/hotelis-nuova-collaborazione-per-i-grandi-eventi\/#primaryimage\"},\"image\":{\"@id\":\"https:\/\/www.interiman-group.ch\/it\/hotelis-nuova-collaborazione-per-i-grandi-eventi\/#primaryimage\"},\"thumbnailUrl\":\"https:\/\/www.interiman-group.ch\/wp-content\/uploads\/2022\/12\/AdobeStock_275959615.jpg\",\"datePublished\":\"2021-12-20T23:00:00+00:00\",\"dateModified\":\"2023-01-06T10:05:58+00:00\",\"breadcrumb\":{\"@id\":\"https:\/\/www.interiman-group.ch\/it\/hotelis-nuova-collaborazione-per-i-grandi-eventi\/#breadcrumb\"},\"inLanguage\":\"it-IT\",\"potentialAction\":[{\"@type\":\"ReadAction\",\"target\":[\"https:\/\/www.interiman-group.ch\/it\/hotelis-nuova-collaborazione-per-i-grandi-eventi\/\"]}]},{\"@type\":\"ImageObject\",\"inLanguage\":\"it-IT\",\"@id\":\"https:\/\/www.interiman-group.ch\/it\/hotelis-nuova-collaborazione-per-i-grandi-eventi\/#primaryimage\",\"url\":\"https:\/\/www.interiman-group.ch\/wp-content\/uploads\/2022\/12\/AdobeStock_275959615.jpg\",\"contentUrl\":\"https:\/\/www.interiman-group.ch\/wp-content\/uploads\/2022\/12\/AdobeStock_275959615.jpg\",\"width\":1920,\"height\":1280},{\"@type\":\"BreadcrumbList\",\"@id\":\"https:\/\/www.interiman-group.ch\/it\/hotelis-nuova-collaborazione-per-i-grandi-eventi\/#breadcrumb\",\"itemListElement\":[{\"@type\":\"ListItem\",\"position\":1,\"name\":\"Accueil\",\"item\":\"https:\/\/www.interiman-group.ch\/it\/\"},{\"@type\":\"ListItem\",\"position\":2,\"name\":\"Hotelis: nuova collaborazione per i grandi eventi\"}]},{\"@type\":\"WebSite\",\"@id\":\"https:\/\/www.interiman-group.ch\/it\/#website\",\"url\":\"https:\/\/www.interiman-group.ch\/it\/\",\"name\":\"Interiman Group\",\"description\":\"\",\"publisher\":{\"@id\":\"https:\/\/www.interiman-group.ch\/it\/#organization\"},\"potentialAction\":[{\"@type\":\"SearchAction\",\"target\":{\"@type\":\"EntryPoint\",\"urlTemplate\":\"https:\/\/www.interiman-group.ch\/it\/?s={search_term_string}\"},\"query-input\":{\"@type\":\"PropertyValueSpecification\",\"valueRequired\":true,\"valueName\":\"search_term_string\"}}],\"inLanguage\":\"it-IT\"},{\"@type\":\"Organization\",\"@id\":\"https:\/\/www.interiman-group.ch\/it\/#organization\",\"name\":\"Interiman Group\",\"url\":\"https:\/\/www.interiman-group.ch\/it\/\",\"logo\":{\"@type\":\"ImageObject\",\"inLanguage\":\"it-IT\",\"@id\":\"https:\/\/www.interiman-group.ch\/it\/#\/schema\/logo\/image\/\",\"url\":\"https:\/\/www.interiman-group.ch\/wp-content\/uploads\/2022\/10\/igs-nav.png\",\"contentUrl\":\"https:\/\/www.interiman-group.ch\/wp-content\/uploads\/2022\/10\/igs-nav.png\",\"width\":157,\"height\":62,\"caption\":\"Interiman Group\"},\"image\":{\"@id\":\"https:\/\/www.interiman-group.ch\/it\/#\/schema\/logo\/image\/\"},\"sameAs\":[\"https:\/\/www.facebook.com\/Medicalis-1737325559702106\/\",\"https:\/\/www.linkedin.com\/company\/19057976\/\"]},{\"@type\":\"Person\",\"@id\":\"https:\/\/www.interiman-group.ch\/it\/#\/schema\/person\/6d4536c0fadd9a53bb7844aa8bc173de\",\"name\":\"mabbet\",\"image\":{\"@type\":\"ImageObject\",\"inLanguage\":\"it-IT\",\"@id\":\"https:\/\/www.interiman-group.ch\/it\/#\/schema\/person\/image\/\",\"url\":\"https:\/\/secure.gravatar.com\/avatar\/c9b8558dd936c0aabcc45d180fce99dccde96ff74ab27f8bbd6345c035cac21d?s=96&d=mm&r=g\",\"contentUrl\":\"https:\/\/secure.gravatar.com\/avatar\/c9b8558dd936c0aabcc45d180fce99dccde96ff74ab27f8bbd6345c035cac21d?s=96&d=mm&r=g\",\"caption\":\"mabbet\"},\"url\":\"https:\/\/www.interiman-group.ch\/it\/author\/mabbet\/\"}]}<\/script>\n<!-- \/ Yoast SEO plugin. -->","yoast_head_json":{"title":"Hotelis: nuova collaborazione per i grandi eventi - Interiman Group","robots":{"index":"index","follow":"follow","max-snippet":"max-snippet:-1","max-image-preview":"max-image-preview:large","max-video-preview":"max-video-preview:-1"},"canonical":"https:\/\/www.interiman-group.ch\/it\/hotelis-nuova-collaborazione-per-i-grandi-eventi\/","og_locale":"it_IT","og_type":"article","og_title":"Hotelis: nuova collaborazione per i grandi eventi - Interiman Group","og_description":"Nell&#8217;ambito del proprio sviluppo, Hotelis ha lanciato una nuova collaborazione con Goran Matkovic. Quest&#8217;ultimo incarica da diversi anni alcuni collaboratori interinali di seguire grandi eventi organizzati in tutta la Svizzera. L&#8217;ampia rete e il know-how nel settore degli eventi consentono alla societ\u00e0, che opera nel settore alberghiero e della ristorazione, di consolidare la propria presenza [...]Leggi tutto... from Hotelis: nuova collaborazione per i grandi eventi","og_url":"https:\/\/www.interiman-group.ch\/it\/hotelis-nuova-collaborazione-per-i-grandi-eventi\/","og_site_name":"Interiman Group","article_publisher":"https:\/\/www.facebook.com\/Medicalis-1737325559702106\/","article_published_time":"2021-12-20T23:00:00+00:00","article_modified_time":"2023-01-06T10:05:58+00:00","og_image":[{"width":1920,"height":1280,"url":"https:\/\/www.interiman-group.ch\/wp-content\/uploads\/2022\/12\/AdobeStock_275959615.jpg","type":"image\/jpeg"}],"author":"mabbet","twitter_card":"summary_large_image","twitter_misc":{"Scritto da":"mabbet","Tempo di lettura stimato":"3 minuti"},"schema":{"@context":"https:\/\/schema.org","@graph":[{"@type":"Article","@id":"https:\/\/www.interiman-group.ch\/it\/hotelis-nuova-collaborazione-per-i-grandi-eventi\/#article","isPartOf":{"@id":"https:\/\/www.interiman-group.ch\/it\/hotelis-nuova-collaborazione-per-i-grandi-eventi\/"},"author":{"name":"mabbet","@id":"https:\/\/www.interiman-group.ch\/it\/#\/schema\/person\/6d4536c0fadd9a53bb7844aa8bc173de"},"headline":"Hotelis: nuova collaborazione per i grandi eventi","datePublished":"2021-12-20T23:00:00+00:00","dateModified":"2023-01-06T10:05:58+00:00","mainEntityOfPage":{"@id":"https:\/\/www.interiman-group.ch\/it\/hotelis-nuova-collaborazione-per-i-grandi-eventi\/"},"wordCount":554,"publisher":{"@id":"https:\/\/www.interiman-group.ch\/it\/#organization"},"image":{"@id":"https:\/\/www.interiman-group.ch\/it\/hotelis-nuova-collaborazione-per-i-grandi-eventi\/#primaryimage"},"thumbnailUrl":"https:\/\/www.interiman-group.ch\/wp-content\/uploads\/2022\/12\/AdobeStock_275959615.jpg","keywords":["Hotelis"],"articleSection":["Notizie"],"inLanguage":"it-IT"},{"@type":"WebPage","@id":"https:\/\/www.interiman-group.ch\/it\/hotelis-nuova-collaborazione-per-i-grandi-eventi\/","url":"https:\/\/www.interiman-group.ch\/it\/hotelis-nuova-collaborazione-per-i-grandi-eventi\/","name":"Hotelis: nuova collaborazione per i grandi eventi - Interiman Group","isPartOf":{"@id":"https:\/\/www.interiman-group.ch\/it\/#website"},"primaryImageOfPage":{"@id":"https:\/\/www.interiman-group.ch\/it\/hotelis-nuova-collaborazione-per-i-grandi-eventi\/#primaryimage"},"image":{"@id":"https:\/\/www.interiman-group.ch\/it\/hotelis-nuova-collaborazione-per-i-grandi-eventi\/#primaryimage"},"thumbnailUrl":"https:\/\/www.interiman-group.ch\/wp-content\/uploads\/2022\/12\/AdobeStock_275959615.jpg","datePublished":"2021-12-20T23:00:00+00:00","dateModified":"2023-01-06T10:05:58+00:00","breadcrumb":{"@id":"https:\/\/www.interiman-group.ch\/it\/hotelis-nuova-collaborazione-per-i-grandi-eventi\/#breadcrumb"},"inLanguage":"it-IT","potentialAction":[{"@type":"ReadAction","target":["https:\/\/www.interiman-group.ch\/it\/hotelis-nuova-collaborazione-per-i-grandi-eventi\/"]}]},{"@type":"ImageObject","inLanguage":"it-IT","@id":"https:\/\/www.interiman-group.ch\/it\/hotelis-nuova-collaborazione-per-i-grandi-eventi\/#primaryimage","url":"https:\/\/www.interiman-group.ch\/wp-content\/uploads\/2022\/12\/AdobeStock_275959615.jpg","contentUrl":"https:\/\/www.interiman-group.ch\/wp-content\/uploads\/2022\/12\/AdobeStock_275959615.jpg","width":1920,"height":1280},{"@type":"BreadcrumbList","@id":"https:\/\/www.interiman-group.ch\/it\/hotelis-nuova-collaborazione-per-i-grandi-eventi\/#breadcrumb","itemListElement":[{"@type":"ListItem","position":1,"name":"Accueil","item":"https:\/\/www.interiman-group.ch\/it\/"},{"@type":"ListItem","position":2,"name":"Hotelis: nuova collaborazione per i grandi eventi"}]},{"@type":"WebSite","@id":"https:\/\/www.interiman-group.ch\/it\/#website","url":"https:\/\/www.interiman-group.ch\/it\/","name":"Interiman Group","description":"","publisher":{"@id":"https:\/\/www.interiman-group.ch\/it\/#organization"},"potentialAction":[{"@type":"SearchAction","target":{"@type":"EntryPoint","urlTemplate":"https:\/\/www.interiman-group.ch\/it\/?s={search_term_string}"},"query-input":{"@type":"PropertyValueSpecification","valueRequired":true,"valueName":"search_term_string"}}],"inLanguage":"it-IT"},{"@type":"Organization","@id":"https:\/\/www.interiman-group.ch\/it\/#organization","name":"Interiman Group","url":"https:\/\/www.interiman-group.ch\/it\/","logo":{"@type":"ImageObject","inLanguage":"it-IT","@id":"https:\/\/www.interiman-group.ch\/it\/#\/schema\/logo\/image\/","url":"https:\/\/www.interiman-group.ch\/wp-content\/uploads\/2022\/10\/igs-nav.png","contentUrl":"https:\/\/www.interiman-group.ch\/wp-content\/uploads\/2022\/10\/igs-nav.png","width":157,"height":62,"caption":"Interiman Group"},"image":{"@id":"https:\/\/www.interiman-group.ch\/it\/#\/schema\/logo\/image\/"},"sameAs":["https:\/\/www.facebook.com\/Medicalis-1737325559702106\/","https:\/\/www.linkedin.com\/company\/19057976\/"]},{"@type":"Person","@id":"https:\/\/www.interiman-group.ch\/it\/#\/schema\/person\/6d4536c0fadd9a53bb7844aa8bc173de","name":"mabbet","image":{"@type":"ImageObject","inLanguage":"it-IT","@id":"https:\/\/www.interiman-group.ch\/it\/#\/schema\/person\/image\/","url":"https:\/\/secure.gravatar.com\/avatar\/c9b8558dd936c0aabcc45d180fce99dccde96ff74ab27f8bbd6345c035cac21d?s=96&d=mm&r=g","contentUrl":"https:\/\/secure.gravatar.com\/avatar\/c9b8558dd936c0aabcc45d180fce99dccde96ff74ab27f8bbd6345c035cac21d?s=96&d=mm&r=g","caption":"mabbet"},"url":"https:\/\/www.interiman-group.ch\/it\/author\/mabbet\/"}]}},"_links":{"self":[{"href":"https:\/\/www.interiman-group.ch\/it\/wp-json\/wp\/v2\/posts\/1257798","targetHints":{"allow":["GET"]}}],"collection":[{"href":"https:\/\/www.interiman-group.ch\/it\/wp-json\/wp\/v2\/posts"}],"about":[{"href":"https:\/\/www.interiman-group.ch\/it\/wp-json\/wp\/v2\/types\/post"}],"author":[{"embeddable":true,"href":"https:\/\/www.interiman-group.ch\/it\/wp-json\/wp\/v2\/users\/3"}],"replies":[{"embeddable":true,"href":"https:\/\/www.interiman-group.ch\/it\/wp-json\/wp\/v2\/comments?post=1257798"}],"version-history":[{"count":1,"href":"https:\/\/www.interiman-group.ch\/it\/wp-json\/wp\/v2\/posts\/1257798\/revisions"}],"predecessor-version":[{"id":1258344,"href":"https:\/\/www.interiman-group.ch\/it\/wp-json\/wp\/v2\/posts\/1257798\/revisions\/1258344"}],"wp:featuredmedia":[{"embeddable":true,"href":"https:\/\/www.interiman-group.ch\/it\/wp-json\/wp\/v2\/media\/1258255"}],"wp:attachment":[{"href":"https:\/\/www.interiman-group.ch\/it\/wp-json\/wp\/v2\/media?parent=1257798"}],"wp:term":[{"taxonomy":"category","embeddable":true,"href":"https:\/\/www.interiman-group.ch\/it\/wp-json\/wp\/v2\/categories?post=1257798"},{"taxonomy":"post_tag","embeddable":true,"href":"https:\/\/www.interiman-group.ch\/it\/wp-json\/wp\/v2\/tags?post=1257798"}],"curies":[{"name":"wp","href":"https:\/\/api.w.org\/{rel}","templated":true}]}}