{"id":1257801,"date":"2022-02-17T00:00:00","date_gmt":"2022-02-16T23:00:00","guid":{"rendered":"https:\/\/www.interiman-group.ch\/chi-e-raymond-knigge-fondatore-di-interiman-group\/"},"modified":"2023-01-06T11:05:19","modified_gmt":"2023-01-06T10:05:19","slug":"chi-e-raymond-knigge-fondatore-di-interiman-group","status":"publish","type":"post","link":"https:\/\/www.interiman-group.ch\/it\/chi-e-raymond-knigge-fondatore-di-interiman-group\/","title":{"rendered":"Chi \u00e8 Raymond Knigge, fondatore di Interiman Group?"},"content":{"rendered":"\n<p><\/p>\n\n\n\n<p><em>A lui si deve la creazione, nel 1998, di Interiman Group, la cui crescita ininterrotta si protrae da quasi vent&#8217;anni, permettendole di conseguire un nuovo record di vendite nel 2021. Ma chi \u00e8 Raymond Knigge? \u00c8 celebre per il fiuto in materia di strategia commerciale, come anche per la capacit\u00e0 di reclutare le figure pi\u00f9 competenti e, infine, per la schiettezza, soprattutto quando si tratta di occuparsi di questioni d&#8217;interesse generale. Ecco come la passione per il calcio si \u00e8 trasformata in &#8220;passione per il tuo successo&#8221;.&nbsp;&nbsp;&nbsp;<\/em><\/p>\n\n\n\n<p>\u00c8 risaputo che numerosi ex atleti professionisti operano attivamente all&#8217;interno di Interiman Group. Il pi\u00f9 celebre \u00e8 indubbiamente il fondatore dell&#8217;azienda, Raymond Knigge: il giocatore del Canton Vaud vive per il calcio ormai da molto tempo. \u00c8 cos\u00ec che, ancora giovanissimo, firma un contratto con il Lausanne-Sports e a sedici anni entra nella squadra juniores svizzera; contemporaneamente, inizia un apprendistato come impiegato di commercio.<\/p>\n\n\n\n<p>Questo primo contatto con il mondo agonistico rappresenta una svolta. A 19 anni inizia a lavorare per Coca-Cola, dove fa carriera. Inizia come venditore, ma nell&#8217;arco di cinque anni diventa responsabile delle vendite, dopo aver seguito per due anni corsi di marketing erogati dalla Sawi. In seguito, riceve la proposta di entrare a far parte di un&#8217;azienda di collocamento fisso e temporaneo. Il calcio, quindi, passa in secondo piano. &#8220;All&#8217;epoca ebbi qualche dubbio, quando vedevo che i miei compagni apparivano in televisione o firmavano contratti importanti. Per\u00f2 non ho mai provato invidia, semplicemente perch\u00e9 avevo scelto il mio percorso in autonomia&#8221; , rivela.<\/p>\n\n\n\n<p><\/p>\n\n\n\n<h2 class=\"wp-block-heading\">Circondarsi di figure pi\u00f9 competenti<\/h2>\n\n\n\n<p><\/p>\n\n\n\n<p>Anche quando decide di avviare un&#8217;azienda tutta sua, lo fa autonomamente. Intraprende questo percorso nel 1998, stanco di dover sempre giustificare le proprie iniziative con la direzione del gruppo con cui lavorava allora. L&#8217;esordio non \u00e8 facile. Knigge, per\u00f2, prende di petto le difficolt\u00e0: &#8220;Mi sono assicurato di circondarmi di collaboratori pi\u00f9 bravi di me. E mi sono reso conto di avere un&#8217;anima da imprenditore, piuttosto che da direttore&#8221;.<\/p>\n\n\n\n<p>Aveva, peraltro, investito personalmente una cifra ingente nell&#8217;affare, per coprire le spese dei primi tre mesi di attivit\u00e0. Alla fine del quarto, ottiene una linea di credito. &#8220;Mi ha sottoposto a un carico di tensione enorme, ma sono fatto cos\u00ec&#8221;.<\/p>\n\n\n\n<p>In termini di gestione dei team, fin da subito promuove l&#8217;iniziativa personale. \u00c8 convinto che i collaboratori siano pi\u00f9 importanti del marchio, motivo per cui beneficiano di una certa libert\u00e0 d&#8217;azione. &#8220;Raymond Knigge sostiene spesso che, per lui, i suoi collaboratori sono l&#8217;elemento pi\u00f9 importante. Avendo lavorato al suo fianco pi\u00f9 di 25 anni fa, e avendo scoperto recentemente lo spirito che guida le azioni di Interiman Group, posso confermare che \u00e8 effettivamente cos\u00ec. Ci\u00f2 che pi\u00f9 apprezzo \u00e8 la cultura aziendale di Knigge, che pone l&#8217;essere umano al centro; in virt\u00f9 di essa la direzione \u00e8 sempre accessibile a tutti\u00bb, illustra un collaboratore, anch&#8217;esso ex calciatore professionista.<\/p>\n\n\n\n<p><\/p>\n\n\n\n<h2 class=\"wp-block-heading\">Un nuovo servizio per il 2022<\/h2>\n\n\n\n<p><\/p>\n\n\n\n<p>Che influenza esercita il passato da atleta di Raymond Knigge e di numerosi suoi collaboratori? Lo sport di competizione \u00e8 uno dei rari ambienti alla ricerca costante di miglioramento, il cui successo dipende principalmente dalla capacit\u00e0 di adattarsi. Questo retaggio, quindi, riveste un ruolo non trascurabile all&#8217;interno del gruppo. Anche se il calcio professionale \u00e8 spesso associato allo spirito di competizione, non si pu\u00f2 trascurare l&#8217;umilt\u00e0 che ogni giocatore \u00e8 tenuto a possedere. All&#8217;interno di questo contesto, ogni settimana le squadre sono sottoposte a diverse prove. &#8220;Che si vinca o che si perda, bisogna rimanere concentrati, perseverare e mettersi continuamente in discussione&#8221;, racconta Raymond Knigge. \u00c8 senza dubbio questa la causa della formidabile storia costellata di successi di Interiman Group.<\/p>\n\n\n\n<p>In termini di strategia il fondatore possiede, poi, una visione estremamente nitida dei propri obiettivi, a breve e a medio termine. Contemporaneamente, diversi progetti a beneficio del gruppo vengono continuamente sviluppati. &#8220;Quest&#8217;anno abbiamo intenzione di inaugurare un nuovo servizio a favore dei pensionati. L&#8217;idea \u00e8 nata dalla mia convinzione che ci siano molte persone come me (sono nato nel 1956), che non vogliono smettere completamente di lavorare quando raggiungono l&#8217;et\u00e0 della pensione. Il periodo \u00e8 particolarmente propizio, negli ultimi tempi si parla spesso di carenza di personale qualificato, una dinamica che in futuro continuer\u00e0 ad acuirsi&#8221;.<\/p>\n","protected":false},"excerpt":{"rendered":"<p>A lui si deve la creazione, nel 1998, di Interiman Group, la cui crescita ininterrotta si protrae da quasi vent&#8217;anni, permettendole di conseguire un nuovo record di vendite nel 2021. Ma chi \u00e8 Raymond Knigge? \u00c8 celebre per il fiuto in materia di strategia commerciale, come anche per la capacit\u00e0 di reclutare le figure pi\u00f9 [&#8230;]<\/p>\n<p><a class=\"btn btn-secondary understrap-read-more-link\" href=\"https:\/\/www.interiman-group.ch\/it\/chi-e-raymond-knigge-fondatore-di-interiman-group\/\">Leggi tutto&#8230;<span class=\"screen-reader-text\"> from Chi \u00e8 Raymond Knigge, fondatore di Interiman Group?<\/span><\/a><\/p>\n","protected":false},"author":3,"featured_media":1258316,"comment_status":"closed","ping_status":"open","sticky":false,"template":"","format":"standard","meta":{"_monsterinsights_skip_tracking":false,"_monsterinsights_sitenote_active":false,"_monsterinsights_sitenote_note":"","_monsterinsights_sitenote_category":0,"footnotes":""},"categories":[123],"tags":[150],"class_list":["post-1257801","post","type-post","status-publish","format-standard","has-post-thumbnail","hentry","category-communiques-it","tag-igs-it"],"yoast_head":"<!-- This site is optimized with the Yoast SEO plugin v26.9 - https:\/\/yoast.com\/product\/yoast-seo-wordpress\/ -->\n<title>Chi \u00e8 Raymond Knigge, fondatore di Interiman Group? - Interiman Group<\/title>\n<meta name=\"robots\" content=\"index, follow, max-snippet:-1, max-image-preview:large, max-video-preview:-1\" \/>\n<link rel=\"canonical\" href=\"https:\/\/www.interiman-group.ch\/it\/chi-e-raymond-knigge-fondatore-di-interiman-group\/\" \/>\n<meta property=\"og:locale\" content=\"it_IT\" \/>\n<meta property=\"og:type\" content=\"article\" \/>\n<meta property=\"og:title\" content=\"Chi \u00e8 Raymond Knigge, fondatore di Interiman Group? - Interiman Group\" \/>\n<meta property=\"og:description\" content=\"A lui si deve la creazione, nel 1998, di Interiman Group, la cui crescita ininterrotta si protrae da quasi vent&#8217;anni, permettendole di conseguire un nuovo record di vendite nel 2021. Ma chi \u00e8 Raymond Knigge? \u00c8 celebre per il fiuto in materia di strategia commerciale, come anche per la capacit\u00e0 di reclutare le figure pi\u00f9 [...]Leggi tutto... from Chi \u00e8 Raymond Knigge, fondatore di Interiman Group?\" \/>\n<meta property=\"og:url\" content=\"https:\/\/www.interiman-group.ch\/it\/chi-e-raymond-knigge-fondatore-di-interiman-group\/\" \/>\n<meta property=\"og:site_name\" content=\"Interiman Group\" \/>\n<meta property=\"article:publisher\" content=\"https:\/\/www.facebook.com\/Medicalis-1737325559702106\/\" \/>\n<meta property=\"article:published_time\" content=\"2022-02-16T23:00:00+00:00\" \/>\n<meta property=\"article:modified_time\" content=\"2023-01-06T10:05:19+00:00\" \/>\n<meta property=\"og:image\" content=\"https:\/\/www.interiman-group.ch\/wp-content\/uploads\/2022\/02\/Raymond-Knigge-007.jpg\" \/>\n\t<meta property=\"og:image:width\" content=\"1000\" \/>\n\t<meta property=\"og:image:height\" content=\"667\" \/>\n\t<meta property=\"og:image:type\" content=\"image\/jpeg\" \/>\n<meta name=\"author\" content=\"mabbet\" \/>\n<meta name=\"twitter:card\" content=\"summary_large_image\" \/>\n<meta name=\"twitter:label1\" content=\"Scritto da\" \/>\n\t<meta name=\"twitter:data1\" content=\"mabbet\" \/>\n\t<meta name=\"twitter:label2\" content=\"Tempo di lettura stimato\" \/>\n\t<meta name=\"twitter:data2\" content=\"4 minuti\" \/>\n<script type=\"application\/ld+json\" class=\"yoast-schema-graph\">{\"@context\":\"https:\/\/schema.org\",\"@graph\":[{\"@type\":\"Article\",\"@id\":\"https:\/\/www.interiman-group.ch\/it\/chi-e-raymond-knigge-fondatore-di-interiman-group\/#article\",\"isPartOf\":{\"@id\":\"https:\/\/www.interiman-group.ch\/it\/chi-e-raymond-knigge-fondatore-di-interiman-group\/\"},\"author\":{\"name\":\"mabbet\",\"@id\":\"https:\/\/www.interiman-group.ch\/it\/#\/schema\/person\/6d4536c0fadd9a53bb7844aa8bc173de\"},\"headline\":\"Chi \u00e8 Raymond Knigge, fondatore di Interiman Group?\",\"datePublished\":\"2022-02-16T23:00:00+00:00\",\"dateModified\":\"2023-01-06T10:05:19+00:00\",\"mainEntityOfPage\":{\"@id\":\"https:\/\/www.interiman-group.ch\/it\/chi-e-raymond-knigge-fondatore-di-interiman-group\/\"},\"wordCount\":705,\"publisher\":{\"@id\":\"https:\/\/www.interiman-group.ch\/it\/#organization\"},\"image\":{\"@id\":\"https:\/\/www.interiman-group.ch\/it\/chi-e-raymond-knigge-fondatore-di-interiman-group\/#primaryimage\"},\"thumbnailUrl\":\"https:\/\/www.interiman-group.ch\/wp-content\/uploads\/2022\/02\/Raymond-Knigge-007.jpg\",\"keywords\":[\"Interiman Group\"],\"articleSection\":[\"Comunicati stampa\"],\"inLanguage\":\"it-IT\"},{\"@type\":\"WebPage\",\"@id\":\"https:\/\/www.interiman-group.ch\/it\/chi-e-raymond-knigge-fondatore-di-interiman-group\/\",\"url\":\"https:\/\/www.interiman-group.ch\/it\/chi-e-raymond-knigge-fondatore-di-interiman-group\/\",\"name\":\"Chi \u00e8 Raymond Knigge, fondatore di Interiman Group? - Interiman Group\",\"isPartOf\":{\"@id\":\"https:\/\/www.interiman-group.ch\/it\/#website\"},\"primaryImageOfPage\":{\"@id\":\"https:\/\/www.interiman-group.ch\/it\/chi-e-raymond-knigge-fondatore-di-interiman-group\/#primaryimage\"},\"image\":{\"@id\":\"https:\/\/www.interiman-group.ch\/it\/chi-e-raymond-knigge-fondatore-di-interiman-group\/#primaryimage\"},\"thumbnailUrl\":\"https:\/\/www.interiman-group.ch\/wp-content\/uploads\/2022\/02\/Raymond-Knigge-007.jpg\",\"datePublished\":\"2022-02-16T23:00:00+00:00\",\"dateModified\":\"2023-01-06T10:05:19+00:00\",\"breadcrumb\":{\"@id\":\"https:\/\/www.interiman-group.ch\/it\/chi-e-raymond-knigge-fondatore-di-interiman-group\/#breadcrumb\"},\"inLanguage\":\"it-IT\",\"potentialAction\":[{\"@type\":\"ReadAction\",\"target\":[\"https:\/\/www.interiman-group.ch\/it\/chi-e-raymond-knigge-fondatore-di-interiman-group\/\"]}]},{\"@type\":\"ImageObject\",\"inLanguage\":\"it-IT\",\"@id\":\"https:\/\/www.interiman-group.ch\/it\/chi-e-raymond-knigge-fondatore-di-interiman-group\/#primaryimage\",\"url\":\"https:\/\/www.interiman-group.ch\/wp-content\/uploads\/2022\/02\/Raymond-Knigge-007.jpg\",\"contentUrl\":\"https:\/\/www.interiman-group.ch\/wp-content\/uploads\/2022\/02\/Raymond-Knigge-007.jpg\",\"width\":1000,\"height\":667},{\"@type\":\"BreadcrumbList\",\"@id\":\"https:\/\/www.interiman-group.ch\/it\/chi-e-raymond-knigge-fondatore-di-interiman-group\/#breadcrumb\",\"itemListElement\":[{\"@type\":\"ListItem\",\"position\":1,\"name\":\"Accueil\",\"item\":\"https:\/\/www.interiman-group.ch\/it\/\"},{\"@type\":\"ListItem\",\"position\":2,\"name\":\"Chi \u00e8 Raymond Knigge, fondatore di Interiman Group?\"}]},{\"@type\":\"WebSite\",\"@id\":\"https:\/\/www.interiman-group.ch\/it\/#website\",\"url\":\"https:\/\/www.interiman-group.ch\/it\/\",\"name\":\"Interiman Group\",\"description\":\"\",\"publisher\":{\"@id\":\"https:\/\/www.interiman-group.ch\/it\/#organization\"},\"potentialAction\":[{\"@type\":\"SearchAction\",\"target\":{\"@type\":\"EntryPoint\",\"urlTemplate\":\"https:\/\/www.interiman-group.ch\/it\/?s={search_term_string}\"},\"query-input\":{\"@type\":\"PropertyValueSpecification\",\"valueRequired\":true,\"valueName\":\"search_term_string\"}}],\"inLanguage\":\"it-IT\"},{\"@type\":\"Organization\",\"@id\":\"https:\/\/www.interiman-group.ch\/it\/#organization\",\"name\":\"Interiman Group\",\"url\":\"https:\/\/www.interiman-group.ch\/it\/\",\"logo\":{\"@type\":\"ImageObject\",\"inLanguage\":\"it-IT\",\"@id\":\"https:\/\/www.interiman-group.ch\/it\/#\/schema\/logo\/image\/\",\"url\":\"https:\/\/www.interiman-group.ch\/wp-content\/uploads\/2022\/10\/igs-nav.png\",\"contentUrl\":\"https:\/\/www.interiman-group.ch\/wp-content\/uploads\/2022\/10\/igs-nav.png\",\"width\":157,\"height\":62,\"caption\":\"Interiman Group\"},\"image\":{\"@id\":\"https:\/\/www.interiman-group.ch\/it\/#\/schema\/logo\/image\/\"},\"sameAs\":[\"https:\/\/www.facebook.com\/Medicalis-1737325559702106\/\",\"https:\/\/www.linkedin.com\/company\/19057976\/\"]},{\"@type\":\"Person\",\"@id\":\"https:\/\/www.interiman-group.ch\/it\/#\/schema\/person\/6d4536c0fadd9a53bb7844aa8bc173de\",\"name\":\"mabbet\",\"image\":{\"@type\":\"ImageObject\",\"inLanguage\":\"it-IT\",\"@id\":\"https:\/\/www.interiman-group.ch\/it\/#\/schema\/person\/image\/\",\"url\":\"https:\/\/secure.gravatar.com\/avatar\/c9b8558dd936c0aabcc45d180fce99dccde96ff74ab27f8bbd6345c035cac21d?s=96&d=mm&r=g\",\"contentUrl\":\"https:\/\/secure.gravatar.com\/avatar\/c9b8558dd936c0aabcc45d180fce99dccde96ff74ab27f8bbd6345c035cac21d?s=96&d=mm&r=g\",\"caption\":\"mabbet\"},\"url\":\"https:\/\/www.interiman-group.ch\/it\/author\/mabbet\/\"}]}<\/script>\n<!-- \/ Yoast SEO plugin. -->","yoast_head_json":{"title":"Chi \u00e8 Raymond Knigge, fondatore di Interiman Group? - Interiman Group","robots":{"index":"index","follow":"follow","max-snippet":"max-snippet:-1","max-image-preview":"max-image-preview:large","max-video-preview":"max-video-preview:-1"},"canonical":"https:\/\/www.interiman-group.ch\/it\/chi-e-raymond-knigge-fondatore-di-interiman-group\/","og_locale":"it_IT","og_type":"article","og_title":"Chi \u00e8 Raymond Knigge, fondatore di Interiman Group? - Interiman Group","og_description":"A lui si deve la creazione, nel 1998, di Interiman Group, la cui crescita ininterrotta si protrae da quasi vent&#8217;anni, permettendole di conseguire un nuovo record di vendite nel 2021. Ma chi \u00e8 Raymond Knigge? \u00c8 celebre per il fiuto in materia di strategia commerciale, come anche per la capacit\u00e0 di reclutare le figure pi\u00f9 [...]Leggi tutto... from Chi \u00e8 Raymond Knigge, fondatore di Interiman Group?","og_url":"https:\/\/www.interiman-group.ch\/it\/chi-e-raymond-knigge-fondatore-di-interiman-group\/","og_site_name":"Interiman Group","article_publisher":"https:\/\/www.facebook.com\/Medicalis-1737325559702106\/","article_published_time":"2022-02-16T23:00:00+00:00","article_modified_time":"2023-01-06T10:05:19+00:00","og_image":[{"width":1000,"height":667,"url":"https:\/\/www.interiman-group.ch\/wp-content\/uploads\/2022\/02\/Raymond-Knigge-007.jpg","type":"image\/jpeg"}],"author":"mabbet","twitter_card":"summary_large_image","twitter_misc":{"Scritto da":"mabbet","Tempo di lettura stimato":"4 minuti"},"schema":{"@context":"https:\/\/schema.org","@graph":[{"@type":"Article","@id":"https:\/\/www.interiman-group.ch\/it\/chi-e-raymond-knigge-fondatore-di-interiman-group\/#article","isPartOf":{"@id":"https:\/\/www.interiman-group.ch\/it\/chi-e-raymond-knigge-fondatore-di-interiman-group\/"},"author":{"name":"mabbet","@id":"https:\/\/www.interiman-group.ch\/it\/#\/schema\/person\/6d4536c0fadd9a53bb7844aa8bc173de"},"headline":"Chi \u00e8 Raymond Knigge, fondatore di Interiman Group?","datePublished":"2022-02-16T23:00:00+00:00","dateModified":"2023-01-06T10:05:19+00:00","mainEntityOfPage":{"@id":"https:\/\/www.interiman-group.ch\/it\/chi-e-raymond-knigge-fondatore-di-interiman-group\/"},"wordCount":705,"publisher":{"@id":"https:\/\/www.interiman-group.ch\/it\/#organization"},"image":{"@id":"https:\/\/www.interiman-group.ch\/it\/chi-e-raymond-knigge-fondatore-di-interiman-group\/#primaryimage"},"thumbnailUrl":"https:\/\/www.interiman-group.ch\/wp-content\/uploads\/2022\/02\/Raymond-Knigge-007.jpg","keywords":["Interiman Group"],"articleSection":["Comunicati stampa"],"inLanguage":"it-IT"},{"@type":"WebPage","@id":"https:\/\/www.interiman-group.ch\/it\/chi-e-raymond-knigge-fondatore-di-interiman-group\/","url":"https:\/\/www.interiman-group.ch\/it\/chi-e-raymond-knigge-fondatore-di-interiman-group\/","name":"Chi \u00e8 Raymond Knigge, fondatore di Interiman Group? - Interiman Group","isPartOf":{"@id":"https:\/\/www.interiman-group.ch\/it\/#website"},"primaryImageOfPage":{"@id":"https:\/\/www.interiman-group.ch\/it\/chi-e-raymond-knigge-fondatore-di-interiman-group\/#primaryimage"},"image":{"@id":"https:\/\/www.interiman-group.ch\/it\/chi-e-raymond-knigge-fondatore-di-interiman-group\/#primaryimage"},"thumbnailUrl":"https:\/\/www.interiman-group.ch\/wp-content\/uploads\/2022\/02\/Raymond-Knigge-007.jpg","datePublished":"2022-02-16T23:00:00+00:00","dateModified":"2023-01-06T10:05:19+00:00","breadcrumb":{"@id":"https:\/\/www.interiman-group.ch\/it\/chi-e-raymond-knigge-fondatore-di-interiman-group\/#breadcrumb"},"inLanguage":"it-IT","potentialAction":[{"@type":"ReadAction","target":["https:\/\/www.interiman-group.ch\/it\/chi-e-raymond-knigge-fondatore-di-interiman-group\/"]}]},{"@type":"ImageObject","inLanguage":"it-IT","@id":"https:\/\/www.interiman-group.ch\/it\/chi-e-raymond-knigge-fondatore-di-interiman-group\/#primaryimage","url":"https:\/\/www.interiman-group.ch\/wp-content\/uploads\/2022\/02\/Raymond-Knigge-007.jpg","contentUrl":"https:\/\/www.interiman-group.ch\/wp-content\/uploads\/2022\/02\/Raymond-Knigge-007.jpg","width":1000,"height":667},{"@type":"BreadcrumbList","@id":"https:\/\/www.interiman-group.ch\/it\/chi-e-raymond-knigge-fondatore-di-interiman-group\/#breadcrumb","itemListElement":[{"@type":"ListItem","position":1,"name":"Accueil","item":"https:\/\/www.interiman-group.ch\/it\/"},{"@type":"ListItem","position":2,"name":"Chi \u00e8 Raymond Knigge, fondatore di Interiman Group?"}]},{"@type":"WebSite","@id":"https:\/\/www.interiman-group.ch\/it\/#website","url":"https:\/\/www.interiman-group.ch\/it\/","name":"Interiman Group","description":"","publisher":{"@id":"https:\/\/www.interiman-group.ch\/it\/#organization"},"potentialAction":[{"@type":"SearchAction","target":{"@type":"EntryPoint","urlTemplate":"https:\/\/www.interiman-group.ch\/it\/?s={search_term_string}"},"query-input":{"@type":"PropertyValueSpecification","valueRequired":true,"valueName":"search_term_string"}}],"inLanguage":"it-IT"},{"@type":"Organization","@id":"https:\/\/www.interiman-group.ch\/it\/#organization","name":"Interiman Group","url":"https:\/\/www.interiman-group.ch\/it\/","logo":{"@type":"ImageObject","inLanguage":"it-IT","@id":"https:\/\/www.interiman-group.ch\/it\/#\/schema\/logo\/image\/","url":"https:\/\/www.interiman-group.ch\/wp-content\/uploads\/2022\/10\/igs-nav.png","contentUrl":"https:\/\/www.interiman-group.ch\/wp-content\/uploads\/2022\/10\/igs-nav.png","width":157,"height":62,"caption":"Interiman Group"},"image":{"@id":"https:\/\/www.interiman-group.ch\/it\/#\/schema\/logo\/image\/"},"sameAs":["https:\/\/www.facebook.com\/Medicalis-1737325559702106\/","https:\/\/www.linkedin.com\/company\/19057976\/"]},{"@type":"Person","@id":"https:\/\/www.interiman-group.ch\/it\/#\/schema\/person\/6d4536c0fadd9a53bb7844aa8bc173de","name":"mabbet","image":{"@type":"ImageObject","inLanguage":"it-IT","@id":"https:\/\/www.interiman-group.ch\/it\/#\/schema\/person\/image\/","url":"https:\/\/secure.gravatar.com\/avatar\/c9b8558dd936c0aabcc45d180fce99dccde96ff74ab27f8bbd6345c035cac21d?s=96&d=mm&r=g","contentUrl":"https:\/\/secure.gravatar.com\/avatar\/c9b8558dd936c0aabcc45d180fce99dccde96ff74ab27f8bbd6345c035cac21d?s=96&d=mm&r=g","caption":"mabbet"},"url":"https:\/\/www.interiman-group.ch\/it\/author\/mabbet\/"}]}},"_links":{"self":[{"href":"https:\/\/www.interiman-group.ch\/it\/wp-json\/wp\/v2\/posts\/1257801","targetHints":{"allow":["GET"]}}],"collection":[{"href":"https:\/\/www.interiman-group.ch\/it\/wp-json\/wp\/v2\/posts"}],"about":[{"href":"https:\/\/www.interiman-group.ch\/it\/wp-json\/wp\/v2\/types\/post"}],"author":[{"embeddable":true,"href":"https:\/\/www.interiman-group.ch\/it\/wp-json\/wp\/v2\/users\/3"}],"replies":[{"embeddable":true,"href":"https:\/\/www.interiman-group.ch\/it\/wp-json\/wp\/v2\/comments?post=1257801"}],"version-history":[{"count":2,"href":"https:\/\/www.interiman-group.ch\/it\/wp-json\/wp\/v2\/posts\/1257801\/revisions"}],"predecessor-version":[{"id":1258304,"href":"https:\/\/www.interiman-group.ch\/it\/wp-json\/wp\/v2\/posts\/1257801\/revisions\/1258304"}],"wp:featuredmedia":[{"embeddable":true,"href":"https:\/\/www.interiman-group.ch\/it\/wp-json\/wp\/v2\/media\/1258316"}],"wp:attachment":[{"href":"https:\/\/www.interiman-group.ch\/it\/wp-json\/wp\/v2\/media?parent=1257801"}],"wp:term":[{"taxonomy":"category","embeddable":true,"href":"https:\/\/www.interiman-group.ch\/it\/wp-json\/wp\/v2\/categories?post=1257801"},{"taxonomy":"post_tag","embeddable":true,"href":"https:\/\/www.interiman-group.ch\/it\/wp-json\/wp\/v2\/tags?post=1257801"}],"curies":[{"name":"wp","href":"https:\/\/api.w.org\/{rel}","templated":true}]}}